{"id":133,"date":"2018-09-19T13:41:14","date_gmt":"2018-09-19T13:41:14","guid":{"rendered":"http:\/\/blog-napoleon-armengol.com\/?p=133"},"modified":"2024-01-24T12:28:25","modified_gmt":"2024-01-24T11:28:25","slug":"durante-el-mes-de-agosto-las-matriculaciones-han-aumentado-un-50","status":"publish","type":"post","link":"https:\/\/napoleon-armengol.com\/en\/durante-el-mes-de-agosto-las-matriculaciones-han-aumentado-un-50\/","title":{"rendered":"During the month of August, registrations have increased by 50%"},"content":{"rendered":"<p align=\"justify\">Bienvenidos un d\u00eda m\u00e1s a nuestro blog, en el nuevo art\u00edculo de hoy queremos hablar de un factor sorprendente que ha sucedido durante este verano, y es que seg\u00fan diferentes estudios se han dado cuenta de que durante el mes de agosto el n\u00famero de matriculaciones de autom\u00f3viles ha aumentado aproximadamente un cincuenta por ciento respecto al mes anterior, y esto no ha sido factor de la casualidad, sino que hay un factor que ha condicionado estas cifras.<\/p>\n<p>&nbsp;<\/p>\n<h2>Nuevo ciclo de homologaci\u00f3n de consumo y emisiones WLTP<\/h2>\n<p align=\"justify\">El d\u00eda uno de septiembre ha entrado en vigor el nuevo ciclo de homologaci\u00f3n de consumo y de emisiones WLTP, que es una normativa que pretende medir y reducir las emisiones de di\u00f3xido de carbono que emiten los diferentes veh\u00edculos, teniendo en cuenta datos de conducci\u00f3n reales por lo que \u00a0ayudar\u00e1 a simular una conducci\u00f3n m\u00e1s realista y a obtener unos datos m\u00e1s fiables.<\/p>\n<p align=\"justify\"><img loading=\"lazy\" decoding=\"async\" class=\"alignleft wp-image-135\" src=\"http:\/\/blog-napoleon-armengol.com\/wp-content\/uploads\/2018\/09\/wltp-2.jpg\" alt=\"\" width=\"477\" height=\"318\" srcset=\"https:\/\/napoleon-armengol.com\/wp-content\/uploads\/2018\/09\/wltp-2.jpg 960w, https:\/\/napoleon-armengol.com\/wp-content\/uploads\/2018\/09\/wltp-2-300x200.jpg 300w, https:\/\/napoleon-armengol.com\/wp-content\/uploads\/2018\/09\/wltp-2-768x512.jpg 768w\" sizes=\"auto, (max-width: 477px) 100vw, 477px\" \/>Esta nueva norma provoca que aproximadamente entre el diez y el veinte por ciento de veh\u00edculos que hoy en d\u00eda est\u00e1n exentos del Impuesto de Matriculaci\u00f3n por emitir menos de 120 gramos se vean obligados a liquidarlos de los concesionarios.<\/p>\n<p align=\"justify\">Por lo tanto este hecho ha provocado que durante el mes de agosto muchas marcas de autom\u00f3viles vendieran los coches de una forma muy econ\u00f3mica, y el resultado ha sido espectacular, ya que la marca de coches que m\u00e1s ha vendido ha sido Renault, que ha realizado 9.520 ventas, muy igualado con Kia que ha matriculado 9.455 coches, seguido por Fiat que ha vendido 7.403 y Volkswagen que ha vendido 6.715.<\/p>\n<p>&nbsp;<\/p>\n<h2>Renault y Kia, l\u00edderes en ventas durante el mes de agosto<\/h2>\n<p align=\"justify\">Kia y Renault son dos grandes marcas, que siempre est\u00e1n luchando por conseguir el mayor n\u00famero de ventas posibles, pero esta vez ha ganado Renault, aunque con muy poca diferencia.<\/p>\n<p align=\"justify\">El modelo m\u00e1s vendido de la marca Kia, ha sido el Kia Carens, con 5.114 matriculaciones, y esto ha sido a causa la entrada del WLTP, pero no ha sido el \u00fanico factor que ha provocado esto, sino que tambi\u00e9n ha influido que el motor de este coche se vende con motorizaci\u00f3n diesel y es un monovolumen.<\/p>\n<p align=\"justify\">En el mix de ventas el gas\u00f3leo ha frenado su ca\u00edda circunstancialmente, pasando del 36% de julio al 37,4% de agosto. En el acumulado la proporci\u00f3n queda en un 57,1% de gasolina frente un 36,9% de di\u00e9sel. El 5,9% restante se correspondi\u00f3 con ventas de h\u00edbridos y el\u00e9ctricos.<\/p>\n<p>&nbsp;<\/p>\n<p align=\"justify\">Fountain: <a href=\"http:\/\/www.expansion.com\/empresas\/motor\/2018\/09\/03\/5b8cff96e2704e52938b458d.html\">http:\/\/www.expansion.com\/empresas\/motor\/2018\/09\/03\/5b8cff96e2704e52938b458d.html<\/a><\/p>","protected":false},"excerpt":{"rendered":"<p>Bienvenidos un d\u00eda m\u00e1s a nuestro blog, en el nuevo art\u00edculo de hoy queremos hablar de un factor sorprendente que ha sucedido durante este verano, y es que seg\u00fan diferentes estudios se han dado cuenta de que durante el mes de agosto el n\u00famero de matriculaciones de autom\u00f3viles ha aumentado aproximadamente un cincuenta por ciento&#8230;<\/p>","protected":false},"author":1,"featured_media":134,"comment_status":"closed","ping_status":"closed","sticky":false,"template":"","format":"standard","meta":{"_acf_changed":false,"_kad_blocks_custom_css":"","_kad_blocks_head_custom_js":"","_kad_blocks_body_custom_js":"","_kad_blocks_footer_custom_js":"","_kad_post_transparent":"","_kad_post_title":"","_kad_post_layout":"","_kad_post_sidebar_id":"","_kad_post_content_style":"","_kad_post_vertical_padding":"","_kad_post_feature":"","_kad_post_feature_position":"","_kad_post_header":false,"_kad_post_footer":false,"footnotes":""},"categories":[68],"tags":[190,191,192,124,165,146,193,194,102],"class_list":["post-133","post","type-post","status-publish","format-standard","has-post-thumbnail","hentry","category-coche-eletrico","tag-automocion","tag-coches","tag-diesel","tag-empresa","tag-empresas","tag-energia","tag-gasoleo","tag-gasolina","tag-soluciones"],"acf":[],"yoast_head":"<!-- This site is optimized with the Yoast SEO plugin v27.4 - https:\/\/yoast.com\/product\/yoast-seo-wordpress\/ -->\n<title>Durante el mes de agosto las matriculaciones han aumentado un 50% - Armengol<\/title>\n<meta name=\"robots\" content=\"index, follow, max-snippet:-1, max-image-preview:large, max-video-preview:-1\" \/>\n<link rel=\"canonical\" href=\"https:\/\/napoleon-armengol.com\/en\/durante-el-mes-de-agosto-las-matriculaciones-han-aumentado-un-50\/\" \/>\n<meta property=\"og:locale\" content=\"en_GB\" \/>\n<meta property=\"og:type\" content=\"article\" \/>\n<meta property=\"og:title\" content=\"Durante el mes de agosto las matriculaciones han aumentado un 50% - Armengol\" \/>\n<meta property=\"og:description\" content=\"Bienvenidos un d\u00eda m\u00e1s a nuestro blog, en el nuevo art\u00edculo de hoy queremos hablar de un factor sorprendente que ha sucedido durante este verano, y es que seg\u00fan diferentes estudios se han dado cuenta de que durante el mes de agosto el n\u00famero de matriculaciones de autom\u00f3viles ha aumentado aproximadamente un cincuenta por ciento...\" \/>\n<meta property=\"og:url\" content=\"https:\/\/napoleon-armengol.com\/en\/durante-el-mes-de-agosto-las-matriculaciones-han-aumentado-un-50\/\" \/>\n<meta property=\"og:site_name\" content=\"Armengol\" \/>\n<meta property=\"article:published_time\" content=\"2018-09-19T13:41:14+00:00\" \/>\n<meta property=\"article:modified_time\" content=\"2024-01-24T11:28:25+00:00\" \/>\n<meta property=\"og:image\" content=\"https:\/\/napoleon-armengol.com\/wp-content\/uploads\/2018\/09\/wltp-1.jpg\" \/>\n\t<meta property=\"og:image:width\" content=\"960\" \/>\n\t<meta property=\"og:image:height\" content=\"640\" \/>\n\t<meta property=\"og:image:type\" content=\"image\/jpeg\" \/>\n<meta name=\"author\" content=\"admin\" \/>\n<meta name=\"twitter:card\" content=\"summary_large_image\" \/>\n<meta name=\"twitter:label1\" content=\"Written by\" \/>\n\t<meta name=\"twitter:data1\" content=\"admin\" \/>\n\t<meta name=\"twitter:label2\" content=\"Estimated reading time\" \/>\n\t<meta name=\"twitter:data2\" content=\"2 minutes\" \/>\n<script type=\"application\/ld+json\" class=\"yoast-schema-graph\">{\"@context\":\"https:\\\/\\\/schema.org\",\"@graph\":[{\"@type\":\"Article\",\"@id\":\"https:\\\/\\\/napoleon-armengol.com\\\/durante-el-mes-de-agosto-las-matriculaciones-han-aumentado-un-50\\\/#article\",\"isPartOf\":{\"@id\":\"https:\\\/\\\/napoleon-armengol.com\\\/durante-el-mes-de-agosto-las-matriculaciones-han-aumentado-un-50\\\/\"},\"author\":{\"name\":\"admin\",\"@id\":\"https:\\\/\\\/napoleon-armengol.com\\\/#\\\/schema\\\/person\\\/e558fc54676c8886a95c89646b733a67\"},\"headline\":\"Durante el mes de agosto las matriculaciones han aumentado un 50%\",\"datePublished\":\"2018-09-19T13:41:14+00:00\",\"dateModified\":\"2024-01-24T11:28:25+00:00\",\"mainEntityOfPage\":{\"@id\":\"https:\\\/\\\/napoleon-armengol.com\\\/durante-el-mes-de-agosto-las-matriculaciones-han-aumentado-un-50\\\/\"},\"wordCount\":458,\"publisher\":{\"@id\":\"https:\\\/\\\/napoleon-armengol.com\\\/#organization\"},\"image\":{\"@id\":\"https:\\\/\\\/napoleon-armengol.com\\\/durante-el-mes-de-agosto-las-matriculaciones-han-aumentado-un-50\\\/#primaryimage\"},\"thumbnailUrl\":\"https:\\\/\\\/napoleon-armengol.com\\\/wp-content\\\/uploads\\\/2018\\\/09\\\/wltp-1.jpg\",\"keywords\":[\"automoci\u00f3n\",\"coches\",\"diesel\",\"empresa\",\"empresas\",\"energ\u00eda\",\"gas\u00f3leo\",\"gasolina\",\"soluciones\"],\"articleSection\":[\"Coche el\u00e9trico\"],\"inLanguage\":\"en-GB\"},{\"@type\":\"WebPage\",\"@id\":\"https:\\\/\\\/napoleon-armengol.com\\\/durante-el-mes-de-agosto-las-matriculaciones-han-aumentado-un-50\\\/\",\"url\":\"https:\\\/\\\/napoleon-armengol.com\\\/durante-el-mes-de-agosto-las-matriculaciones-han-aumentado-un-50\\\/\",\"name\":\"Durante el mes de agosto las matriculaciones han aumentado un 50% - Armengol\",\"isPartOf\":{\"@id\":\"https:\\\/\\\/napoleon-armengol.com\\\/#website\"},\"primaryImageOfPage\":{\"@id\":\"https:\\\/\\\/napoleon-armengol.com\\\/durante-el-mes-de-agosto-las-matriculaciones-han-aumentado-un-50\\\/#primaryimage\"},\"image\":{\"@id\":\"https:\\\/\\\/napoleon-armengol.com\\\/durante-el-mes-de-agosto-las-matriculaciones-han-aumentado-un-50\\\/#primaryimage\"},\"thumbnailUrl\":\"https:\\\/\\\/napoleon-armengol.com\\\/wp-content\\\/uploads\\\/2018\\\/09\\\/wltp-1.jpg\",\"datePublished\":\"2018-09-19T13:41:14+00:00\",\"dateModified\":\"2024-01-24T11:28:25+00:00\",\"breadcrumb\":{\"@id\":\"https:\\\/\\\/napoleon-armengol.com\\\/durante-el-mes-de-agosto-las-matriculaciones-han-aumentado-un-50\\\/#breadcrumb\"},\"inLanguage\":\"en-GB\",\"potentialAction\":[{\"@type\":\"ReadAction\",\"target\":[\"https:\\\/\\\/napoleon-armengol.com\\\/durante-el-mes-de-agosto-las-matriculaciones-han-aumentado-un-50\\\/\"]}]},{\"@type\":\"ImageObject\",\"inLanguage\":\"en-GB\",\"@id\":\"https:\\\/\\\/napoleon-armengol.com\\\/durante-el-mes-de-agosto-las-matriculaciones-han-aumentado-un-50\\\/#primaryimage\",\"url\":\"https:\\\/\\\/napoleon-armengol.com\\\/wp-content\\\/uploads\\\/2018\\\/09\\\/wltp-1.jpg\",\"contentUrl\":\"https:\\\/\\\/napoleon-armengol.com\\\/wp-content\\\/uploads\\\/2018\\\/09\\\/wltp-1.jpg\",\"width\":960,\"height\":640},{\"@type\":\"BreadcrumbList\",\"@id\":\"https:\\\/\\\/napoleon-armengol.com\\\/durante-el-mes-de-agosto-las-matriculaciones-han-aumentado-un-50\\\/#breadcrumb\",\"itemListElement\":[{\"@type\":\"ListItem\",\"position\":1,\"name\":\"Portada\",\"item\":\"https:\\\/\\\/napoleon-armengol.com\\\/\"},{\"@type\":\"ListItem\",\"position\":2,\"name\":\"Durante el mes de agosto las matriculaciones han aumentado un 50%\"}]},{\"@type\":\"WebSite\",\"@id\":\"https:\\\/\\\/napoleon-armengol.com\\\/#website\",\"url\":\"https:\\\/\\\/napoleon-armengol.com\\\/\",\"name\":\"Armengol\",\"description\":\"Seguridad y especializaci\u00f3n\",\"publisher\":{\"@id\":\"https:\\\/\\\/napoleon-armengol.com\\\/#organization\"},\"potentialAction\":[{\"@type\":\"SearchAction\",\"target\":{\"@type\":\"EntryPoint\",\"urlTemplate\":\"https:\\\/\\\/napoleon-armengol.com\\\/?s={search_term_string}\"},\"query-input\":{\"@type\":\"PropertyValueSpecification\",\"valueRequired\":true,\"valueName\":\"search_term_string\"}}],\"inLanguage\":\"en-GB\"},{\"@type\":\"Organization\",\"@id\":\"https:\\\/\\\/napoleon-armengol.com\\\/#organization\",\"name\":\"Armengol\",\"url\":\"https:\\\/\\\/napoleon-armengol.com\\\/\",\"logo\":{\"@type\":\"ImageObject\",\"inLanguage\":\"en-GB\",\"@id\":\"https:\\\/\\\/napoleon-armengol.com\\\/#\\\/schema\\\/logo\\\/image\\\/\",\"url\":\"https:\\\/\\\/napoleon-armengol.com\\\/wp-content\\\/uploads\\\/2023\\\/04\\\/LOGO-ARMENGOL.png\",\"contentUrl\":\"https:\\\/\\\/napoleon-armengol.com\\\/wp-content\\\/uploads\\\/2023\\\/04\\\/LOGO-ARMENGOL.png\",\"width\":460,\"height\":81,\"caption\":\"Armengol\"},\"image\":{\"@id\":\"https:\\\/\\\/napoleon-armengol.com\\\/#\\\/schema\\\/logo\\\/image\\\/\"}},{\"@type\":\"Person\",\"@id\":\"https:\\\/\\\/napoleon-armengol.com\\\/#\\\/schema\\\/person\\\/e558fc54676c8886a95c89646b733a67\",\"name\":\"admin\",\"sameAs\":[\"http:\\\/\\\/napoleon-armengol.com\"],\"url\":\"https:\\\/\\\/napoleon-armengol.com\\\/en\\\/author\\\/admin_5wnh1vf4\\\/\"}]}<\/script>\n<!-- \/ Yoast SEO plugin. -->","yoast_head_json":{"title":"Durante el mes de agosto las matriculaciones han aumentado un 50% - Armengol","robots":{"index":"index","follow":"follow","max-snippet":"max-snippet:-1","max-image-preview":"max-image-preview:large","max-video-preview":"max-video-preview:-1"},"canonical":"https:\/\/napoleon-armengol.com\/en\/durante-el-mes-de-agosto-las-matriculaciones-han-aumentado-un-50\/","og_locale":"en_GB","og_type":"article","og_title":"Durante el mes de agosto las matriculaciones han aumentado un 50% - Armengol","og_description":"Bienvenidos un d\u00eda m\u00e1s a nuestro blog, en el nuevo art\u00edculo de hoy queremos hablar de un factor sorprendente que ha sucedido durante este verano, y es que seg\u00fan diferentes estudios se han dado cuenta de que durante el mes de agosto el n\u00famero de matriculaciones de autom\u00f3viles ha aumentado aproximadamente un cincuenta por ciento...","og_url":"https:\/\/napoleon-armengol.com\/en\/durante-el-mes-de-agosto-las-matriculaciones-han-aumentado-un-50\/","og_site_name":"Armengol","article_published_time":"2018-09-19T13:41:14+00:00","article_modified_time":"2024-01-24T11:28:25+00:00","og_image":[{"width":960,"height":640,"url":"https:\/\/napoleon-armengol.com\/wp-content\/uploads\/2018\/09\/wltp-1.jpg","type":"image\/jpeg"}],"author":"admin","twitter_card":"summary_large_image","twitter_misc":{"Written by":"admin","Estimated reading time":"2 minutes"},"schema":{"@context":"https:\/\/schema.org","@graph":[{"@type":"Article","@id":"https:\/\/napoleon-armengol.com\/durante-el-mes-de-agosto-las-matriculaciones-han-aumentado-un-50\/#article","isPartOf":{"@id":"https:\/\/napoleon-armengol.com\/durante-el-mes-de-agosto-las-matriculaciones-han-aumentado-un-50\/"},"author":{"name":"admin","@id":"https:\/\/napoleon-armengol.com\/#\/schema\/person\/e558fc54676c8886a95c89646b733a67"},"headline":"Durante el mes de agosto las matriculaciones han aumentado un 50%","datePublished":"2018-09-19T13:41:14+00:00","dateModified":"2024-01-24T11:28:25+00:00","mainEntityOfPage":{"@id":"https:\/\/napoleon-armengol.com\/durante-el-mes-de-agosto-las-matriculaciones-han-aumentado-un-50\/"},"wordCount":458,"publisher":{"@id":"https:\/\/napoleon-armengol.com\/#organization"},"image":{"@id":"https:\/\/napoleon-armengol.com\/durante-el-mes-de-agosto-las-matriculaciones-han-aumentado-un-50\/#primaryimage"},"thumbnailUrl":"https:\/\/napoleon-armengol.com\/wp-content\/uploads\/2018\/09\/wltp-1.jpg","keywords":["automoci\u00f3n","coches","diesel","empresa","empresas","energ\u00eda","gas\u00f3leo","gasolina","soluciones"],"articleSection":["Coche el\u00e9trico"],"inLanguage":"en-GB"},{"@type":"WebPage","@id":"https:\/\/napoleon-armengol.com\/durante-el-mes-de-agosto-las-matriculaciones-han-aumentado-un-50\/","url":"https:\/\/napoleon-armengol.com\/durante-el-mes-de-agosto-las-matriculaciones-han-aumentado-un-50\/","name":"Durante el mes de agosto las matriculaciones han aumentado un 50% - Armengol","isPartOf":{"@id":"https:\/\/napoleon-armengol.com\/#website"},"primaryImageOfPage":{"@id":"https:\/\/napoleon-armengol.com\/durante-el-mes-de-agosto-las-matriculaciones-han-aumentado-un-50\/#primaryimage"},"image":{"@id":"https:\/\/napoleon-armengol.com\/durante-el-mes-de-agosto-las-matriculaciones-han-aumentado-un-50\/#primaryimage"},"thumbnailUrl":"https:\/\/napoleon-armengol.com\/wp-content\/uploads\/2018\/09\/wltp-1.jpg","datePublished":"2018-09-19T13:41:14+00:00","dateModified":"2024-01-24T11:28:25+00:00","breadcrumb":{"@id":"https:\/\/napoleon-armengol.com\/durante-el-mes-de-agosto-las-matriculaciones-han-aumentado-un-50\/#breadcrumb"},"inLanguage":"en-GB","potentialAction":[{"@type":"ReadAction","target":["https:\/\/napoleon-armengol.com\/durante-el-mes-de-agosto-las-matriculaciones-han-aumentado-un-50\/"]}]},{"@type":"ImageObject","inLanguage":"en-GB","@id":"https:\/\/napoleon-armengol.com\/durante-el-mes-de-agosto-las-matriculaciones-han-aumentado-un-50\/#primaryimage","url":"https:\/\/napoleon-armengol.com\/wp-content\/uploads\/2018\/09\/wltp-1.jpg","contentUrl":"https:\/\/napoleon-armengol.com\/wp-content\/uploads\/2018\/09\/wltp-1.jpg","width":960,"height":640},{"@type":"BreadcrumbList","@id":"https:\/\/napoleon-armengol.com\/durante-el-mes-de-agosto-las-matriculaciones-han-aumentado-un-50\/#breadcrumb","itemListElement":[{"@type":"ListItem","position":1,"name":"Portada","item":"https:\/\/napoleon-armengol.com\/"},{"@type":"ListItem","position":2,"name":"Durante el mes de agosto las matriculaciones han aumentado un 50%"}]},{"@type":"WebSite","@id":"https:\/\/napoleon-armengol.com\/#website","url":"https:\/\/napoleon-armengol.com\/","name":"Armengol","description":"Seguridad y especializaci\u00f3n","publisher":{"@id":"https:\/\/napoleon-armengol.com\/#organization"},"potentialAction":[{"@type":"SearchAction","target":{"@type":"EntryPoint","urlTemplate":"https:\/\/napoleon-armengol.com\/?s={search_term_string}"},"query-input":{"@type":"PropertyValueSpecification","valueRequired":true,"valueName":"search_term_string"}}],"inLanguage":"en-GB"},{"@type":"Organization","@id":"https:\/\/napoleon-armengol.com\/#organization","name":"Armengol","url":"https:\/\/napoleon-armengol.com\/","logo":{"@type":"ImageObject","inLanguage":"en-GB","@id":"https:\/\/napoleon-armengol.com\/#\/schema\/logo\/image\/","url":"https:\/\/napoleon-armengol.com\/wp-content\/uploads\/2023\/04\/LOGO-ARMENGOL.png","contentUrl":"https:\/\/napoleon-armengol.com\/wp-content\/uploads\/2023\/04\/LOGO-ARMENGOL.png","width":460,"height":81,"caption":"Armengol"},"image":{"@id":"https:\/\/napoleon-armengol.com\/#\/schema\/logo\/image\/"}},{"@type":"Person","@id":"https:\/\/napoleon-armengol.com\/#\/schema\/person\/e558fc54676c8886a95c89646b733a67","name":"admin","sameAs":["http:\/\/napoleon-armengol.com"],"url":"https:\/\/napoleon-armengol.com\/en\/author\/admin_5wnh1vf4\/"}]}},"taxonomy_info":{"category":[{"value":68,"label":"Coche el\u00e9trico"}],"post_tag":[{"value":190,"label":"automoci\u00f3n"},{"value":191,"label":"coches"},{"value":192,"label":"diesel"},{"value":124,"label":"empresa"},{"value":165,"label":"empresas"},{"value":146,"label":"energ\u00eda"},{"value":193,"label":"gas\u00f3leo"},{"value":194,"label":"gasolina"},{"value":102,"label":"soluciones"}]},"featured_image_src_large":["https:\/\/napoleon-armengol.com\/wp-content\/uploads\/2018\/09\/wltp-1.jpg",960,640,false],"author_info":{"display_name":"admin","author_link":"https:\/\/napoleon-armengol.com\/en\/author\/admin_5wnh1vf4\/"},"comment_info":0,"category_info":[{"term_id":68,"name":"Coche el\u00e9trico","slug":"coche-eletrico","term_group":0,"term_taxonomy_id":68,"taxonomy":"category","description":"","parent":0,"count":63,"filter":"raw","term_order":"0","cat_ID":68,"category_count":63,"category_description":"","cat_name":"Coche el\u00e9trico","category_nicename":"coche-eletrico","category_parent":0}],"tag_info":[{"term_id":190,"name":"automoci\u00f3n","slug":"automocion","term_group":0,"term_taxonomy_id":190,"taxonomy":"post_tag","description":"","parent":0,"count":1,"filter":"raw","term_order":"0"},{"term_id":191,"name":"coches","slug":"coches","term_group":0,"term_taxonomy_id":191,"taxonomy":"post_tag","description":"","parent":0,"count":2,"filter":"raw","term_order":"0"},{"term_id":192,"name":"diesel","slug":"diesel","term_group":0,"term_taxonomy_id":192,"taxonomy":"post_tag","description":"","parent":0,"count":2,"filter":"raw","term_order":"0"},{"term_id":124,"name":"empresa","slug":"empresa","term_group":0,"term_taxonomy_id":124,"taxonomy":"post_tag","description":"","parent":0,"count":24,"filter":"raw","term_order":"0"},{"term_id":165,"name":"empresas","slug":"empresas","term_group":0,"term_taxonomy_id":165,"taxonomy":"post_tag","description":"","parent":0,"count":13,"filter":"raw","term_order":"0"},{"term_id":146,"name":"energ\u00eda","slug":"energia","term_group":0,"term_taxonomy_id":146,"taxonomy":"post_tag","description":"","parent":0,"count":18,"filter":"raw","term_order":"0"},{"term_id":193,"name":"gas\u00f3leo","slug":"gasoleo","term_group":0,"term_taxonomy_id":193,"taxonomy":"post_tag","description":"","parent":0,"count":1,"filter":"raw","term_order":"0"},{"term_id":194,"name":"gasolina","slug":"gasolina","term_group":0,"term_taxonomy_id":194,"taxonomy":"post_tag","description":"","parent":0,"count":1,"filter":"raw","term_order":"0"},{"term_id":102,"name":"soluciones","slug":"soluciones","term_group":0,"term_taxonomy_id":102,"taxonomy":"post_tag","description":"","parent":0,"count":32,"filter":"raw","term_order":"0"}],"_links":{"self":[{"href":"https:\/\/napoleon-armengol.com\/en\/wp-json\/wp\/v2\/posts\/133","targetHints":{"allow":["GET"]}}],"collection":[{"href":"https:\/\/napoleon-armengol.com\/en\/wp-json\/wp\/v2\/posts"}],"about":[{"href":"https:\/\/napoleon-armengol.com\/en\/wp-json\/wp\/v2\/types\/post"}],"author":[{"embeddable":true,"href":"https:\/\/napoleon-armengol.com\/en\/wp-json\/wp\/v2\/users\/1"}],"replies":[{"embeddable":true,"href":"https:\/\/napoleon-armengol.com\/en\/wp-json\/wp\/v2\/comments?post=133"}],"version-history":[{"count":1,"href":"https:\/\/napoleon-armengol.com\/en\/wp-json\/wp\/v2\/posts\/133\/revisions"}],"predecessor-version":[{"id":2368,"href":"https:\/\/napoleon-armengol.com\/en\/wp-json\/wp\/v2\/posts\/133\/revisions\/2368"}],"wp:featuredmedia":[{"embeddable":true,"href":"https:\/\/napoleon-armengol.com\/en\/wp-json\/wp\/v2\/media\/134"}],"wp:attachment":[{"href":"https:\/\/napoleon-armengol.com\/en\/wp-json\/wp\/v2\/media?parent=133"}],"wp:term":[{"taxonomy":"category","embeddable":true,"href":"https:\/\/napoleon-armengol.com\/en\/wp-json\/wp\/v2\/categories?post=133"},{"taxonomy":"post_tag","embeddable":true,"href":"https:\/\/napoleon-armengol.com\/en\/wp-json\/wp\/v2\/tags?post=133"}],"curies":[{"name":"wp","href":"https:\/\/api.w.org\/{rel}","templated":true}]}}