{"id":137,"date":"2018-09-13T13:49:42","date_gmt":"2018-09-13T13:49:42","guid":{"rendered":"http:\/\/blog-napoleon-armengol.com\/?p=137"},"modified":"2024-01-24T12:28:34","modified_gmt":"2024-01-24T11:28:34","slug":"las-carreteras-de-europa-se-llenan-de-puntos-de-recarga-para-los-coches-electricos","status":"publish","type":"post","link":"https:\/\/napoleon-armengol.com\/en\/las-carreteras-de-europa-se-llenan-de-puntos-de-recarga-para-los-coches-electricos\/","title":{"rendered":"Europe&#039;s roads are filled with charging points for electric cars"},"content":{"rendered":"<p align=\"justify\">Aunque los coches el\u00e9ctricos se est\u00e1n convirtiendo poco a poco en una de las mejores opciones, lo cierto es que la mayor\u00eda de personas que buscamos un veh\u00edculo preferimos otro tipo de motor por un solo motivo: la autonom\u00eda. Todav\u00eda pensamos que este tipo de coches no son ideales para nosotros debido a que creemos que no podremos llegar muy lejos con ellos, lo que no sabemos es que al igual que existe infinidad de gasolineras, cada vez hay m\u00e1s puntos de carga de coches el\u00e9ctricos.<\/p>\n<p align=\"justify\">Es importante que tengamos en cuenta que, los fabricantes de coches el\u00e9ctricos est\u00e1n innovando constantemente con tal de que sus veh\u00edculos tengan cada vez mayor autonom\u00eda y sean de una gama y calidad superior a todos los que conocemos hasta ahora. Por esta raz\u00f3n, debemos tener en cuenta que disponer de un coche el\u00e9ctrico es una de las mejores opciones que podemos tomar tanto para ahora como para nuestro futuro.<\/p>\n<p align=\"justify\">El lugar donde se est\u00e1n creciendo m\u00e1s los puntos de carga en la actualidad es Suiza, pero lo cierto es que en pocos a\u00f1os todos los pa\u00edses de Europa dispondr\u00e1n de una gran cantidad de cargas m\u00e1s que actualmente.<\/p>\n<h2>La soluci\u00f3n al problema<\/h2>\n<p align=\"justify\">Como los fabricantes de coches el\u00e9ctricos conocen la raz\u00f3n principal por la que la sociedad actual no compra m\u00e1s ese tipo de veh\u00edculos, est\u00e1n dispuestos a llenar las carreteras de Europa de distintos puntos de recarga. Adem\u00e1s, estos puntos ser\u00e1n cada vez m\u00e1s r\u00e1pidos a la vez que eficientes.<\/p>\n<p align=\"justify\"><img loading=\"lazy\" decoding=\"async\" class=\"size-full wp-image-139 aligncenter\" src=\"http:\/\/blog-napoleon-armengol.com\/wp-content\/uploads\/2018\/09\/estacionamiento_1127-2914.jpg\" alt=\"\" width=\"626\" height=\"417\" srcset=\"https:\/\/napoleon-armengol.com\/wp-content\/uploads\/2018\/09\/estacionamiento_1127-2914.jpg 626w, https:\/\/napoleon-armengol.com\/wp-content\/uploads\/2018\/09\/estacionamiento_1127-2914-300x200.jpg 300w\" sizes=\"auto, (max-width: 626px) 100vw, 626px\" \/><\/p>\n<p align=\"justify\">Cuando nos decidimos a hacer un largo trayecto en coche, dif\u00edcilmente pensamos en la idea de quedarnos sin gasolina, ya que si es as\u00ed, siempre tendremos una gasolinera cerca para repostar. Con los coches el\u00e9ctricos pasa algo muy distinto, ya que siempre creemos que va a ser casi imposible encontrar un lugar donde recargarlo.<\/p>\n<p align=\"justify\">Adem\u00e1s, tanto las bater\u00edas como otros componentes de estos veh\u00edculos se est\u00e1n investigando con tal de conseguir unos coches el\u00e9ctricos m\u00e1s eficientes y que no necesiten tanta recarga. Muchas empresas ya lo est\u00e1n consiguiendo y actualmente hay en el mercado veh\u00edculos totalmente equipados para garantizar tanto nuestra seguridad como su tiempo de carga.<\/p>\n<h2>Suiza y sus 300 estaciones de carga<\/h2>\n<p align=\"justify\">Si nos centramos en un pa\u00eds pionero en este tipo de infraestructuras debemos pensar en Suiza. Un ejemplo de ellos es que actualmente, es totalmente factible recorrer des del principio hasta el final la denominada Gran Ruta Suiza de la mano de un coche el\u00e9ctrico. En esta ruta con encontraremos con una red de 300 estaciones de carga que nos permitir\u00e1n realizar los 1.600 kil\u00f3metros que dura dicho recorrido.<\/p>\n<p align=\"justify\">Cabe destacar que en esta ruta, podemos encontrar un total de 5 pueblos alpinos, 22 lagos y 12 patrimonios mundiales de la Unesco. Por supuesto, esta ruta se puede realizar con cualquier tipo de veh\u00edculo convencional, pero es importante saber que actualmente se puede realizar por completo con cualquier coche el\u00e9ctrico del mercado.<\/p>\n<p align=\"justify\">Fountain: <a href=\"https:\/\/motor.elpais.com\/actualidad\/el-coche-electrico-derriba-fronteras-un-viaje-de-1-600-kilometros\/\">https:\/\/motor.elpais.com\/actualidad\/el-coche-electrico-derriba-fronteras-un-viaje-de-1-600-kilometros\/<\/a><\/p>","protected":false},"excerpt":{"rendered":"<p>Aunque los coches el\u00e9ctricos se est\u00e1n convirtiendo poco a poco en una de las mejores opciones, lo cierto es que la mayor\u00eda de personas que buscamos un veh\u00edculo preferimos otro tipo de motor por un solo motivo: la autonom\u00eda. Todav\u00eda pensamos que este tipo de coches no son ideales para nosotros debido a que creemos&#8230;<\/p>","protected":false},"author":1,"featured_media":138,"comment_status":"closed","ping_status":"closed","sticky":false,"template":"","format":"standard","meta":{"_acf_changed":false,"_kad_blocks_custom_css":"","_kad_blocks_head_custom_js":"","_kad_blocks_body_custom_js":"","_kad_blocks_footer_custom_js":"","_kad_post_transparent":"","_kad_post_title":"","_kad_post_layout":"","_kad_post_sidebar_id":"","_kad_post_content_style":"","_kad_post_vertical_padding":"","_kad_post_feature":"","_kad_post_feature_position":"","_kad_post_header":false,"_kad_post_footer":false,"footnotes":""},"categories":[68],"tags":[96,128,95,97,106,131,133,98,124,149,135,110,100,111,195,102,113,196,103,114,115],"class_list":["post-137","post","type-post","status-publish","format-standard","has-post-thumbnail","hentry","category-coche-eletrico","tag-ahorro-energetico","tag-aumentar","tag-coche-electrico","tag-coches-electricos","tag-contaminacion","tag-creciendo","tag-descenso","tag-eficiencia-energetica","tag-empresa","tag-energias-renovables","tag-inversion","tag-medio-ambiente","tag-movilidad-electrica","tag-movilidad-sostenible","tag-puntos-de-carga","tag-soluciones","tag-sostenible","tag-suiza","tag-union-europea","tag-vehiculos","tag-vehiculos-electricos"],"acf":[],"yoast_head":"<!-- This site is optimized with the Yoast SEO plugin v27.4 - https:\/\/yoast.com\/product\/yoast-seo-wordpress\/ -->\n<title>Las carreteras de Europa se llenan de puntos de recarga para los coches el\u00e9ctricos - Armengol<\/title>\n<meta name=\"robots\" content=\"index, follow, max-snippet:-1, max-image-preview:large, max-video-preview:-1\" \/>\n<link rel=\"canonical\" href=\"https:\/\/napoleon-armengol.com\/en\/las-carreteras-de-europa-se-llenan-de-puntos-de-recarga-para-los-coches-electricos\/\" \/>\n<meta property=\"og:locale\" content=\"en_GB\" \/>\n<meta property=\"og:type\" content=\"article\" \/>\n<meta property=\"og:title\" content=\"Las carreteras de Europa se llenan de puntos de recarga para los coches el\u00e9ctricos - Armengol\" \/>\n<meta property=\"og:description\" content=\"Aunque los coches el\u00e9ctricos se est\u00e1n convirtiendo poco a poco en una de las mejores opciones, lo cierto es que la mayor\u00eda de personas que buscamos un veh\u00edculo preferimos otro tipo de motor por un solo motivo: la autonom\u00eda. Todav\u00eda pensamos que este tipo de coches no son ideales para nosotros debido a que creemos...\" \/>\n<meta property=\"og:url\" content=\"https:\/\/napoleon-armengol.com\/en\/las-carreteras-de-europa-se-llenan-de-puntos-de-recarga-para-los-coches-electricos\/\" \/>\n<meta property=\"og:site_name\" content=\"Armengol\" \/>\n<meta property=\"article:published_time\" content=\"2018-09-13T13:49:42+00:00\" \/>\n<meta property=\"article:modified_time\" content=\"2024-01-24T11:28:34+00:00\" \/>\n<meta property=\"og:image\" content=\"https:\/\/napoleon-armengol.com\/wp-content\/uploads\/2018\/09\/nuevo-auto-suv-de-lujo-estacionado-en-la-sala-de-exposicion-para-la-venta_33867-69.jpg\" \/>\n\t<meta property=\"og:image:width\" content=\"626\" \/>\n\t<meta property=\"og:image:height\" content=\"383\" \/>\n\t<meta property=\"og:image:type\" content=\"image\/jpeg\" \/>\n<meta name=\"author\" content=\"admin\" \/>\n<meta name=\"twitter:card\" content=\"summary_large_image\" \/>\n<meta name=\"twitter:label1\" content=\"Written by\" \/>\n\t<meta name=\"twitter:data1\" content=\"admin\" \/>\n\t<meta name=\"twitter:label2\" content=\"Estimated reading time\" \/>\n\t<meta name=\"twitter:data2\" content=\"3 minutes\" \/>\n<script type=\"application\/ld+json\" class=\"yoast-schema-graph\">{\"@context\":\"https:\\\/\\\/schema.org\",\"@graph\":[{\"@type\":\"Article\",\"@id\":\"https:\\\/\\\/napoleon-armengol.com\\\/las-carreteras-de-europa-se-llenan-de-puntos-de-recarga-para-los-coches-electricos\\\/#article\",\"isPartOf\":{\"@id\":\"https:\\\/\\\/napoleon-armengol.com\\\/las-carreteras-de-europa-se-llenan-de-puntos-de-recarga-para-los-coches-electricos\\\/\"},\"author\":{\"name\":\"admin\",\"@id\":\"https:\\\/\\\/napoleon-armengol.com\\\/#\\\/schema\\\/person\\\/e558fc54676c8886a95c89646b733a67\"},\"headline\":\"Las carreteras de Europa se llenan de puntos de recarga para los coches el\u00e9ctricos\",\"datePublished\":\"2018-09-13T13:49:42+00:00\",\"dateModified\":\"2024-01-24T11:28:34+00:00\",\"mainEntityOfPage\":{\"@id\":\"https:\\\/\\\/napoleon-armengol.com\\\/las-carreteras-de-europa-se-llenan-de-puntos-de-recarga-para-los-coches-electricos\\\/\"},\"wordCount\":548,\"publisher\":{\"@id\":\"https:\\\/\\\/napoleon-armengol.com\\\/#organization\"},\"image\":{\"@id\":\"https:\\\/\\\/napoleon-armengol.com\\\/las-carreteras-de-europa-se-llenan-de-puntos-de-recarga-para-los-coches-electricos\\\/#primaryimage\"},\"thumbnailUrl\":\"https:\\\/\\\/napoleon-armengol.com\\\/wp-content\\\/uploads\\\/2018\\\/09\\\/nuevo-auto-suv-de-lujo-estacionado-en-la-sala-de-exposicion-para-la-venta_33867-69.jpg\",\"keywords\":[\"ahorro energ\u00e9tico\",\"aumentar\",\"Coche el\u00e9ctrico\",\"coches el\u00e9ctricos\",\"contaminaci\u00f3n\",\"creciendo\",\"descenso\",\"eficiencia energ\u00e9tica\",\"empresa\",\"energ\u00edas renovables\",\"inversi\u00f3n\",\"medio ambiente\",\"movilidad el\u00e9ctrica\",\"movilidad sostenible\",\"puntos de carga\",\"soluciones\",\"sostenible\",\"Suiza\",\"Uni\u00f3n Europea\",\"veh\u00edculos\",\"veh\u00edculos el\u00e9ctricos\"],\"articleSection\":[\"Coche el\u00e9trico\"],\"inLanguage\":\"en-GB\"},{\"@type\":\"WebPage\",\"@id\":\"https:\\\/\\\/napoleon-armengol.com\\\/las-carreteras-de-europa-se-llenan-de-puntos-de-recarga-para-los-coches-electricos\\\/\",\"url\":\"https:\\\/\\\/napoleon-armengol.com\\\/las-carreteras-de-europa-se-llenan-de-puntos-de-recarga-para-los-coches-electricos\\\/\",\"name\":\"Las carreteras de Europa se llenan de puntos de recarga para los coches el\u00e9ctricos - Armengol\",\"isPartOf\":{\"@id\":\"https:\\\/\\\/napoleon-armengol.com\\\/#website\"},\"primaryImageOfPage\":{\"@id\":\"https:\\\/\\\/napoleon-armengol.com\\\/las-carreteras-de-europa-se-llenan-de-puntos-de-recarga-para-los-coches-electricos\\\/#primaryimage\"},\"image\":{\"@id\":\"https:\\\/\\\/napoleon-armengol.com\\\/las-carreteras-de-europa-se-llenan-de-puntos-de-recarga-para-los-coches-electricos\\\/#primaryimage\"},\"thumbnailUrl\":\"https:\\\/\\\/napoleon-armengol.com\\\/wp-content\\\/uploads\\\/2018\\\/09\\\/nuevo-auto-suv-de-lujo-estacionado-en-la-sala-de-exposicion-para-la-venta_33867-69.jpg\",\"datePublished\":\"2018-09-13T13:49:42+00:00\",\"dateModified\":\"2024-01-24T11:28:34+00:00\",\"breadcrumb\":{\"@id\":\"https:\\\/\\\/napoleon-armengol.com\\\/las-carreteras-de-europa-se-llenan-de-puntos-de-recarga-para-los-coches-electricos\\\/#breadcrumb\"},\"inLanguage\":\"en-GB\",\"potentialAction\":[{\"@type\":\"ReadAction\",\"target\":[\"https:\\\/\\\/napoleon-armengol.com\\\/las-carreteras-de-europa-se-llenan-de-puntos-de-recarga-para-los-coches-electricos\\\/\"]}]},{\"@type\":\"ImageObject\",\"inLanguage\":\"en-GB\",\"@id\":\"https:\\\/\\\/napoleon-armengol.com\\\/las-carreteras-de-europa-se-llenan-de-puntos-de-recarga-para-los-coches-electricos\\\/#primaryimage\",\"url\":\"https:\\\/\\\/napoleon-armengol.com\\\/wp-content\\\/uploads\\\/2018\\\/09\\\/nuevo-auto-suv-de-lujo-estacionado-en-la-sala-de-exposicion-para-la-venta_33867-69.jpg\",\"contentUrl\":\"https:\\\/\\\/napoleon-armengol.com\\\/wp-content\\\/uploads\\\/2018\\\/09\\\/nuevo-auto-suv-de-lujo-estacionado-en-la-sala-de-exposicion-para-la-venta_33867-69.jpg\",\"width\":626,\"height\":383},{\"@type\":\"BreadcrumbList\",\"@id\":\"https:\\\/\\\/napoleon-armengol.com\\\/las-carreteras-de-europa-se-llenan-de-puntos-de-recarga-para-los-coches-electricos\\\/#breadcrumb\",\"itemListElement\":[{\"@type\":\"ListItem\",\"position\":1,\"name\":\"Portada\",\"item\":\"https:\\\/\\\/napoleon-armengol.com\\\/\"},{\"@type\":\"ListItem\",\"position\":2,\"name\":\"Las carreteras de Europa se llenan de puntos de recarga para los coches el\u00e9ctricos\"}]},{\"@type\":\"WebSite\",\"@id\":\"https:\\\/\\\/napoleon-armengol.com\\\/#website\",\"url\":\"https:\\\/\\\/napoleon-armengol.com\\\/\",\"name\":\"Armengol\",\"description\":\"Seguridad y especializaci\u00f3n\",\"publisher\":{\"@id\":\"https:\\\/\\\/napoleon-armengol.com\\\/#organization\"},\"potentialAction\":[{\"@type\":\"SearchAction\",\"target\":{\"@type\":\"EntryPoint\",\"urlTemplate\":\"https:\\\/\\\/napoleon-armengol.com\\\/?s={search_term_string}\"},\"query-input\":{\"@type\":\"PropertyValueSpecification\",\"valueRequired\":true,\"valueName\":\"search_term_string\"}}],\"inLanguage\":\"en-GB\"},{\"@type\":\"Organization\",\"@id\":\"https:\\\/\\\/napoleon-armengol.com\\\/#organization\",\"name\":\"Armengol\",\"url\":\"https:\\\/\\\/napoleon-armengol.com\\\/\",\"logo\":{\"@type\":\"ImageObject\",\"inLanguage\":\"en-GB\",\"@id\":\"https:\\\/\\\/napoleon-armengol.com\\\/#\\\/schema\\\/logo\\\/image\\\/\",\"url\":\"https:\\\/\\\/napoleon-armengol.com\\\/wp-content\\\/uploads\\\/2023\\\/04\\\/LOGO-ARMENGOL.png\",\"contentUrl\":\"https:\\\/\\\/napoleon-armengol.com\\\/wp-content\\\/uploads\\\/2023\\\/04\\\/LOGO-ARMENGOL.png\",\"width\":460,\"height\":81,\"caption\":\"Armengol\"},\"image\":{\"@id\":\"https:\\\/\\\/napoleon-armengol.com\\\/#\\\/schema\\\/logo\\\/image\\\/\"}},{\"@type\":\"Person\",\"@id\":\"https:\\\/\\\/napoleon-armengol.com\\\/#\\\/schema\\\/person\\\/e558fc54676c8886a95c89646b733a67\",\"name\":\"admin\",\"sameAs\":[\"http:\\\/\\\/napoleon-armengol.com\"],\"url\":\"https:\\\/\\\/napoleon-armengol.com\\\/en\\\/author\\\/admin_5wnh1vf4\\\/\"}]}<\/script>\n<!-- \/ Yoast SEO plugin. -->","yoast_head_json":{"title":"Las carreteras de Europa se llenan de puntos de recarga para los coches el\u00e9ctricos - Armengol","robots":{"index":"index","follow":"follow","max-snippet":"max-snippet:-1","max-image-preview":"max-image-preview:large","max-video-preview":"max-video-preview:-1"},"canonical":"https:\/\/napoleon-armengol.com\/en\/las-carreteras-de-europa-se-llenan-de-puntos-de-recarga-para-los-coches-electricos\/","og_locale":"en_GB","og_type":"article","og_title":"Las carreteras de Europa se llenan de puntos de recarga para los coches el\u00e9ctricos - Armengol","og_description":"Aunque los coches el\u00e9ctricos se est\u00e1n convirtiendo poco a poco en una de las mejores opciones, lo cierto es que la mayor\u00eda de personas que buscamos un veh\u00edculo preferimos otro tipo de motor por un solo motivo: la autonom\u00eda. Todav\u00eda pensamos que este tipo de coches no son ideales para nosotros debido a que creemos...","og_url":"https:\/\/napoleon-armengol.com\/en\/las-carreteras-de-europa-se-llenan-de-puntos-de-recarga-para-los-coches-electricos\/","og_site_name":"Armengol","article_published_time":"2018-09-13T13:49:42+00:00","article_modified_time":"2024-01-24T11:28:34+00:00","og_image":[{"width":626,"height":383,"url":"https:\/\/napoleon-armengol.com\/wp-content\/uploads\/2018\/09\/nuevo-auto-suv-de-lujo-estacionado-en-la-sala-de-exposicion-para-la-venta_33867-69.jpg","type":"image\/jpeg"}],"author":"admin","twitter_card":"summary_large_image","twitter_misc":{"Written by":"admin","Estimated reading time":"3 minutes"},"schema":{"@context":"https:\/\/schema.org","@graph":[{"@type":"Article","@id":"https:\/\/napoleon-armengol.com\/las-carreteras-de-europa-se-llenan-de-puntos-de-recarga-para-los-coches-electricos\/#article","isPartOf":{"@id":"https:\/\/napoleon-armengol.com\/las-carreteras-de-europa-se-llenan-de-puntos-de-recarga-para-los-coches-electricos\/"},"author":{"name":"admin","@id":"https:\/\/napoleon-armengol.com\/#\/schema\/person\/e558fc54676c8886a95c89646b733a67"},"headline":"Las carreteras de Europa se llenan de puntos de recarga para los coches el\u00e9ctricos","datePublished":"2018-09-13T13:49:42+00:00","dateModified":"2024-01-24T11:28:34+00:00","mainEntityOfPage":{"@id":"https:\/\/napoleon-armengol.com\/las-carreteras-de-europa-se-llenan-de-puntos-de-recarga-para-los-coches-electricos\/"},"wordCount":548,"publisher":{"@id":"https:\/\/napoleon-armengol.com\/#organization"},"image":{"@id":"https:\/\/napoleon-armengol.com\/las-carreteras-de-europa-se-llenan-de-puntos-de-recarga-para-los-coches-electricos\/#primaryimage"},"thumbnailUrl":"https:\/\/napoleon-armengol.com\/wp-content\/uploads\/2018\/09\/nuevo-auto-suv-de-lujo-estacionado-en-la-sala-de-exposicion-para-la-venta_33867-69.jpg","keywords":["ahorro energ\u00e9tico","aumentar","Coche el\u00e9ctrico","coches el\u00e9ctricos","contaminaci\u00f3n","creciendo","descenso","eficiencia energ\u00e9tica","empresa","energ\u00edas renovables","inversi\u00f3n","medio ambiente","movilidad el\u00e9ctrica","movilidad sostenible","puntos de carga","soluciones","sostenible","Suiza","Uni\u00f3n Europea","veh\u00edculos","veh\u00edculos el\u00e9ctricos"],"articleSection":["Coche el\u00e9trico"],"inLanguage":"en-GB"},{"@type":"WebPage","@id":"https:\/\/napoleon-armengol.com\/las-carreteras-de-europa-se-llenan-de-puntos-de-recarga-para-los-coches-electricos\/","url":"https:\/\/napoleon-armengol.com\/las-carreteras-de-europa-se-llenan-de-puntos-de-recarga-para-los-coches-electricos\/","name":"Las carreteras de Europa se llenan de puntos de recarga para los coches el\u00e9ctricos - Armengol","isPartOf":{"@id":"https:\/\/napoleon-armengol.com\/#website"},"primaryImageOfPage":{"@id":"https:\/\/napoleon-armengol.com\/las-carreteras-de-europa-se-llenan-de-puntos-de-recarga-para-los-coches-electricos\/#primaryimage"},"image":{"@id":"https:\/\/napoleon-armengol.com\/las-carreteras-de-europa-se-llenan-de-puntos-de-recarga-para-los-coches-electricos\/#primaryimage"},"thumbnailUrl":"https:\/\/napoleon-armengol.com\/wp-content\/uploads\/2018\/09\/nuevo-auto-suv-de-lujo-estacionado-en-la-sala-de-exposicion-para-la-venta_33867-69.jpg","datePublished":"2018-09-13T13:49:42+00:00","dateModified":"2024-01-24T11:28:34+00:00","breadcrumb":{"@id":"https:\/\/napoleon-armengol.com\/las-carreteras-de-europa-se-llenan-de-puntos-de-recarga-para-los-coches-electricos\/#breadcrumb"},"inLanguage":"en-GB","potentialAction":[{"@type":"ReadAction","target":["https:\/\/napoleon-armengol.com\/las-carreteras-de-europa-se-llenan-de-puntos-de-recarga-para-los-coches-electricos\/"]}]},{"@type":"ImageObject","inLanguage":"en-GB","@id":"https:\/\/napoleon-armengol.com\/las-carreteras-de-europa-se-llenan-de-puntos-de-recarga-para-los-coches-electricos\/#primaryimage","url":"https:\/\/napoleon-armengol.com\/wp-content\/uploads\/2018\/09\/nuevo-auto-suv-de-lujo-estacionado-en-la-sala-de-exposicion-para-la-venta_33867-69.jpg","contentUrl":"https:\/\/napoleon-armengol.com\/wp-content\/uploads\/2018\/09\/nuevo-auto-suv-de-lujo-estacionado-en-la-sala-de-exposicion-para-la-venta_33867-69.jpg","width":626,"height":383},{"@type":"BreadcrumbList","@id":"https:\/\/napoleon-armengol.com\/las-carreteras-de-europa-se-llenan-de-puntos-de-recarga-para-los-coches-electricos\/#breadcrumb","itemListElement":[{"@type":"ListItem","position":1,"name":"Portada","item":"https:\/\/napoleon-armengol.com\/"},{"@type":"ListItem","position":2,"name":"Las carreteras de Europa se llenan de puntos de recarga para los coches el\u00e9ctricos"}]},{"@type":"WebSite","@id":"https:\/\/napoleon-armengol.com\/#website","url":"https:\/\/napoleon-armengol.com\/","name":"Armengol","description":"Seguridad y especializaci\u00f3n","publisher":{"@id":"https:\/\/napoleon-armengol.com\/#organization"},"potentialAction":[{"@type":"SearchAction","target":{"@type":"EntryPoint","urlTemplate":"https:\/\/napoleon-armengol.com\/?s={search_term_string}"},"query-input":{"@type":"PropertyValueSpecification","valueRequired":true,"valueName":"search_term_string"}}],"inLanguage":"en-GB"},{"@type":"Organization","@id":"https:\/\/napoleon-armengol.com\/#organization","name":"Armengol","url":"https:\/\/napoleon-armengol.com\/","logo":{"@type":"ImageObject","inLanguage":"en-GB","@id":"https:\/\/napoleon-armengol.com\/#\/schema\/logo\/image\/","url":"https:\/\/napoleon-armengol.com\/wp-content\/uploads\/2023\/04\/LOGO-ARMENGOL.png","contentUrl":"https:\/\/napoleon-armengol.com\/wp-content\/uploads\/2023\/04\/LOGO-ARMENGOL.png","width":460,"height":81,"caption":"Armengol"},"image":{"@id":"https:\/\/napoleon-armengol.com\/#\/schema\/logo\/image\/"}},{"@type":"Person","@id":"https:\/\/napoleon-armengol.com\/#\/schema\/person\/e558fc54676c8886a95c89646b733a67","name":"admin","sameAs":["http:\/\/napoleon-armengol.com"],"url":"https:\/\/napoleon-armengol.com\/en\/author\/admin_5wnh1vf4\/"}]}},"taxonomy_info":{"category":[{"value":68,"label":"Coche el\u00e9trico"}],"post_tag":[{"value":96,"label":"ahorro energ\u00e9tico"},{"value":128,"label":"aumentar"},{"value":95,"label":"Coche el\u00e9ctrico"},{"value":97,"label":"coches el\u00e9ctricos"},{"value":106,"label":"contaminaci\u00f3n"},{"value":131,"label":"creciendo"},{"value":133,"label":"descenso"},{"value":98,"label":"eficiencia energ\u00e9tica"},{"value":124,"label":"empresa"},{"value":149,"label":"energ\u00edas renovables"},{"value":135,"label":"inversi\u00f3n"},{"value":110,"label":"medio ambiente"},{"value":100,"label":"movilidad el\u00e9ctrica"},{"value":111,"label":"movilidad sostenible"},{"value":195,"label":"puntos de carga"},{"value":102,"label":"soluciones"},{"value":113,"label":"sostenible"},{"value":196,"label":"Suiza"},{"value":103,"label":"Uni\u00f3n Europea"},{"value":114,"label":"veh\u00edculos"},{"value":115,"label":"veh\u00edculos el\u00e9ctricos"}]},"featured_image_src_large":["https:\/\/napoleon-armengol.com\/wp-content\/uploads\/2018\/09\/nuevo-auto-suv-de-lujo-estacionado-en-la-sala-de-exposicion-para-la-venta_33867-69.jpg",626,383,false],"author_info":{"display_name":"admin","author_link":"https:\/\/napoleon-armengol.com\/en\/author\/admin_5wnh1vf4\/"},"comment_info":0,"category_info":[{"term_id":68,"name":"Coche el\u00e9trico","slug":"coche-eletrico","term_group":0,"term_taxonomy_id":68,"taxonomy":"category","description":"","parent":0,"count":63,"filter":"raw","term_order":"0","cat_ID":68,"category_count":63,"category_description":"","cat_name":"Coche el\u00e9trico","category_nicename":"coche-eletrico","category_parent":0}],"tag_info":[{"term_id":96,"name":"ahorro energ\u00e9tico","slug":"ahorro-energetico","term_group":0,"term_taxonomy_id":96,"taxonomy":"post_tag","description":"","parent":0,"count":29,"filter":"raw","term_order":"0"},{"term_id":128,"name":"aumentar","slug":"aumentar","term_group":0,"term_taxonomy_id":128,"taxonomy":"post_tag","description":"","parent":0,"count":24,"filter":"raw","term_order":"0"},{"term_id":95,"name":"Coche el\u00e9ctrico","slug":"coche-electrico","term_group":0,"term_taxonomy_id":95,"taxonomy":"post_tag","description":"","parent":0,"count":45,"filter":"raw","term_order":"0"},{"term_id":97,"name":"coches el\u00e9ctricos","slug":"coches-electricos","term_group":0,"term_taxonomy_id":97,"taxonomy":"post_tag","description":"","parent":0,"count":25,"filter":"raw","term_order":"0"},{"term_id":106,"name":"contaminaci\u00f3n","slug":"contaminacion","term_group":0,"term_taxonomy_id":106,"taxonomy":"post_tag","description":"","parent":0,"count":19,"filter":"raw","term_order":"0"},{"term_id":131,"name":"creciendo","slug":"creciendo","term_group":0,"term_taxonomy_id":131,"taxonomy":"post_tag","description":"","parent":0,"count":15,"filter":"raw","term_order":"0"},{"term_id":133,"name":"descenso","slug":"descenso","term_group":0,"term_taxonomy_id":133,"taxonomy":"post_tag","description":"","parent":0,"count":12,"filter":"raw","term_order":"0"},{"term_id":98,"name":"eficiencia energ\u00e9tica","slug":"eficiencia-energetica","term_group":0,"term_taxonomy_id":98,"taxonomy":"post_tag","description":"","parent":0,"count":36,"filter":"raw","term_order":"0"},{"term_id":124,"name":"empresa","slug":"empresa","term_group":0,"term_taxonomy_id":124,"taxonomy":"post_tag","description":"","parent":0,"count":24,"filter":"raw","term_order":"0"},{"term_id":149,"name":"energ\u00edas renovables","slug":"energias-renovables","term_group":0,"term_taxonomy_id":149,"taxonomy":"post_tag","description":"","parent":0,"count":30,"filter":"raw","term_order":"0"},{"term_id":135,"name":"inversi\u00f3n","slug":"inversion","term_group":0,"term_taxonomy_id":135,"taxonomy":"post_tag","description":"","parent":0,"count":31,"filter":"raw","term_order":"0"},{"term_id":110,"name":"medio ambiente","slug":"medio-ambiente","term_group":0,"term_taxonomy_id":110,"taxonomy":"post_tag","description":"","parent":0,"count":29,"filter":"raw","term_order":"0"},{"term_id":100,"name":"movilidad el\u00e9ctrica","slug":"movilidad-electrica","term_group":0,"term_taxonomy_id":100,"taxonomy":"post_tag","description":"","parent":0,"count":41,"filter":"raw","term_order":"0"},{"term_id":111,"name":"movilidad sostenible","slug":"movilidad-sostenible","term_group":0,"term_taxonomy_id":111,"taxonomy":"post_tag","description":"","parent":0,"count":31,"filter":"raw","term_order":"0"},{"term_id":195,"name":"puntos de carga","slug":"puntos-de-carga","term_group":0,"term_taxonomy_id":195,"taxonomy":"post_tag","description":"","parent":0,"count":1,"filter":"raw","term_order":"0"},{"term_id":102,"name":"soluciones","slug":"soluciones","term_group":0,"term_taxonomy_id":102,"taxonomy":"post_tag","description":"","parent":0,"count":32,"filter":"raw","term_order":"0"},{"term_id":113,"name":"sostenible","slug":"sostenible","term_group":0,"term_taxonomy_id":113,"taxonomy":"post_tag","description":"","parent":0,"count":15,"filter":"raw","term_order":"0"},{"term_id":196,"name":"Suiza","slug":"suiza","term_group":0,"term_taxonomy_id":196,"taxonomy":"post_tag","description":"","parent":0,"count":1,"filter":"raw","term_order":"0"},{"term_id":103,"name":"Uni\u00f3n Europea","slug":"union-europea","term_group":0,"term_taxonomy_id":103,"taxonomy":"post_tag","description":"","parent":0,"count":7,"filter":"raw","term_order":"0"},{"term_id":114,"name":"veh\u00edculos","slug":"vehiculos","term_group":0,"term_taxonomy_id":114,"taxonomy":"post_tag","description":"","parent":0,"count":18,"filter":"raw","term_order":"0"},{"term_id":115,"name":"veh\u00edculos el\u00e9ctricos","slug":"vehiculos-electricos","term_group":0,"term_taxonomy_id":115,"taxonomy":"post_tag","description":"","parent":0,"count":18,"filter":"raw","term_order":"0"}],"_links":{"self":[{"href":"https:\/\/napoleon-armengol.com\/en\/wp-json\/wp\/v2\/posts\/137","targetHints":{"allow":["GET"]}}],"collection":[{"href":"https:\/\/napoleon-armengol.com\/en\/wp-json\/wp\/v2\/posts"}],"about":[{"href":"https:\/\/napoleon-armengol.com\/en\/wp-json\/wp\/v2\/types\/post"}],"author":[{"embeddable":true,"href":"https:\/\/napoleon-armengol.com\/en\/wp-json\/wp\/v2\/users\/1"}],"replies":[{"embeddable":true,"href":"https:\/\/napoleon-armengol.com\/en\/wp-json\/wp\/v2\/comments?post=137"}],"version-history":[{"count":1,"href":"https:\/\/napoleon-armengol.com\/en\/wp-json\/wp\/v2\/posts\/137\/revisions"}],"predecessor-version":[{"id":2370,"href":"https:\/\/napoleon-armengol.com\/en\/wp-json\/wp\/v2\/posts\/137\/revisions\/2370"}],"wp:featuredmedia":[{"embeddable":true,"href":"https:\/\/napoleon-armengol.com\/en\/wp-json\/wp\/v2\/media\/138"}],"wp:attachment":[{"href":"https:\/\/napoleon-armengol.com\/en\/wp-json\/wp\/v2\/media?parent=137"}],"wp:term":[{"taxonomy":"category","embeddable":true,"href":"https:\/\/napoleon-armengol.com\/en\/wp-json\/wp\/v2\/categories?post=137"},{"taxonomy":"post_tag","embeddable":true,"href":"https:\/\/napoleon-armengol.com\/en\/wp-json\/wp\/v2\/tags?post=137"}],"curies":[{"name":"wp","href":"https:\/\/api.w.org\/{rel}","templated":true}]}}