{"id":160,"date":"2018-10-29T08:05:52","date_gmt":"2018-10-29T08:05:52","guid":{"rendered":"http:\/\/blog-napoleon-armengol.com\/?p=160"},"modified":"2024-03-04T10:38:01","modified_gmt":"2024-03-04T09:38:01","slug":"segundo-ano-con-la-electricidad-mas-cara-de-la-historia","status":"publish","type":"post","link":"https:\/\/napoleon-armengol.com\/en\/segundo-ano-con-la-electricidad-mas-cara-de-la-historia\/","title":{"rendered":"Second year with the most expensive electricity in history"},"content":{"rendered":"<p align=\"justify\">Seg\u00fan algunos estudios, el a\u00f1o 2018 esta en camino de convertirse en el segundo a\u00f1o con la electricidad m\u00e1s cara de la historia. Esto es debido a que el mes de setiembre ha sido mucho m\u00e1s caro comparado con el resto de a\u00f1os, esto no ha sucedido \u00fanicamente en el mercado ib\u00e9rico de Espa\u00f1a y Portugal, sino que tambi\u00e9n en otros importantes mercados energ\u00e9ticos europeos, tales como Francia y Alemania. Podr\u00edamos decir que, en toda Europa se ha visto este encarecimiento.<\/p>\n<p align=\"justify\">Si nos centramos en el mercado ib\u00e9rico de electricidad MIBEL de Espa\u00f1a y Portugal, el tercer trimestre de este a\u00f1o ha supuesto un aumento del precio en cada uno de los meses respecto al mes anterior, de la misma forma, el aumento se ha visto comparando las cifras con las del a\u00f1o pasado. El precio medio del mes de julio fue de 61,88\u20ac\/MWh, lo cual supone una gran diferencia respecto al mismo mes del a\u00f1o pasado, que fue de 13,25\u20ac\/MWh. En el mes de agosto el precio ya hab\u00eda subido hasta los 64,33 \u20ac\/MWh.<\/p>\n<p align=\"justify\"><img loading=\"lazy\" decoding=\"async\" class=\"size-full wp-image-158 aligncenter\" src=\"http:\/\/blog-napoleon-armengol.com\/wp-content\/uploads\/2018\/10\/trabajo-tecnico-electrico_1426-1355.jpg\" alt=\"\" width=\"626\" height=\"417\" srcset=\"https:\/\/napoleon-armengol.com\/wp-content\/uploads\/2018\/10\/trabajo-tecnico-electrico_1426-1355.jpg 626w, https:\/\/napoleon-armengol.com\/wp-content\/uploads\/2018\/10\/trabajo-tecnico-electrico_1426-1355-300x200.jpg 300w\" sizes=\"auto, (max-width: 626px) 100vw, 626px\" \/><\/p>\n<p align=\"justify\">Como dato a destacar de este tercer trimestre encontramos el aplanamiento de la curva horaria del precio y el aumento del n\u00famero de d\u00edas \u201csin valle\u201d. Durante el verano es muy habitual que se disminuya la distancia entre el precio de las horas valle, esto es debido a que el aumento de la demanda y la baja producci\u00f3n empuja al alza los precios horarios m\u00e1s bajos.<\/p>\n<p align=\"justify\">Por otro lado, si comparamos el tercer trimestre con lo que llevamos del a\u00f1o 2018 y con el a\u00f1o 2017, podemos observar una tendencia al alza del precio del mercado el\u00e9ctrico. Como dato, encontramos que el primer trimestre de 2018 empez\u00f3 con un precio de 7,47\u20ac\/MWh m\u00e1s bajo que el mismo trimestre de 2017. En cuanto al segundo trimestre de este a\u00f1o, se registro un aumento de 5,04\u20ac\/MWh en la comparaci\u00f3n interanual. Y este tercer trimestre, la diferencia con el del a\u00f1o 2017 se ha disparado hasta los 17,36\u20ac\/MWh.<\/p>\n<p align=\"justify\">Finalmente, seg\u00fan la informaci\u00f3n que se ha analizado por AleaSoft, las causas principales de este aumento del precio tienen como base el aumento de precio de los combustibles f\u00f3siles usados para la generaci\u00f3n de electricidad, gas y carb\u00f3n, as\u00ed como el aumento del precio de los derechos de emisiones CO2.<\/p>\n<p>Fountain: <a href=\"https:\/\/www.energias-renovables.com\/panorama\/2018-va-camino-de-convertirse-en-el-20181003\">https:\/\/www.energias-renovables.com\/panorama\/2018-va-camino-de-convertirse-en-el-20181003<\/a><\/p>","protected":false},"excerpt":{"rendered":"<p>Seg\u00fan algunos estudios, el a\u00f1o 2018 esta en camino de convertirse en el segundo a\u00f1o con la electricidad m\u00e1s cara de la historia. Esto es debido a que el mes de setiembre ha sido mucho m\u00e1s caro comparado con el resto de a\u00f1os, esto no ha sucedido \u00fanicamente en el mercado ib\u00e9rico de Espa\u00f1a y&#8230;<\/p>","protected":false},"author":1,"featured_media":157,"comment_status":"closed","ping_status":"closed","sticky":false,"template":"","format":"standard","meta":{"_acf_changed":false,"_kad_blocks_custom_css":"","_kad_blocks_head_custom_js":"","_kad_blocks_body_custom_js":"","_kad_blocks_footer_custom_js":"","_kad_post_transparent":"","_kad_post_title":"","_kad_post_layout":"","_kad_post_sidebar_id":"","_kad_post_content_style":"","_kad_post_vertical_padding":"","_kad_post_feature":"","_kad_post_feature_position":"","_kad_post_header":false,"_kad_post_footer":false,"footnotes":""},"categories":[69],"tags":[96,128,204,205,131,133,206,98,145,124,165,146,207,208,209,210,110,211,113,114,212,213],"class_list":["post-160","post","type-post","status-publish","format-standard","has-post-thumbnail","hentry","category-economia","tag-ahorro-energetico","tag-aumentar","tag-aumento","tag-casas","tag-creciendo","tag-descenso","tag-desventajas","tag-eficiencia-energetica","tag-electricidad","tag-empresa","tag-empresas","tag-energia","tag-gas","tag-horario","tag-horas","tag-mayor-precio","tag-medio-ambiente","tag-precio","tag-sostenible","tag-vehiculos","tag-ventajas","tag-viviendas"],"acf":[],"yoast_head":"<!-- This site is optimized with the Yoast SEO plugin v27.4 - https:\/\/yoast.com\/product\/yoast-seo-wordpress\/ -->\n<title>Segundo a\u00f1o con la electricidad m\u00e1s cara de la historia - Armengol<\/title>\n<meta name=\"robots\" content=\"index, follow, max-snippet:-1, max-image-preview:large, max-video-preview:-1\" \/>\n<link rel=\"canonical\" href=\"https:\/\/napoleon-armengol.com\/en\/segundo-ano-con-la-electricidad-mas-cara-de-la-historia\/\" \/>\n<meta property=\"og:locale\" content=\"en_GB\" \/>\n<meta property=\"og:type\" content=\"article\" \/>\n<meta property=\"og:title\" content=\"Segundo a\u00f1o con la electricidad m\u00e1s cara de la historia - Armengol\" \/>\n<meta property=\"og:description\" content=\"Seg\u00fan algunos estudios, el a\u00f1o 2018 esta en camino de convertirse en el segundo a\u00f1o con la electricidad m\u00e1s cara de la historia. Esto es debido a que el mes de setiembre ha sido mucho m\u00e1s caro comparado con el resto de a\u00f1os, esto no ha sucedido \u00fanicamente en el mercado ib\u00e9rico de Espa\u00f1a y...\" \/>\n<meta property=\"og:url\" content=\"https:\/\/napoleon-armengol.com\/en\/segundo-ano-con-la-electricidad-mas-cara-de-la-historia\/\" \/>\n<meta property=\"og:site_name\" content=\"Armengol\" \/>\n<meta property=\"article:published_time\" content=\"2018-10-29T08:05:52+00:00\" \/>\n<meta property=\"article:modified_time\" content=\"2024-03-04T09:38:01+00:00\" \/>\n<meta property=\"og:image\" content=\"https:\/\/napoleon-armengol.com\/wp-content\/uploads\/2018\/10\/bombillas_53876-33527.jpg\" \/>\n\t<meta property=\"og:image:width\" content=\"626\" \/>\n\t<meta property=\"og:image:height\" content=\"432\" \/>\n\t<meta property=\"og:image:type\" content=\"image\/jpeg\" \/>\n<meta name=\"author\" content=\"admin\" \/>\n<meta name=\"twitter:card\" content=\"summary_large_image\" \/>\n<meta name=\"twitter:label1\" content=\"Written by\" \/>\n\t<meta name=\"twitter:data1\" content=\"admin\" \/>\n\t<meta name=\"twitter:label2\" content=\"Estimated reading time\" \/>\n\t<meta name=\"twitter:data2\" content=\"2 minutes\" \/>\n<script type=\"application\/ld+json\" class=\"yoast-schema-graph\">{\"@context\":\"https:\\\/\\\/schema.org\",\"@graph\":[{\"@type\":\"Article\",\"@id\":\"https:\\\/\\\/napoleon-armengol.com\\\/segundo-ano-con-la-electricidad-mas-cara-de-la-historia\\\/#article\",\"isPartOf\":{\"@id\":\"https:\\\/\\\/napoleon-armengol.com\\\/segundo-ano-con-la-electricidad-mas-cara-de-la-historia\\\/\"},\"author\":{\"name\":\"admin\",\"@id\":\"https:\\\/\\\/napoleon-armengol.com\\\/#\\\/schema\\\/person\\\/e558fc54676c8886a95c89646b733a67\"},\"headline\":\"Segundo a\u00f1o con la electricidad m\u00e1s cara de la historia\",\"datePublished\":\"2018-10-29T08:05:52+00:00\",\"dateModified\":\"2024-03-04T09:38:01+00:00\",\"mainEntityOfPage\":{\"@id\":\"https:\\\/\\\/napoleon-armengol.com\\\/segundo-ano-con-la-electricidad-mas-cara-de-la-historia\\\/\"},\"wordCount\":425,\"publisher\":{\"@id\":\"https:\\\/\\\/napoleon-armengol.com\\\/#organization\"},\"image\":{\"@id\":\"https:\\\/\\\/napoleon-armengol.com\\\/segundo-ano-con-la-electricidad-mas-cara-de-la-historia\\\/#primaryimage\"},\"thumbnailUrl\":\"https:\\\/\\\/napoleon-armengol.com\\\/wp-content\\\/uploads\\\/2018\\\/10\\\/bombillas_53876-33527.jpg\",\"keywords\":[\"ahorro energ\u00e9tico\",\"aumentar\",\"aumento\",\"casas\",\"creciendo\",\"descenso\",\"desventajas\",\"eficiencia energ\u00e9tica\",\"electricidad\",\"empresa\",\"empresas\",\"energ\u00eda\",\"gas\",\"horario\",\"horas\",\"mayor precio\",\"medio ambiente\",\"precio\",\"sostenible\",\"veh\u00edculos\",\"ventajas\",\"viviendas\"],\"articleSection\":[\"Econom\u00eda\"],\"inLanguage\":\"en-GB\"},{\"@type\":\"WebPage\",\"@id\":\"https:\\\/\\\/napoleon-armengol.com\\\/segundo-ano-con-la-electricidad-mas-cara-de-la-historia\\\/\",\"url\":\"https:\\\/\\\/napoleon-armengol.com\\\/segundo-ano-con-la-electricidad-mas-cara-de-la-historia\\\/\",\"name\":\"Segundo a\u00f1o con la electricidad m\u00e1s cara de la historia - Armengol\",\"isPartOf\":{\"@id\":\"https:\\\/\\\/napoleon-armengol.com\\\/#website\"},\"primaryImageOfPage\":{\"@id\":\"https:\\\/\\\/napoleon-armengol.com\\\/segundo-ano-con-la-electricidad-mas-cara-de-la-historia\\\/#primaryimage\"},\"image\":{\"@id\":\"https:\\\/\\\/napoleon-armengol.com\\\/segundo-ano-con-la-electricidad-mas-cara-de-la-historia\\\/#primaryimage\"},\"thumbnailUrl\":\"https:\\\/\\\/napoleon-armengol.com\\\/wp-content\\\/uploads\\\/2018\\\/10\\\/bombillas_53876-33527.jpg\",\"datePublished\":\"2018-10-29T08:05:52+00:00\",\"dateModified\":\"2024-03-04T09:38:01+00:00\",\"breadcrumb\":{\"@id\":\"https:\\\/\\\/napoleon-armengol.com\\\/segundo-ano-con-la-electricidad-mas-cara-de-la-historia\\\/#breadcrumb\"},\"inLanguage\":\"en-GB\",\"potentialAction\":[{\"@type\":\"ReadAction\",\"target\":[\"https:\\\/\\\/napoleon-armengol.com\\\/segundo-ano-con-la-electricidad-mas-cara-de-la-historia\\\/\"]}]},{\"@type\":\"ImageObject\",\"inLanguage\":\"en-GB\",\"@id\":\"https:\\\/\\\/napoleon-armengol.com\\\/segundo-ano-con-la-electricidad-mas-cara-de-la-historia\\\/#primaryimage\",\"url\":\"https:\\\/\\\/napoleon-armengol.com\\\/wp-content\\\/uploads\\\/2018\\\/10\\\/bombillas_53876-33527.jpg\",\"contentUrl\":\"https:\\\/\\\/napoleon-armengol.com\\\/wp-content\\\/uploads\\\/2018\\\/10\\\/bombillas_53876-33527.jpg\",\"width\":626,\"height\":432},{\"@type\":\"BreadcrumbList\",\"@id\":\"https:\\\/\\\/napoleon-armengol.com\\\/segundo-ano-con-la-electricidad-mas-cara-de-la-historia\\\/#breadcrumb\",\"itemListElement\":[{\"@type\":\"ListItem\",\"position\":1,\"name\":\"Portada\",\"item\":\"https:\\\/\\\/napoleon-armengol.com\\\/\"},{\"@type\":\"ListItem\",\"position\":2,\"name\":\"Segundo a\u00f1o con la electricidad m\u00e1s cara de la historia\"}]},{\"@type\":\"WebSite\",\"@id\":\"https:\\\/\\\/napoleon-armengol.com\\\/#website\",\"url\":\"https:\\\/\\\/napoleon-armengol.com\\\/\",\"name\":\"Armengol\",\"description\":\"Seguridad y especializaci\u00f3n\",\"publisher\":{\"@id\":\"https:\\\/\\\/napoleon-armengol.com\\\/#organization\"},\"potentialAction\":[{\"@type\":\"SearchAction\",\"target\":{\"@type\":\"EntryPoint\",\"urlTemplate\":\"https:\\\/\\\/napoleon-armengol.com\\\/?s={search_term_string}\"},\"query-input\":{\"@type\":\"PropertyValueSpecification\",\"valueRequired\":true,\"valueName\":\"search_term_string\"}}],\"inLanguage\":\"en-GB\"},{\"@type\":\"Organization\",\"@id\":\"https:\\\/\\\/napoleon-armengol.com\\\/#organization\",\"name\":\"Armengol\",\"url\":\"https:\\\/\\\/napoleon-armengol.com\\\/\",\"logo\":{\"@type\":\"ImageObject\",\"inLanguage\":\"en-GB\",\"@id\":\"https:\\\/\\\/napoleon-armengol.com\\\/#\\\/schema\\\/logo\\\/image\\\/\",\"url\":\"https:\\\/\\\/napoleon-armengol.com\\\/wp-content\\\/uploads\\\/2023\\\/04\\\/LOGO-ARMENGOL.png\",\"contentUrl\":\"https:\\\/\\\/napoleon-armengol.com\\\/wp-content\\\/uploads\\\/2023\\\/04\\\/LOGO-ARMENGOL.png\",\"width\":460,\"height\":81,\"caption\":\"Armengol\"},\"image\":{\"@id\":\"https:\\\/\\\/napoleon-armengol.com\\\/#\\\/schema\\\/logo\\\/image\\\/\"}},{\"@type\":\"Person\",\"@id\":\"https:\\\/\\\/napoleon-armengol.com\\\/#\\\/schema\\\/person\\\/e558fc54676c8886a95c89646b733a67\",\"name\":\"admin\",\"sameAs\":[\"http:\\\/\\\/napoleon-armengol.com\"],\"url\":\"https:\\\/\\\/napoleon-armengol.com\\\/en\\\/author\\\/admin_5wnh1vf4\\\/\"}]}<\/script>\n<!-- \/ Yoast SEO plugin. -->","yoast_head_json":{"title":"Segundo a\u00f1o con la electricidad m\u00e1s cara de la historia - Armengol","robots":{"index":"index","follow":"follow","max-snippet":"max-snippet:-1","max-image-preview":"max-image-preview:large","max-video-preview":"max-video-preview:-1"},"canonical":"https:\/\/napoleon-armengol.com\/en\/segundo-ano-con-la-electricidad-mas-cara-de-la-historia\/","og_locale":"en_GB","og_type":"article","og_title":"Segundo a\u00f1o con la electricidad m\u00e1s cara de la historia - Armengol","og_description":"Seg\u00fan algunos estudios, el a\u00f1o 2018 esta en camino de convertirse en el segundo a\u00f1o con la electricidad m\u00e1s cara de la historia. Esto es debido a que el mes de setiembre ha sido mucho m\u00e1s caro comparado con el resto de a\u00f1os, esto no ha sucedido \u00fanicamente en el mercado ib\u00e9rico de Espa\u00f1a y...","og_url":"https:\/\/napoleon-armengol.com\/en\/segundo-ano-con-la-electricidad-mas-cara-de-la-historia\/","og_site_name":"Armengol","article_published_time":"2018-10-29T08:05:52+00:00","article_modified_time":"2024-03-04T09:38:01+00:00","og_image":[{"width":626,"height":432,"url":"https:\/\/napoleon-armengol.com\/wp-content\/uploads\/2018\/10\/bombillas_53876-33527.jpg","type":"image\/jpeg"}],"author":"admin","twitter_card":"summary_large_image","twitter_misc":{"Written by":"admin","Estimated reading time":"2 minutes"},"schema":{"@context":"https:\/\/schema.org","@graph":[{"@type":"Article","@id":"https:\/\/napoleon-armengol.com\/segundo-ano-con-la-electricidad-mas-cara-de-la-historia\/#article","isPartOf":{"@id":"https:\/\/napoleon-armengol.com\/segundo-ano-con-la-electricidad-mas-cara-de-la-historia\/"},"author":{"name":"admin","@id":"https:\/\/napoleon-armengol.com\/#\/schema\/person\/e558fc54676c8886a95c89646b733a67"},"headline":"Segundo a\u00f1o con la electricidad m\u00e1s cara de la historia","datePublished":"2018-10-29T08:05:52+00:00","dateModified":"2024-03-04T09:38:01+00:00","mainEntityOfPage":{"@id":"https:\/\/napoleon-armengol.com\/segundo-ano-con-la-electricidad-mas-cara-de-la-historia\/"},"wordCount":425,"publisher":{"@id":"https:\/\/napoleon-armengol.com\/#organization"},"image":{"@id":"https:\/\/napoleon-armengol.com\/segundo-ano-con-la-electricidad-mas-cara-de-la-historia\/#primaryimage"},"thumbnailUrl":"https:\/\/napoleon-armengol.com\/wp-content\/uploads\/2018\/10\/bombillas_53876-33527.jpg","keywords":["ahorro energ\u00e9tico","aumentar","aumento","casas","creciendo","descenso","desventajas","eficiencia energ\u00e9tica","electricidad","empresa","empresas","energ\u00eda","gas","horario","horas","mayor precio","medio ambiente","precio","sostenible","veh\u00edculos","ventajas","viviendas"],"articleSection":["Econom\u00eda"],"inLanguage":"en-GB"},{"@type":"WebPage","@id":"https:\/\/napoleon-armengol.com\/segundo-ano-con-la-electricidad-mas-cara-de-la-historia\/","url":"https:\/\/napoleon-armengol.com\/segundo-ano-con-la-electricidad-mas-cara-de-la-historia\/","name":"Segundo a\u00f1o con la electricidad m\u00e1s cara de la historia - Armengol","isPartOf":{"@id":"https:\/\/napoleon-armengol.com\/#website"},"primaryImageOfPage":{"@id":"https:\/\/napoleon-armengol.com\/segundo-ano-con-la-electricidad-mas-cara-de-la-historia\/#primaryimage"},"image":{"@id":"https:\/\/napoleon-armengol.com\/segundo-ano-con-la-electricidad-mas-cara-de-la-historia\/#primaryimage"},"thumbnailUrl":"https:\/\/napoleon-armengol.com\/wp-content\/uploads\/2018\/10\/bombillas_53876-33527.jpg","datePublished":"2018-10-29T08:05:52+00:00","dateModified":"2024-03-04T09:38:01+00:00","breadcrumb":{"@id":"https:\/\/napoleon-armengol.com\/segundo-ano-con-la-electricidad-mas-cara-de-la-historia\/#breadcrumb"},"inLanguage":"en-GB","potentialAction":[{"@type":"ReadAction","target":["https:\/\/napoleon-armengol.com\/segundo-ano-con-la-electricidad-mas-cara-de-la-historia\/"]}]},{"@type":"ImageObject","inLanguage":"en-GB","@id":"https:\/\/napoleon-armengol.com\/segundo-ano-con-la-electricidad-mas-cara-de-la-historia\/#primaryimage","url":"https:\/\/napoleon-armengol.com\/wp-content\/uploads\/2018\/10\/bombillas_53876-33527.jpg","contentUrl":"https:\/\/napoleon-armengol.com\/wp-content\/uploads\/2018\/10\/bombillas_53876-33527.jpg","width":626,"height":432},{"@type":"BreadcrumbList","@id":"https:\/\/napoleon-armengol.com\/segundo-ano-con-la-electricidad-mas-cara-de-la-historia\/#breadcrumb","itemListElement":[{"@type":"ListItem","position":1,"name":"Portada","item":"https:\/\/napoleon-armengol.com\/"},{"@type":"ListItem","position":2,"name":"Segundo a\u00f1o con la electricidad m\u00e1s cara de la historia"}]},{"@type":"WebSite","@id":"https:\/\/napoleon-armengol.com\/#website","url":"https:\/\/napoleon-armengol.com\/","name":"Armengol","description":"Seguridad y especializaci\u00f3n","publisher":{"@id":"https:\/\/napoleon-armengol.com\/#organization"},"potentialAction":[{"@type":"SearchAction","target":{"@type":"EntryPoint","urlTemplate":"https:\/\/napoleon-armengol.com\/?s={search_term_string}"},"query-input":{"@type":"PropertyValueSpecification","valueRequired":true,"valueName":"search_term_string"}}],"inLanguage":"en-GB"},{"@type":"Organization","@id":"https:\/\/napoleon-armengol.com\/#organization","name":"Armengol","url":"https:\/\/napoleon-armengol.com\/","logo":{"@type":"ImageObject","inLanguage":"en-GB","@id":"https:\/\/napoleon-armengol.com\/#\/schema\/logo\/image\/","url":"https:\/\/napoleon-armengol.com\/wp-content\/uploads\/2023\/04\/LOGO-ARMENGOL.png","contentUrl":"https:\/\/napoleon-armengol.com\/wp-content\/uploads\/2023\/04\/LOGO-ARMENGOL.png","width":460,"height":81,"caption":"Armengol"},"image":{"@id":"https:\/\/napoleon-armengol.com\/#\/schema\/logo\/image\/"}},{"@type":"Person","@id":"https:\/\/napoleon-armengol.com\/#\/schema\/person\/e558fc54676c8886a95c89646b733a67","name":"admin","sameAs":["http:\/\/napoleon-armengol.com"],"url":"https:\/\/napoleon-armengol.com\/en\/author\/admin_5wnh1vf4\/"}]}},"taxonomy_info":{"category":[{"value":69,"label":"Econom\u00eda"}],"post_tag":[{"value":96,"label":"ahorro energ\u00e9tico"},{"value":128,"label":"aumentar"},{"value":204,"label":"aumento"},{"value":205,"label":"casas"},{"value":131,"label":"creciendo"},{"value":133,"label":"descenso"},{"value":206,"label":"desventajas"},{"value":98,"label":"eficiencia energ\u00e9tica"},{"value":145,"label":"electricidad"},{"value":124,"label":"empresa"},{"value":165,"label":"empresas"},{"value":146,"label":"energ\u00eda"},{"value":207,"label":"gas"},{"value":208,"label":"horario"},{"value":209,"label":"horas"},{"value":210,"label":"mayor precio"},{"value":110,"label":"medio ambiente"},{"value":211,"label":"precio"},{"value":113,"label":"sostenible"},{"value":114,"label":"veh\u00edculos"},{"value":212,"label":"ventajas"},{"value":213,"label":"viviendas"}]},"featured_image_src_large":["https:\/\/napoleon-armengol.com\/wp-content\/uploads\/2018\/10\/bombillas_53876-33527.jpg",626,432,false],"author_info":{"display_name":"admin","author_link":"https:\/\/napoleon-armengol.com\/en\/author\/admin_5wnh1vf4\/"},"comment_info":0,"category_info":[{"term_id":69,"name":"Econom\u00eda","slug":"economia","term_group":0,"term_taxonomy_id":69,"taxonomy":"category","description":"","parent":0,"count":57,"filter":"raw","term_order":"0","cat_ID":69,"category_count":57,"category_description":"","cat_name":"Econom\u00eda","category_nicename":"economia","category_parent":0}],"tag_info":[{"term_id":96,"name":"ahorro energ\u00e9tico","slug":"ahorro-energetico","term_group":0,"term_taxonomy_id":96,"taxonomy":"post_tag","description":"","parent":0,"count":29,"filter":"raw","term_order":"0"},{"term_id":128,"name":"aumentar","slug":"aumentar","term_group":0,"term_taxonomy_id":128,"taxonomy":"post_tag","description":"","parent":0,"count":24,"filter":"raw","term_order":"0"},{"term_id":204,"name":"aumento","slug":"aumento","term_group":0,"term_taxonomy_id":204,"taxonomy":"post_tag","description":"","parent":0,"count":1,"filter":"raw","term_order":"0"},{"term_id":205,"name":"casas","slug":"casas","term_group":0,"term_taxonomy_id":205,"taxonomy":"post_tag","description":"","parent":0,"count":2,"filter":"raw","term_order":"0"},{"term_id":131,"name":"creciendo","slug":"creciendo","term_group":0,"term_taxonomy_id":131,"taxonomy":"post_tag","description":"","parent":0,"count":15,"filter":"raw","term_order":"0"},{"term_id":133,"name":"descenso","slug":"descenso","term_group":0,"term_taxonomy_id":133,"taxonomy":"post_tag","description":"","parent":0,"count":12,"filter":"raw","term_order":"0"},{"term_id":206,"name":"desventajas","slug":"desventajas","term_group":0,"term_taxonomy_id":206,"taxonomy":"post_tag","description":"","parent":0,"count":1,"filter":"raw","term_order":"0"},{"term_id":98,"name":"eficiencia energ\u00e9tica","slug":"eficiencia-energetica","term_group":0,"term_taxonomy_id":98,"taxonomy":"post_tag","description":"","parent":0,"count":36,"filter":"raw","term_order":"0"},{"term_id":145,"name":"electricidad","slug":"electricidad","term_group":0,"term_taxonomy_id":145,"taxonomy":"post_tag","description":"","parent":0,"count":14,"filter":"raw","term_order":"0"},{"term_id":124,"name":"empresa","slug":"empresa","term_group":0,"term_taxonomy_id":124,"taxonomy":"post_tag","description":"","parent":0,"count":24,"filter":"raw","term_order":"0"},{"term_id":165,"name":"empresas","slug":"empresas","term_group":0,"term_taxonomy_id":165,"taxonomy":"post_tag","description":"","parent":0,"count":13,"filter":"raw","term_order":"0"},{"term_id":146,"name":"energ\u00eda","slug":"energia","term_group":0,"term_taxonomy_id":146,"taxonomy":"post_tag","description":"","parent":0,"count":18,"filter":"raw","term_order":"0"},{"term_id":207,"name":"gas","slug":"gas","term_group":0,"term_taxonomy_id":207,"taxonomy":"post_tag","description":"","parent":0,"count":1,"filter":"raw","term_order":"0"},{"term_id":208,"name":"horario","slug":"horario","term_group":0,"term_taxonomy_id":208,"taxonomy":"post_tag","description":"","parent":0,"count":1,"filter":"raw","term_order":"0"},{"term_id":209,"name":"horas","slug":"horas","term_group":0,"term_taxonomy_id":209,"taxonomy":"post_tag","description":"","parent":0,"count":1,"filter":"raw","term_order":"0"},{"term_id":210,"name":"mayor precio","slug":"mayor-precio","term_group":0,"term_taxonomy_id":210,"taxonomy":"post_tag","description":"","parent":0,"count":1,"filter":"raw","term_order":"0"},{"term_id":110,"name":"medio ambiente","slug":"medio-ambiente","term_group":0,"term_taxonomy_id":110,"taxonomy":"post_tag","description":"","parent":0,"count":29,"filter":"raw","term_order":"0"},{"term_id":211,"name":"precio","slug":"precio","term_group":0,"term_taxonomy_id":211,"taxonomy":"post_tag","description":"","parent":0,"count":1,"filter":"raw","term_order":"0"},{"term_id":113,"name":"sostenible","slug":"sostenible","term_group":0,"term_taxonomy_id":113,"taxonomy":"post_tag","description":"","parent":0,"count":15,"filter":"raw","term_order":"0"},{"term_id":114,"name":"veh\u00edculos","slug":"vehiculos","term_group":0,"term_taxonomy_id":114,"taxonomy":"post_tag","description":"","parent":0,"count":18,"filter":"raw","term_order":"0"},{"term_id":212,"name":"ventajas","slug":"ventajas","term_group":0,"term_taxonomy_id":212,"taxonomy":"post_tag","description":"","parent":0,"count":4,"filter":"raw","term_order":"0"},{"term_id":213,"name":"viviendas","slug":"viviendas","term_group":0,"term_taxonomy_id":213,"taxonomy":"post_tag","description":"","parent":0,"count":1,"filter":"raw","term_order":"0"}],"_links":{"self":[{"href":"https:\/\/napoleon-armengol.com\/en\/wp-json\/wp\/v2\/posts\/160","targetHints":{"allow":["GET"]}}],"collection":[{"href":"https:\/\/napoleon-armengol.com\/en\/wp-json\/wp\/v2\/posts"}],"about":[{"href":"https:\/\/napoleon-armengol.com\/en\/wp-json\/wp\/v2\/types\/post"}],"author":[{"embeddable":true,"href":"https:\/\/napoleon-armengol.com\/en\/wp-json\/wp\/v2\/users\/1"}],"replies":[{"embeddable":true,"href":"https:\/\/napoleon-armengol.com\/en\/wp-json\/wp\/v2\/comments?post=160"}],"version-history":[{"count":1,"href":"https:\/\/napoleon-armengol.com\/en\/wp-json\/wp\/v2\/posts\/160\/revisions"}],"predecessor-version":[{"id":2366,"href":"https:\/\/napoleon-armengol.com\/en\/wp-json\/wp\/v2\/posts\/160\/revisions\/2366"}],"wp:featuredmedia":[{"embeddable":true,"href":"https:\/\/napoleon-armengol.com\/en\/wp-json\/wp\/v2\/media\/157"}],"wp:attachment":[{"href":"https:\/\/napoleon-armengol.com\/en\/wp-json\/wp\/v2\/media?parent=160"}],"wp:term":[{"taxonomy":"category","embeddable":true,"href":"https:\/\/napoleon-armengol.com\/en\/wp-json\/wp\/v2\/categories?post=160"},{"taxonomy":"post_tag","embeddable":true,"href":"https:\/\/napoleon-armengol.com\/en\/wp-json\/wp\/v2\/tags?post=160"}],"curies":[{"name":"wp","href":"https:\/\/api.w.org\/{rel}","templated":true}]}}