{"id":1982,"date":"2019-05-09T11:40:08","date_gmt":"2019-05-09T11:40:08","guid":{"rendered":"http:\/\/blog-napoleon-armengol.com\/?p=413"},"modified":"2024-01-24T12:24:44","modified_gmt":"2024-01-24T11:24:44","slug":"subida-del-impuesto-de-matriculacion-para-favorecer-al-coche-electrico","status":"publish","type":"post","link":"https:\/\/napoleon-armengol.com\/en\/subida-del-impuesto-de-matriculacion-para-favorecer-al-coche-electrico\/","title":{"rendered":"Increase in registration tax to favor electric cars"},"content":{"rendered":"<figure class=\"wp-block-image\"><img decoding=\"async\" src=\"http:\/\/blog-napoleon-armengol.com\/wp-content\/uploads\/2019\/05\/coche-el\u00e9ctrico-1-1.jpg\" alt=\"\" class=\"wp-image-417\"\/><\/figure>\n\n\n\n<p>The Government will increase the registration tax to penalize vehicles that pollute more and, thus, favoring the use of <strong>electric vehicle<\/strong>. A series of regulatory measures are being prepared that are focused on reducing the use of private vehicles in urban environments by 35% in 2030 and interurban traffic by 1.5% annually.<\/p>\n\n\n\n<figure class=\"wp-block-image\"><img decoding=\"async\" src=\"http:\/\/blog-napoleon-armengol.com\/wp-content\/uploads\/2019\/05\/coche-el\u00e9ctrico-2.jpg\" alt=\"\" class=\"wp-image-415\"\/><\/figure>\n\n\n\n<h2 class=\"wp-block-heading\"><strong>Sustainable package of measures<\/strong><\/h2>\n\n\n\n<p>It is a package of measures that will help generate more sustainable mobility, because it promotes teleworking, car sharing, the use of non-motorized means such as cycling or walking, etc. In addition, it includes a major tax reform of the two major taxes that drivers have to face, such as the Mechanical Traction Tax and the Registration Tax. The Government is preparing changes to both taxes that will penalize combustion vehicles, in order to accelerate the transition to <strong>electric car<\/strong>.<\/p>\n\n\n\n<p>Regarding the registration tax, the Government&#039;s intention is to focus it on vehicles with lower consumption by updating the emissions brackets on which the tax is based, with the aim of bringing forward the parity of the price of electric vehicles with thermal vehicles. , which represents an increase in them.<\/p>\n\n\n\n<p>And with regard to the reform of the tax on mechanically powered vehicles, which is collected by local entities on the basis of fiscal horsepower, the Government wants to reorient it towards a tax based on the emission of pollutants, based on the Euro standard and the DGT environmental label, penalizing all older vehicles that generate more emissions.<\/p>\n\n\n\n<p>The European Commission is working on a broad reform of environmental taxation to guide and adapt it to the climate change commitments planned for the year 2050, to try to reduce CO2 emissions and proposing the creation of new tax figures linked to NOx emissions. , which is the combination of nitric oxide and nitrogen dioxide gases.<\/p>\n\n\n\n<p>These measures will also focus on providing information on the <strong>electric vehicle<\/strong>, the price and location of charging points through all types of channels, in line with the requirements of community regulations. In addition to launching non-refundable programs that help multiply the budget, which is available to individuals and companies for the acquisition of <strong>electric vehicles<\/strong>.\n<\/p>\n\n\n\n<p>Investment will also be made in the installation of electric charging points in service areas and work centers and the signing of agreements with car-sharing companies will be promoted. Investment will be made in energy matters and local participation in renewable projects will be promoted. Renewable gases will be promoted and a national strategy for self-consumption will be carried out. In short, very positive news for the planet and the environment, with which we will be able to reduce the emission of polluting gases thanks to the use of <strong>electric vehicle<\/strong><\/p>","protected":false},"excerpt":{"rendered":"<p>El Gobierno subir\u00e1 el impuesto de matriculaci\u00f3n para penalizar los veh\u00edculos que contaminan m\u00e1s y favoreciendo, as\u00ed, el uso del veh\u00edculo el\u00e9ctrico. Se est\u00e1n preparando una serie de medidas regulatorias que est\u00e1n centradas en reducir el uso del veh\u00edculo privado en entornos urbanos del orden de un 35% en el a\u00f1o 2030 y de los&#8230;<\/p>","protected":false},"author":1,"featured_media":414,"comment_status":"closed","ping_status":"closed","sticky":false,"template":"","format":"standard","meta":{"_acf_changed":false,"_kad_blocks_custom_css":"","_kad_blocks_head_custom_js":"","_kad_blocks_body_custom_js":"","_kad_blocks_footer_custom_js":"","_kad_post_transparent":"","_kad_post_title":"","_kad_post_layout":"","_kad_post_sidebar_id":"","_kad_post_content_style":"","_kad_post_vertical_padding":"","_kad_post_feature":"","_kad_post_feature_position":"","_kad_post_header":false,"_kad_post_footer":false,"footnotes":""},"categories":[68],"tags":[95,361,362,111,363,364],"class_list":["post-1982","post","type-post","status-publish","format-standard","has-post-thumbnail","hentry","category-coche-eletrico","tag-coche-electrico","tag-impuesto-coches","tag-impuesto-matriculacion","tag-movilidad-sostenible","tag-subida-de-impuestos","tag-vehiculo-electrico"],"acf":[],"yoast_head":"<!-- This site is optimized with the Yoast SEO plugin v27.4 - https:\/\/yoast.com\/product\/yoast-seo-wordpress\/ -->\n<title>Subida del impuesto de matriculaci\u00f3n para favorecer al coche el\u00e9ctrico - Armengol<\/title>\n<meta name=\"robots\" content=\"index, follow, max-snippet:-1, max-image-preview:large, max-video-preview:-1\" \/>\n<link rel=\"canonical\" href=\"https:\/\/napoleon-armengol.com\/en\/subida-del-impuesto-de-matriculacion-para-favorecer-al-coche-electrico\/\" \/>\n<meta property=\"og:locale\" content=\"en_GB\" \/>\n<meta property=\"og:type\" content=\"article\" \/>\n<meta property=\"og:title\" content=\"Subida del impuesto de matriculaci\u00f3n para favorecer al coche el\u00e9ctrico - Armengol\" \/>\n<meta property=\"og:description\" content=\"El Gobierno subir\u00e1 el impuesto de matriculaci\u00f3n para penalizar los veh\u00edculos que contaminan m\u00e1s y favoreciendo, as\u00ed, el uso del veh\u00edculo el\u00e9ctrico. Se est\u00e1n preparando una serie de medidas regulatorias que est\u00e1n centradas en reducir el uso del veh\u00edculo privado en entornos urbanos del orden de un 35% en el a\u00f1o 2030 y de los...\" \/>\n<meta property=\"og:url\" content=\"https:\/\/napoleon-armengol.com\/en\/subida-del-impuesto-de-matriculacion-para-favorecer-al-coche-electrico\/\" \/>\n<meta property=\"og:site_name\" content=\"Armengol\" \/>\n<meta property=\"article:published_time\" content=\"2019-05-09T11:40:08+00:00\" \/>\n<meta property=\"article:modified_time\" content=\"2024-01-24T11:24:44+00:00\" \/>\n<meta property=\"og:image\" content=\"https:\/\/napoleon-armengol.com\/wp-content\/uploads\/2019\/05\/coche-electrico-1.jpg\" \/>\n\t<meta property=\"og:image:width\" content=\"960\" \/>\n\t<meta property=\"og:image:height\" content=\"640\" \/>\n\t<meta property=\"og:image:type\" content=\"image\/jpeg\" \/>\n<meta name=\"author\" content=\"admin\" \/>\n<meta name=\"twitter:card\" content=\"summary_large_image\" \/>\n<meta name=\"twitter:label1\" content=\"Written by\" \/>\n\t<meta name=\"twitter:data1\" content=\"admin\" \/>\n\t<meta name=\"twitter:label2\" content=\"Estimated reading time\" \/>\n\t<meta name=\"twitter:data2\" content=\"3 minutes\" \/>\n<script type=\"application\/ld+json\" class=\"yoast-schema-graph\">{\"@context\":\"https:\\\/\\\/schema.org\",\"@graph\":[{\"@type\":\"Article\",\"@id\":\"https:\\\/\\\/napoleon-armengol.com\\\/subida-del-impuesto-de-matriculacion-para-favorecer-al-coche-electrico\\\/#article\",\"isPartOf\":{\"@id\":\"https:\\\/\\\/napoleon-armengol.com\\\/subida-del-impuesto-de-matriculacion-para-favorecer-al-coche-electrico\\\/\"},\"author\":{\"name\":\"admin\",\"@id\":\"https:\\\/\\\/napoleon-armengol.com\\\/#\\\/schema\\\/person\\\/e558fc54676c8886a95c89646b733a67\"},\"headline\":\"Subida del impuesto de matriculaci\u00f3n para favorecer al coche el\u00e9ctrico\",\"datePublished\":\"2019-05-09T11:40:08+00:00\",\"dateModified\":\"2024-01-24T11:24:44+00:00\",\"mainEntityOfPage\":{\"@id\":\"https:\\\/\\\/napoleon-armengol.com\\\/subida-del-impuesto-de-matriculacion-para-favorecer-al-coche-electrico\\\/\"},\"wordCount\":572,\"publisher\":{\"@id\":\"https:\\\/\\\/napoleon-armengol.com\\\/#organization\"},\"image\":{\"@id\":\"https:\\\/\\\/napoleon-armengol.com\\\/subida-del-impuesto-de-matriculacion-para-favorecer-al-coche-electrico\\\/#primaryimage\"},\"thumbnailUrl\":\"https:\\\/\\\/napoleon-armengol.com\\\/wp-content\\\/uploads\\\/2019\\\/05\\\/coche-electrico-1.jpg\",\"keywords\":[\"Coche el\u00e9ctrico\",\"impuesto coches\",\"impuesto matriculaci\u00f3n\",\"movilidad sostenible\",\"subida de impuestos\",\"veh\u00edculo el\u00e9ctrico\"],\"articleSection\":[\"Coche el\u00e9trico\"],\"inLanguage\":\"en-GB\"},{\"@type\":\"WebPage\",\"@id\":\"https:\\\/\\\/napoleon-armengol.com\\\/subida-del-impuesto-de-matriculacion-para-favorecer-al-coche-electrico\\\/\",\"url\":\"https:\\\/\\\/napoleon-armengol.com\\\/subida-del-impuesto-de-matriculacion-para-favorecer-al-coche-electrico\\\/\",\"name\":\"Subida del impuesto de matriculaci\u00f3n para favorecer al coche el\u00e9ctrico - Armengol\",\"isPartOf\":{\"@id\":\"https:\\\/\\\/napoleon-armengol.com\\\/#website\"},\"primaryImageOfPage\":{\"@id\":\"https:\\\/\\\/napoleon-armengol.com\\\/subida-del-impuesto-de-matriculacion-para-favorecer-al-coche-electrico\\\/#primaryimage\"},\"image\":{\"@id\":\"https:\\\/\\\/napoleon-armengol.com\\\/subida-del-impuesto-de-matriculacion-para-favorecer-al-coche-electrico\\\/#primaryimage\"},\"thumbnailUrl\":\"https:\\\/\\\/napoleon-armengol.com\\\/wp-content\\\/uploads\\\/2019\\\/05\\\/coche-electrico-1.jpg\",\"datePublished\":\"2019-05-09T11:40:08+00:00\",\"dateModified\":\"2024-01-24T11:24:44+00:00\",\"breadcrumb\":{\"@id\":\"https:\\\/\\\/napoleon-armengol.com\\\/subida-del-impuesto-de-matriculacion-para-favorecer-al-coche-electrico\\\/#breadcrumb\"},\"inLanguage\":\"en-GB\",\"potentialAction\":[{\"@type\":\"ReadAction\",\"target\":[\"https:\\\/\\\/napoleon-armengol.com\\\/subida-del-impuesto-de-matriculacion-para-favorecer-al-coche-electrico\\\/\"]}]},{\"@type\":\"ImageObject\",\"inLanguage\":\"en-GB\",\"@id\":\"https:\\\/\\\/napoleon-armengol.com\\\/subida-del-impuesto-de-matriculacion-para-favorecer-al-coche-electrico\\\/#primaryimage\",\"url\":\"https:\\\/\\\/napoleon-armengol.com\\\/wp-content\\\/uploads\\\/2019\\\/05\\\/coche-electrico-1.jpg\",\"contentUrl\":\"https:\\\/\\\/napoleon-armengol.com\\\/wp-content\\\/uploads\\\/2019\\\/05\\\/coche-electrico-1.jpg\",\"width\":960,\"height\":640},{\"@type\":\"BreadcrumbList\",\"@id\":\"https:\\\/\\\/napoleon-armengol.com\\\/subida-del-impuesto-de-matriculacion-para-favorecer-al-coche-electrico\\\/#breadcrumb\",\"itemListElement\":[{\"@type\":\"ListItem\",\"position\":1,\"name\":\"Portada\",\"item\":\"https:\\\/\\\/napoleon-armengol.com\\\/\"},{\"@type\":\"ListItem\",\"position\":2,\"name\":\"Subida del impuesto de matriculaci\u00f3n para favorecer al coche el\u00e9ctrico\"}]},{\"@type\":\"WebSite\",\"@id\":\"https:\\\/\\\/napoleon-armengol.com\\\/#website\",\"url\":\"https:\\\/\\\/napoleon-armengol.com\\\/\",\"name\":\"Armengol\",\"description\":\"Seguridad y especializaci\u00f3n\",\"publisher\":{\"@id\":\"https:\\\/\\\/napoleon-armengol.com\\\/#organization\"},\"potentialAction\":[{\"@type\":\"SearchAction\",\"target\":{\"@type\":\"EntryPoint\",\"urlTemplate\":\"https:\\\/\\\/napoleon-armengol.com\\\/?s={search_term_string}\"},\"query-input\":{\"@type\":\"PropertyValueSpecification\",\"valueRequired\":true,\"valueName\":\"search_term_string\"}}],\"inLanguage\":\"en-GB\"},{\"@type\":\"Organization\",\"@id\":\"https:\\\/\\\/napoleon-armengol.com\\\/#organization\",\"name\":\"Armengol\",\"url\":\"https:\\\/\\\/napoleon-armengol.com\\\/\",\"logo\":{\"@type\":\"ImageObject\",\"inLanguage\":\"en-GB\",\"@id\":\"https:\\\/\\\/napoleon-armengol.com\\\/#\\\/schema\\\/logo\\\/image\\\/\",\"url\":\"https:\\\/\\\/napoleon-armengol.com\\\/wp-content\\\/uploads\\\/2023\\\/04\\\/LOGO-ARMENGOL.png\",\"contentUrl\":\"https:\\\/\\\/napoleon-armengol.com\\\/wp-content\\\/uploads\\\/2023\\\/04\\\/LOGO-ARMENGOL.png\",\"width\":460,\"height\":81,\"caption\":\"Armengol\"},\"image\":{\"@id\":\"https:\\\/\\\/napoleon-armengol.com\\\/#\\\/schema\\\/logo\\\/image\\\/\"}},{\"@type\":\"Person\",\"@id\":\"https:\\\/\\\/napoleon-armengol.com\\\/#\\\/schema\\\/person\\\/e558fc54676c8886a95c89646b733a67\",\"name\":\"admin\",\"sameAs\":[\"http:\\\/\\\/napoleon-armengol.com\"],\"url\":\"https:\\\/\\\/napoleon-armengol.com\\\/en\\\/author\\\/admin_5wnh1vf4\\\/\"}]}<\/script>\n<!-- \/ Yoast SEO plugin. -->","yoast_head_json":{"title":"Subida del impuesto de matriculaci\u00f3n para favorecer al coche el\u00e9ctrico - Armengol","robots":{"index":"index","follow":"follow","max-snippet":"max-snippet:-1","max-image-preview":"max-image-preview:large","max-video-preview":"max-video-preview:-1"},"canonical":"https:\/\/napoleon-armengol.com\/en\/subida-del-impuesto-de-matriculacion-para-favorecer-al-coche-electrico\/","og_locale":"en_GB","og_type":"article","og_title":"Subida del impuesto de matriculaci\u00f3n para favorecer al coche el\u00e9ctrico - Armengol","og_description":"El Gobierno subir\u00e1 el impuesto de matriculaci\u00f3n para penalizar los veh\u00edculos que contaminan m\u00e1s y favoreciendo, as\u00ed, el uso del veh\u00edculo el\u00e9ctrico. Se est\u00e1n preparando una serie de medidas regulatorias que est\u00e1n centradas en reducir el uso del veh\u00edculo privado en entornos urbanos del orden de un 35% en el a\u00f1o 2030 y de los...","og_url":"https:\/\/napoleon-armengol.com\/en\/subida-del-impuesto-de-matriculacion-para-favorecer-al-coche-electrico\/","og_site_name":"Armengol","article_published_time":"2019-05-09T11:40:08+00:00","article_modified_time":"2024-01-24T11:24:44+00:00","og_image":[{"width":960,"height":640,"url":"https:\/\/napoleon-armengol.com\/wp-content\/uploads\/2019\/05\/coche-electrico-1.jpg","type":"image\/jpeg"}],"author":"admin","twitter_card":"summary_large_image","twitter_misc":{"Written by":"admin","Estimated reading time":"3 minutes"},"schema":{"@context":"https:\/\/schema.org","@graph":[{"@type":"Article","@id":"https:\/\/napoleon-armengol.com\/subida-del-impuesto-de-matriculacion-para-favorecer-al-coche-electrico\/#article","isPartOf":{"@id":"https:\/\/napoleon-armengol.com\/subida-del-impuesto-de-matriculacion-para-favorecer-al-coche-electrico\/"},"author":{"name":"admin","@id":"https:\/\/napoleon-armengol.com\/#\/schema\/person\/e558fc54676c8886a95c89646b733a67"},"headline":"Subida del impuesto de matriculaci\u00f3n para favorecer al coche el\u00e9ctrico","datePublished":"2019-05-09T11:40:08+00:00","dateModified":"2024-01-24T11:24:44+00:00","mainEntityOfPage":{"@id":"https:\/\/napoleon-armengol.com\/subida-del-impuesto-de-matriculacion-para-favorecer-al-coche-electrico\/"},"wordCount":572,"publisher":{"@id":"https:\/\/napoleon-armengol.com\/#organization"},"image":{"@id":"https:\/\/napoleon-armengol.com\/subida-del-impuesto-de-matriculacion-para-favorecer-al-coche-electrico\/#primaryimage"},"thumbnailUrl":"https:\/\/napoleon-armengol.com\/wp-content\/uploads\/2019\/05\/coche-electrico-1.jpg","keywords":["Coche el\u00e9ctrico","impuesto coches","impuesto matriculaci\u00f3n","movilidad sostenible","subida de impuestos","veh\u00edculo el\u00e9ctrico"],"articleSection":["Coche el\u00e9trico"],"inLanguage":"en-GB"},{"@type":"WebPage","@id":"https:\/\/napoleon-armengol.com\/subida-del-impuesto-de-matriculacion-para-favorecer-al-coche-electrico\/","url":"https:\/\/napoleon-armengol.com\/subida-del-impuesto-de-matriculacion-para-favorecer-al-coche-electrico\/","name":"Subida del impuesto de matriculaci\u00f3n para favorecer al coche el\u00e9ctrico - Armengol","isPartOf":{"@id":"https:\/\/napoleon-armengol.com\/#website"},"primaryImageOfPage":{"@id":"https:\/\/napoleon-armengol.com\/subida-del-impuesto-de-matriculacion-para-favorecer-al-coche-electrico\/#primaryimage"},"image":{"@id":"https:\/\/napoleon-armengol.com\/subida-del-impuesto-de-matriculacion-para-favorecer-al-coche-electrico\/#primaryimage"},"thumbnailUrl":"https:\/\/napoleon-armengol.com\/wp-content\/uploads\/2019\/05\/coche-electrico-1.jpg","datePublished":"2019-05-09T11:40:08+00:00","dateModified":"2024-01-24T11:24:44+00:00","breadcrumb":{"@id":"https:\/\/napoleon-armengol.com\/subida-del-impuesto-de-matriculacion-para-favorecer-al-coche-electrico\/#breadcrumb"},"inLanguage":"en-GB","potentialAction":[{"@type":"ReadAction","target":["https:\/\/napoleon-armengol.com\/subida-del-impuesto-de-matriculacion-para-favorecer-al-coche-electrico\/"]}]},{"@type":"ImageObject","inLanguage":"en-GB","@id":"https:\/\/napoleon-armengol.com\/subida-del-impuesto-de-matriculacion-para-favorecer-al-coche-electrico\/#primaryimage","url":"https:\/\/napoleon-armengol.com\/wp-content\/uploads\/2019\/05\/coche-electrico-1.jpg","contentUrl":"https:\/\/napoleon-armengol.com\/wp-content\/uploads\/2019\/05\/coche-electrico-1.jpg","width":960,"height":640},{"@type":"BreadcrumbList","@id":"https:\/\/napoleon-armengol.com\/subida-del-impuesto-de-matriculacion-para-favorecer-al-coche-electrico\/#breadcrumb","itemListElement":[{"@type":"ListItem","position":1,"name":"Portada","item":"https:\/\/napoleon-armengol.com\/"},{"@type":"ListItem","position":2,"name":"Subida del impuesto de matriculaci\u00f3n para favorecer al coche el\u00e9ctrico"}]},{"@type":"WebSite","@id":"https:\/\/napoleon-armengol.com\/#website","url":"https:\/\/napoleon-armengol.com\/","name":"Armengol","description":"Seguridad y especializaci\u00f3n","publisher":{"@id":"https:\/\/napoleon-armengol.com\/#organization"},"potentialAction":[{"@type":"SearchAction","target":{"@type":"EntryPoint","urlTemplate":"https:\/\/napoleon-armengol.com\/?s={search_term_string}"},"query-input":{"@type":"PropertyValueSpecification","valueRequired":true,"valueName":"search_term_string"}}],"inLanguage":"en-GB"},{"@type":"Organization","@id":"https:\/\/napoleon-armengol.com\/#organization","name":"Armengol","url":"https:\/\/napoleon-armengol.com\/","logo":{"@type":"ImageObject","inLanguage":"en-GB","@id":"https:\/\/napoleon-armengol.com\/#\/schema\/logo\/image\/","url":"https:\/\/napoleon-armengol.com\/wp-content\/uploads\/2023\/04\/LOGO-ARMENGOL.png","contentUrl":"https:\/\/napoleon-armengol.com\/wp-content\/uploads\/2023\/04\/LOGO-ARMENGOL.png","width":460,"height":81,"caption":"Armengol"},"image":{"@id":"https:\/\/napoleon-armengol.com\/#\/schema\/logo\/image\/"}},{"@type":"Person","@id":"https:\/\/napoleon-armengol.com\/#\/schema\/person\/e558fc54676c8886a95c89646b733a67","name":"admin","sameAs":["http:\/\/napoleon-armengol.com"],"url":"https:\/\/napoleon-armengol.com\/en\/author\/admin_5wnh1vf4\/"}]}},"taxonomy_info":{"category":[{"value":68,"label":"Coche el\u00e9trico"}],"post_tag":[{"value":95,"label":"Coche el\u00e9ctrico"},{"value":361,"label":"impuesto coches"},{"value":362,"label":"impuesto matriculaci\u00f3n"},{"value":111,"label":"movilidad sostenible"},{"value":363,"label":"subida de impuestos"},{"value":364,"label":"veh\u00edculo el\u00e9ctrico"}]},"featured_image_src_large":["https:\/\/napoleon-armengol.com\/wp-content\/uploads\/2019\/05\/coche-electrico-1.jpg",960,640,false],"author_info":{"display_name":"admin","author_link":"https:\/\/napoleon-armengol.com\/en\/author\/admin_5wnh1vf4\/"},"comment_info":0,"category_info":[{"term_id":68,"name":"Coche el\u00e9trico","slug":"coche-eletrico","term_group":0,"term_taxonomy_id":68,"taxonomy":"category","description":"","parent":0,"count":63,"filter":"raw","term_order":"0","cat_ID":68,"category_count":63,"category_description":"","cat_name":"Coche el\u00e9trico","category_nicename":"coche-eletrico","category_parent":0}],"tag_info":[{"term_id":95,"name":"Coche el\u00e9ctrico","slug":"coche-electrico","term_group":0,"term_taxonomy_id":95,"taxonomy":"post_tag","description":"","parent":0,"count":45,"filter":"raw","term_order":"0"},{"term_id":361,"name":"impuesto coches","slug":"impuesto-coches","term_group":0,"term_taxonomy_id":361,"taxonomy":"post_tag","description":"","parent":0,"count":1,"filter":"raw","term_order":"0"},{"term_id":362,"name":"impuesto matriculaci\u00f3n","slug":"impuesto-matriculacion","term_group":0,"term_taxonomy_id":362,"taxonomy":"post_tag","description":"","parent":0,"count":1,"filter":"raw","term_order":"0"},{"term_id":111,"name":"movilidad sostenible","slug":"movilidad-sostenible","term_group":0,"term_taxonomy_id":111,"taxonomy":"post_tag","description":"","parent":0,"count":31,"filter":"raw","term_order":"0"},{"term_id":363,"name":"subida de impuestos","slug":"subida-de-impuestos","term_group":0,"term_taxonomy_id":363,"taxonomy":"post_tag","description":"","parent":0,"count":1,"filter":"raw","term_order":"0"},{"term_id":364,"name":"veh\u00edculo el\u00e9ctrico","slug":"vehiculo-electrico","term_group":0,"term_taxonomy_id":364,"taxonomy":"post_tag","description":"","parent":0,"count":6,"filter":"raw","term_order":"0"}],"_links":{"self":[{"href":"https:\/\/napoleon-armengol.com\/en\/wp-json\/wp\/v2\/posts\/1982","targetHints":{"allow":["GET"]}}],"collection":[{"href":"https:\/\/napoleon-armengol.com\/en\/wp-json\/wp\/v2\/posts"}],"about":[{"href":"https:\/\/napoleon-armengol.com\/en\/wp-json\/wp\/v2\/types\/post"}],"author":[{"embeddable":true,"href":"https:\/\/napoleon-armengol.com\/en\/wp-json\/wp\/v2\/users\/1"}],"replies":[{"embeddable":true,"href":"https:\/\/napoleon-armengol.com\/en\/wp-json\/wp\/v2\/comments?post=1982"}],"version-history":[{"count":1,"href":"https:\/\/napoleon-armengol.com\/en\/wp-json\/wp\/v2\/posts\/1982\/revisions"}],"predecessor-version":[{"id":2323,"href":"https:\/\/napoleon-armengol.com\/en\/wp-json\/wp\/v2\/posts\/1982\/revisions\/2323"}],"wp:featuredmedia":[{"embeddable":true,"href":"https:\/\/napoleon-armengol.com\/en\/wp-json\/wp\/v2\/media\/414"}],"wp:attachment":[{"href":"https:\/\/napoleon-armengol.com\/en\/wp-json\/wp\/v2\/media?parent=1982"}],"wp:term":[{"taxonomy":"category","embeddable":true,"href":"https:\/\/napoleon-armengol.com\/en\/wp-json\/wp\/v2\/categories?post=1982"},{"taxonomy":"post_tag","embeddable":true,"href":"https:\/\/napoleon-armengol.com\/en\/wp-json\/wp\/v2\/tags?post=1982"}],"curies":[{"name":"wp","href":"https:\/\/api.w.org\/{rel}","templated":true}]}}