{"id":1983,"date":"2019-05-22T12:05:19","date_gmt":"2019-05-22T12:05:19","guid":{"rendered":"http:\/\/blog-napoleon-armengol.com\/?p=420"},"modified":"2024-01-24T12:24:40","modified_gmt":"2024-01-24T11:24:40","slug":"la-industria-espanola-factura-un-35-mas-en-el-mes-de-marzo","status":"publish","type":"post","link":"https:\/\/napoleon-armengol.com\/en\/la-industria-espanola-factura-un-35-mas-en-el-mes-de-marzo\/","title":{"rendered":"The Spanish industry invoices 3.5% more in the month of March"},"content":{"rendered":"<p>El pasado mes de marzo la <strong>industria espa\u00f1ola<\/strong> factur\u00f3 un 3,5% m\u00e1s que en el mismo mes del a\u00f1o pasado y la entrada de pedidos ha avanzado un 3,1% seg\u00fan afirman los datos publicados por el Instituto Nacional de Estad\u00edstica (INE).<\/p>\n\n\n\n<p>Durante el mes de marzo, todos los sectores de la <strong>industria espa\u00f1ola <\/strong>elevaron sus ventas viviendo crecimientos de hasta el 11,8% en energ\u00eda, el 4,4% en bienes intermedios, el 2,5% en bienes de equipo y el 1% en bienes de consumo. En Espa\u00f1a, la facturaci\u00f3n de la <strong>industria espa\u00f1ola<\/strong> encadena tres meses de tasas interanuales positivas, aunque que los pedidos suman dos meses de alzas despu\u00e9s de un mal arranque de a\u00f1o. En el caso de la cifra de negocios, la tasa de marzo ha sido una d\u00e9cima superior a la de febrero, mientras que en los pedidos la tasa interanual ha sido 2,2 puntos inferior.<\/p>\n\n\n\n<figure class=\"wp-block-image\"><img decoding=\"async\" src=\"http:\/\/blog-napoleon-armengol.com\/wp-content\/uploads\/2019\/05\/industria-espa\u00f1ola-2.jpg\" alt=\"\" class=\"wp-image-422\"\/><\/figure>\n\n\n\n<h2 class=\"wp-block-heading\"><strong>Datos a tener en cuenta<\/strong><strong><\/strong><\/h2>\n\n\n\n<p>Las\nexportaciones realizadas a pa\u00edses fuera de la zona euro despuntaron con un 4,3%\ny aquellas que estaban dirigidas a mercados que comparten la moneda \u00fanica, fue\ndel 4%. En el mercado nacional el aumento de la facturaci\u00f3n fue del 3%. <\/p>\n\n\n\n<p>En cuanto a\nlos pedidos, los que proceden de fuera de la\nzona euro se sumaron un avance del 3,2 %, aquellos correspondientes a pa\u00edses\ndel euro aumentaron el 6 % y aquellos del mercado interior el 2 %. En cuanto a\nla entrada de pedidos, en lo que se refiere a bienes de consumo subi\u00f3 el 0,5 %,\nen bienes de equipo 5,1 %, en bienes intermedios el 1,9 % y en cuanto a la\nenerg\u00eda el 11,8 %.<\/p>\n\n\n\n<p>Si nos\nreferimos a las comunidades aut\u00f3nomas, la cifra de negocios aument\u00f3 en todas\nellos, salvo en Castilla y Le\u00f3n (8,2 %), Asturias (4,7 %) y Cantabria (2,2 %).\nLos aumentos m\u00e1s destacados fueron para Castilla-La Mancha (13,4 %), Murcia\n(10,6 %) y Madrid (10,4 %).<\/p>\n\n\n\n<h2 class=\"wp-block-heading\"><strong>El Gran descenso de la industria en Castilla y Le\u00f3n<\/strong><\/h2>\n\n\n\n<p>Y la entrada de carga de trabajo,\nsi hablamos de las comunidades aut\u00f3nomas subi\u00f3 en todas, a excepci\u00f3n de\nCastilla y Le\u00f3n (9,4 %) y Cantabria (4,4 %). Los mayores crecimientos se dieron\nen Castilla-La Mancha (16,1 %), Murcia (10,6 %), Asturias (9,8 %) y La Rioja\n(7,9 %). Castilla y Le\u00f3n registra el mayor descenso de la facturaci\u00f3n del\nsector industrial que cay\u00f3 en tres autonom\u00edas y aument\u00f3 en el resto lideradas\npor Castilla-La Mancha, con un 13,4 por ciento.<\/p>\n\n\n\n<p>La cifra de negocios de la <strong>industria espa\u00f1ola<\/strong> , si hablamos de Castilla y Le\u00f3n, cay\u00f3 un 8,2% el pasado mes de marzo respecto al mismo mes del a\u00f1o pasado, frente a un 3,5% en Espa\u00f1a, mientras que las entradas de pedidos del sector bajaron un 9,4% (3,1 % en el resto del pa\u00eds), seg\u00fan los datos publicados por el Instituto Nacional de Estad\u00edstica (INE).<\/p>","protected":false},"excerpt":{"rendered":"<p>El pasado mes de marzo la industria espa\u00f1ola factur\u00f3 un 3,5% m\u00e1s que en el mismo mes del a\u00f1o pasado y la entrada de pedidos ha avanzado un 3,1% seg\u00fan afirman los datos publicados por el Instituto Nacional de Estad\u00edstica (INE). Durante el mes de marzo, todos los sectores de la industria espa\u00f1ola elevaron sus&#8230;<\/p>","protected":false},"author":1,"featured_media":1785,"comment_status":"closed","ping_status":"closed","sticky":false,"template":"","format":"standard","meta":{"_acf_changed":false,"_kad_blocks_custom_css":"","_kad_blocks_head_custom_js":"","_kad_blocks_body_custom_js":"","_kad_blocks_footer_custom_js":"","_kad_post_transparent":"","_kad_post_title":"","_kad_post_layout":"","_kad_post_sidebar_id":"","_kad_post_content_style":"","_kad_post_vertical_padding":"","_kad_post_feature":"","_kad_post_feature_position":"","_kad_post_header":false,"_kad_post_footer":false,"footnotes":""},"categories":[69],"tags":[365,366,367],"class_list":["post-1983","post","type-post","status-publish","format-standard","has-post-thumbnail","hentry","category-economia","tag-industria","tag-industria-espanola","tag-sectores-industriales"],"acf":[],"yoast_head":"<!-- This site is optimized with the Yoast SEO plugin v27.4 - https:\/\/yoast.com\/product\/yoast-seo-wordpress\/ -->\n<title>La industria espa\u00f1ola factura un 3,5% m\u00e1s en el mes de marzo - Armengol<\/title>\n<meta name=\"robots\" content=\"index, follow, max-snippet:-1, max-image-preview:large, max-video-preview:-1\" \/>\n<link rel=\"canonical\" href=\"https:\/\/napoleon-armengol.com\/en\/la-industria-espanola-factura-un-35-mas-en-el-mes-de-marzo\/\" \/>\n<meta property=\"og:locale\" content=\"en_GB\" \/>\n<meta property=\"og:type\" content=\"article\" \/>\n<meta property=\"og:title\" content=\"La industria espa\u00f1ola factura un 3,5% m\u00e1s en el mes de marzo - Armengol\" \/>\n<meta property=\"og:description\" content=\"El pasado mes de marzo la industria espa\u00f1ola factur\u00f3 un 3,5% m\u00e1s que en el mismo mes del a\u00f1o pasado y la entrada de pedidos ha avanzado un 3,1% seg\u00fan afirman los datos publicados por el Instituto Nacional de Estad\u00edstica (INE). Durante el mes de marzo, todos los sectores de la industria espa\u00f1ola elevaron sus...\" \/>\n<meta property=\"og:url\" content=\"https:\/\/napoleon-armengol.com\/en\/la-industria-espanola-factura-un-35-mas-en-el-mes-de-marzo\/\" \/>\n<meta property=\"og:site_name\" content=\"Armengol\" \/>\n<meta property=\"article:published_time\" content=\"2019-05-22T12:05:19+00:00\" \/>\n<meta property=\"article:modified_time\" content=\"2024-01-24T11:24:40+00:00\" \/>\n<meta property=\"og:image\" content=\"https:\/\/napoleon-armengol.com\/wp-content\/uploads\/2019\/05\/industria-espanola-1.jpg\" \/>\n\t<meta property=\"og:image:width\" content=\"960\" \/>\n\t<meta property=\"og:image:height\" content=\"694\" \/>\n\t<meta property=\"og:image:type\" content=\"image\/jpeg\" \/>\n<meta name=\"author\" content=\"admin\" \/>\n<meta name=\"twitter:card\" content=\"summary_large_image\" \/>\n<meta name=\"twitter:label1\" content=\"Written by\" \/>\n\t<meta name=\"twitter:data1\" content=\"admin\" \/>\n\t<meta name=\"twitter:label2\" content=\"Estimated reading time\" \/>\n\t<meta name=\"twitter:data2\" content=\"2 minutes\" \/>\n<script type=\"application\/ld+json\" class=\"yoast-schema-graph\">{\"@context\":\"https:\\\/\\\/schema.org\",\"@graph\":[{\"@type\":\"Article\",\"@id\":\"https:\\\/\\\/napoleon-armengol.com\\\/la-industria-espanola-factura-un-35-mas-en-el-mes-de-marzo\\\/#article\",\"isPartOf\":{\"@id\":\"https:\\\/\\\/napoleon-armengol.com\\\/la-industria-espanola-factura-un-35-mas-en-el-mes-de-marzo\\\/\"},\"author\":{\"name\":\"admin\",\"@id\":\"https:\\\/\\\/napoleon-armengol.com\\\/#\\\/schema\\\/person\\\/e558fc54676c8886a95c89646b733a67\"},\"headline\":\"La industria espa\u00f1ola factura un 3,5% m\u00e1s en el mes de marzo\",\"datePublished\":\"2019-05-22T12:05:19+00:00\",\"dateModified\":\"2024-01-24T11:24:40+00:00\",\"mainEntityOfPage\":{\"@id\":\"https:\\\/\\\/napoleon-armengol.com\\\/la-industria-espanola-factura-un-35-mas-en-el-mes-de-marzo\\\/\"},\"wordCount\":467,\"publisher\":{\"@id\":\"https:\\\/\\\/napoleon-armengol.com\\\/#organization\"},\"image\":{\"@id\":\"https:\\\/\\\/napoleon-armengol.com\\\/la-industria-espanola-factura-un-35-mas-en-el-mes-de-marzo\\\/#primaryimage\"},\"thumbnailUrl\":\"https:\\\/\\\/napoleon-armengol.com\\\/wp-content\\\/uploads\\\/2019\\\/05\\\/industria-espanola-1.jpg\",\"keywords\":[\"industria\",\"industria espa\u00f1ola\",\"sectores industriales\"],\"articleSection\":[\"Econom\u00eda\"],\"inLanguage\":\"en-GB\"},{\"@type\":\"WebPage\",\"@id\":\"https:\\\/\\\/napoleon-armengol.com\\\/la-industria-espanola-factura-un-35-mas-en-el-mes-de-marzo\\\/\",\"url\":\"https:\\\/\\\/napoleon-armengol.com\\\/la-industria-espanola-factura-un-35-mas-en-el-mes-de-marzo\\\/\",\"name\":\"La industria espa\u00f1ola factura un 3,5% m\u00e1s en el mes de marzo - Armengol\",\"isPartOf\":{\"@id\":\"https:\\\/\\\/napoleon-armengol.com\\\/#website\"},\"primaryImageOfPage\":{\"@id\":\"https:\\\/\\\/napoleon-armengol.com\\\/la-industria-espanola-factura-un-35-mas-en-el-mes-de-marzo\\\/#primaryimage\"},\"image\":{\"@id\":\"https:\\\/\\\/napoleon-armengol.com\\\/la-industria-espanola-factura-un-35-mas-en-el-mes-de-marzo\\\/#primaryimage\"},\"thumbnailUrl\":\"https:\\\/\\\/napoleon-armengol.com\\\/wp-content\\\/uploads\\\/2019\\\/05\\\/industria-espanola-1.jpg\",\"datePublished\":\"2019-05-22T12:05:19+00:00\",\"dateModified\":\"2024-01-24T11:24:40+00:00\",\"breadcrumb\":{\"@id\":\"https:\\\/\\\/napoleon-armengol.com\\\/la-industria-espanola-factura-un-35-mas-en-el-mes-de-marzo\\\/#breadcrumb\"},\"inLanguage\":\"en-GB\",\"potentialAction\":[{\"@type\":\"ReadAction\",\"target\":[\"https:\\\/\\\/napoleon-armengol.com\\\/la-industria-espanola-factura-un-35-mas-en-el-mes-de-marzo\\\/\"]}]},{\"@type\":\"ImageObject\",\"inLanguage\":\"en-GB\",\"@id\":\"https:\\\/\\\/napoleon-armengol.com\\\/la-industria-espanola-factura-un-35-mas-en-el-mes-de-marzo\\\/#primaryimage\",\"url\":\"https:\\\/\\\/napoleon-armengol.com\\\/wp-content\\\/uploads\\\/2019\\\/05\\\/industria-espanola-1.jpg\",\"contentUrl\":\"https:\\\/\\\/napoleon-armengol.com\\\/wp-content\\\/uploads\\\/2019\\\/05\\\/industria-espanola-1.jpg\",\"width\":960,\"height\":694},{\"@type\":\"BreadcrumbList\",\"@id\":\"https:\\\/\\\/napoleon-armengol.com\\\/la-industria-espanola-factura-un-35-mas-en-el-mes-de-marzo\\\/#breadcrumb\",\"itemListElement\":[{\"@type\":\"ListItem\",\"position\":1,\"name\":\"Portada\",\"item\":\"https:\\\/\\\/napoleon-armengol.com\\\/\"},{\"@type\":\"ListItem\",\"position\":2,\"name\":\"La industria espa\u00f1ola factura un 3,5% m\u00e1s en el mes de marzo\"}]},{\"@type\":\"WebSite\",\"@id\":\"https:\\\/\\\/napoleon-armengol.com\\\/#website\",\"url\":\"https:\\\/\\\/napoleon-armengol.com\\\/\",\"name\":\"Armengol\",\"description\":\"Seguridad y especializaci\u00f3n\",\"publisher\":{\"@id\":\"https:\\\/\\\/napoleon-armengol.com\\\/#organization\"},\"potentialAction\":[{\"@type\":\"SearchAction\",\"target\":{\"@type\":\"EntryPoint\",\"urlTemplate\":\"https:\\\/\\\/napoleon-armengol.com\\\/?s={search_term_string}\"},\"query-input\":{\"@type\":\"PropertyValueSpecification\",\"valueRequired\":true,\"valueName\":\"search_term_string\"}}],\"inLanguage\":\"en-GB\"},{\"@type\":\"Organization\",\"@id\":\"https:\\\/\\\/napoleon-armengol.com\\\/#organization\",\"name\":\"Armengol\",\"url\":\"https:\\\/\\\/napoleon-armengol.com\\\/\",\"logo\":{\"@type\":\"ImageObject\",\"inLanguage\":\"en-GB\",\"@id\":\"https:\\\/\\\/napoleon-armengol.com\\\/#\\\/schema\\\/logo\\\/image\\\/\",\"url\":\"https:\\\/\\\/napoleon-armengol.com\\\/wp-content\\\/uploads\\\/2023\\\/04\\\/LOGO-ARMENGOL.png\",\"contentUrl\":\"https:\\\/\\\/napoleon-armengol.com\\\/wp-content\\\/uploads\\\/2023\\\/04\\\/LOGO-ARMENGOL.png\",\"width\":460,\"height\":81,\"caption\":\"Armengol\"},\"image\":{\"@id\":\"https:\\\/\\\/napoleon-armengol.com\\\/#\\\/schema\\\/logo\\\/image\\\/\"}},{\"@type\":\"Person\",\"@id\":\"https:\\\/\\\/napoleon-armengol.com\\\/#\\\/schema\\\/person\\\/e558fc54676c8886a95c89646b733a67\",\"name\":\"admin\",\"sameAs\":[\"http:\\\/\\\/napoleon-armengol.com\"],\"url\":\"https:\\\/\\\/napoleon-armengol.com\\\/en\\\/author\\\/admin_5wnh1vf4\\\/\"}]}<\/script>\n<!-- \/ Yoast SEO plugin. -->","yoast_head_json":{"title":"La industria espa\u00f1ola factura un 3,5% m\u00e1s en el mes de marzo - Armengol","robots":{"index":"index","follow":"follow","max-snippet":"max-snippet:-1","max-image-preview":"max-image-preview:large","max-video-preview":"max-video-preview:-1"},"canonical":"https:\/\/napoleon-armengol.com\/en\/la-industria-espanola-factura-un-35-mas-en-el-mes-de-marzo\/","og_locale":"en_GB","og_type":"article","og_title":"La industria espa\u00f1ola factura un 3,5% m\u00e1s en el mes de marzo - Armengol","og_description":"El pasado mes de marzo la industria espa\u00f1ola factur\u00f3 un 3,5% m\u00e1s que en el mismo mes del a\u00f1o pasado y la entrada de pedidos ha avanzado un 3,1% seg\u00fan afirman los datos publicados por el Instituto Nacional de Estad\u00edstica (INE). Durante el mes de marzo, todos los sectores de la industria espa\u00f1ola elevaron sus...","og_url":"https:\/\/napoleon-armengol.com\/en\/la-industria-espanola-factura-un-35-mas-en-el-mes-de-marzo\/","og_site_name":"Armengol","article_published_time":"2019-05-22T12:05:19+00:00","article_modified_time":"2024-01-24T11:24:40+00:00","og_image":[{"width":960,"height":694,"url":"https:\/\/napoleon-armengol.com\/wp-content\/uploads\/2019\/05\/industria-espanola-1.jpg","type":"image\/jpeg"}],"author":"admin","twitter_card":"summary_large_image","twitter_misc":{"Written by":"admin","Estimated reading time":"2 minutes"},"schema":{"@context":"https:\/\/schema.org","@graph":[{"@type":"Article","@id":"https:\/\/napoleon-armengol.com\/la-industria-espanola-factura-un-35-mas-en-el-mes-de-marzo\/#article","isPartOf":{"@id":"https:\/\/napoleon-armengol.com\/la-industria-espanola-factura-un-35-mas-en-el-mes-de-marzo\/"},"author":{"name":"admin","@id":"https:\/\/napoleon-armengol.com\/#\/schema\/person\/e558fc54676c8886a95c89646b733a67"},"headline":"La industria espa\u00f1ola factura un 3,5% m\u00e1s en el mes de marzo","datePublished":"2019-05-22T12:05:19+00:00","dateModified":"2024-01-24T11:24:40+00:00","mainEntityOfPage":{"@id":"https:\/\/napoleon-armengol.com\/la-industria-espanola-factura-un-35-mas-en-el-mes-de-marzo\/"},"wordCount":467,"publisher":{"@id":"https:\/\/napoleon-armengol.com\/#organization"},"image":{"@id":"https:\/\/napoleon-armengol.com\/la-industria-espanola-factura-un-35-mas-en-el-mes-de-marzo\/#primaryimage"},"thumbnailUrl":"https:\/\/napoleon-armengol.com\/wp-content\/uploads\/2019\/05\/industria-espanola-1.jpg","keywords":["industria","industria espa\u00f1ola","sectores industriales"],"articleSection":["Econom\u00eda"],"inLanguage":"en-GB"},{"@type":"WebPage","@id":"https:\/\/napoleon-armengol.com\/la-industria-espanola-factura-un-35-mas-en-el-mes-de-marzo\/","url":"https:\/\/napoleon-armengol.com\/la-industria-espanola-factura-un-35-mas-en-el-mes-de-marzo\/","name":"La industria espa\u00f1ola factura un 3,5% m\u00e1s en el mes de marzo - Armengol","isPartOf":{"@id":"https:\/\/napoleon-armengol.com\/#website"},"primaryImageOfPage":{"@id":"https:\/\/napoleon-armengol.com\/la-industria-espanola-factura-un-35-mas-en-el-mes-de-marzo\/#primaryimage"},"image":{"@id":"https:\/\/napoleon-armengol.com\/la-industria-espanola-factura-un-35-mas-en-el-mes-de-marzo\/#primaryimage"},"thumbnailUrl":"https:\/\/napoleon-armengol.com\/wp-content\/uploads\/2019\/05\/industria-espanola-1.jpg","datePublished":"2019-05-22T12:05:19+00:00","dateModified":"2024-01-24T11:24:40+00:00","breadcrumb":{"@id":"https:\/\/napoleon-armengol.com\/la-industria-espanola-factura-un-35-mas-en-el-mes-de-marzo\/#breadcrumb"},"inLanguage":"en-GB","potentialAction":[{"@type":"ReadAction","target":["https:\/\/napoleon-armengol.com\/la-industria-espanola-factura-un-35-mas-en-el-mes-de-marzo\/"]}]},{"@type":"ImageObject","inLanguage":"en-GB","@id":"https:\/\/napoleon-armengol.com\/la-industria-espanola-factura-un-35-mas-en-el-mes-de-marzo\/#primaryimage","url":"https:\/\/napoleon-armengol.com\/wp-content\/uploads\/2019\/05\/industria-espanola-1.jpg","contentUrl":"https:\/\/napoleon-armengol.com\/wp-content\/uploads\/2019\/05\/industria-espanola-1.jpg","width":960,"height":694},{"@type":"BreadcrumbList","@id":"https:\/\/napoleon-armengol.com\/la-industria-espanola-factura-un-35-mas-en-el-mes-de-marzo\/#breadcrumb","itemListElement":[{"@type":"ListItem","position":1,"name":"Portada","item":"https:\/\/napoleon-armengol.com\/"},{"@type":"ListItem","position":2,"name":"La industria espa\u00f1ola factura un 3,5% m\u00e1s en el mes de marzo"}]},{"@type":"WebSite","@id":"https:\/\/napoleon-armengol.com\/#website","url":"https:\/\/napoleon-armengol.com\/","name":"Armengol","description":"Seguridad y especializaci\u00f3n","publisher":{"@id":"https:\/\/napoleon-armengol.com\/#organization"},"potentialAction":[{"@type":"SearchAction","target":{"@type":"EntryPoint","urlTemplate":"https:\/\/napoleon-armengol.com\/?s={search_term_string}"},"query-input":{"@type":"PropertyValueSpecification","valueRequired":true,"valueName":"search_term_string"}}],"inLanguage":"en-GB"},{"@type":"Organization","@id":"https:\/\/napoleon-armengol.com\/#organization","name":"Armengol","url":"https:\/\/napoleon-armengol.com\/","logo":{"@type":"ImageObject","inLanguage":"en-GB","@id":"https:\/\/napoleon-armengol.com\/#\/schema\/logo\/image\/","url":"https:\/\/napoleon-armengol.com\/wp-content\/uploads\/2023\/04\/LOGO-ARMENGOL.png","contentUrl":"https:\/\/napoleon-armengol.com\/wp-content\/uploads\/2023\/04\/LOGO-ARMENGOL.png","width":460,"height":81,"caption":"Armengol"},"image":{"@id":"https:\/\/napoleon-armengol.com\/#\/schema\/logo\/image\/"}},{"@type":"Person","@id":"https:\/\/napoleon-armengol.com\/#\/schema\/person\/e558fc54676c8886a95c89646b733a67","name":"admin","sameAs":["http:\/\/napoleon-armengol.com"],"url":"https:\/\/napoleon-armengol.com\/en\/author\/admin_5wnh1vf4\/"}]}},"taxonomy_info":{"category":[{"value":69,"label":"Econom\u00eda"}],"post_tag":[{"value":365,"label":"industria"},{"value":366,"label":"industria espa\u00f1ola"},{"value":367,"label":"sectores industriales"}]},"featured_image_src_large":["https:\/\/napoleon-armengol.com\/wp-content\/uploads\/2019\/05\/industria-espanola-1.jpg",960,694,false],"author_info":{"display_name":"admin","author_link":"https:\/\/napoleon-armengol.com\/en\/author\/admin_5wnh1vf4\/"},"comment_info":0,"category_info":[{"term_id":69,"name":"Econom\u00eda","slug":"economia","term_group":0,"term_taxonomy_id":69,"taxonomy":"category","description":"","parent":0,"count":57,"filter":"raw","term_order":"0","cat_ID":69,"category_count":57,"category_description":"","cat_name":"Econom\u00eda","category_nicename":"economia","category_parent":0}],"tag_info":[{"term_id":365,"name":"industria","slug":"industria","term_group":0,"term_taxonomy_id":365,"taxonomy":"post_tag","description":"","parent":0,"count":1,"filter":"raw","term_order":"0"},{"term_id":366,"name":"industria espa\u00f1ola","slug":"industria-espanola","term_group":0,"term_taxonomy_id":366,"taxonomy":"post_tag","description":"","parent":0,"count":2,"filter":"raw","term_order":"0"},{"term_id":367,"name":"sectores industriales","slug":"sectores-industriales","term_group":0,"term_taxonomy_id":367,"taxonomy":"post_tag","description":"","parent":0,"count":1,"filter":"raw","term_order":"0"}],"_links":{"self":[{"href":"https:\/\/napoleon-armengol.com\/en\/wp-json\/wp\/v2\/posts\/1983","targetHints":{"allow":["GET"]}}],"collection":[{"href":"https:\/\/napoleon-armengol.com\/en\/wp-json\/wp\/v2\/posts"}],"about":[{"href":"https:\/\/napoleon-armengol.com\/en\/wp-json\/wp\/v2\/types\/post"}],"author":[{"embeddable":true,"href":"https:\/\/napoleon-armengol.com\/en\/wp-json\/wp\/v2\/users\/1"}],"replies":[{"embeddable":true,"href":"https:\/\/napoleon-armengol.com\/en\/wp-json\/wp\/v2\/comments?post=1983"}],"version-history":[{"count":1,"href":"https:\/\/napoleon-armengol.com\/en\/wp-json\/wp\/v2\/posts\/1983\/revisions"}],"predecessor-version":[{"id":2322,"href":"https:\/\/napoleon-armengol.com\/en\/wp-json\/wp\/v2\/posts\/1983\/revisions\/2322"}],"wp:featuredmedia":[{"embeddable":true,"href":"https:\/\/napoleon-armengol.com\/en\/wp-json\/wp\/v2\/media\/1785"}],"wp:attachment":[{"href":"https:\/\/napoleon-armengol.com\/en\/wp-json\/wp\/v2\/media?parent=1983"}],"wp:term":[{"taxonomy":"category","embeddable":true,"href":"https:\/\/napoleon-armengol.com\/en\/wp-json\/wp\/v2\/categories?post=1983"},{"taxonomy":"post_tag","embeddable":true,"href":"https:\/\/napoleon-armengol.com\/en\/wp-json\/wp\/v2\/tags?post=1983"}],"curies":[{"name":"wp","href":"https:\/\/api.w.org\/{rel}","templated":true}]}}