{"id":1990,"date":"2019-11-08T08:43:32","date_gmt":"2019-11-08T08:43:32","guid":{"rendered":"http:\/\/blog-napoleon-armengol.com\/?p=544"},"modified":"2024-01-24T12:22:31","modified_gmt":"2024-01-24T11:22:31","slug":"el-litoral-catalan-contara-con-13-estaciones-de-recarga-para-los-vehiculos-electricos","status":"publish","type":"post","link":"https:\/\/napoleon-armengol.com\/en\/el-litoral-catalan-contara-con-13-estaciones-de-recarga-para-los-vehiculos-electricos\/","title":{"rendered":"The Catalan coast will have 13 charging stations for electric vehicles"},"content":{"rendered":"<p>The Ports Manager of the Generalitat of Catalonia, Joan Pere G\u00f3mez, affirms that the installation of these charging stations for electric vehicles in the 13 ports of the Catalan coast is a great advance for everyone, because it means that any citizen can circulate with a electric vehicle from the north and to the south of the Catalan coast, being able to refuel at any of these 13 points. Ports de la Generalitat has awarded this project to have electric vehicle charging stations in 13 Catalan ports, to promote sustainable and efficient mobility among users.<\/p>\n\n\n\n<figure class=\"wp-block-image\"><img decoding=\"async\" src=\"http:\/\/blog-napoleon-armengol.com\/wp-content\/uploads\/2019\/11\/movilidad-electrica-1.jpg\" alt=\"\" class=\"wp-image-546\"\/><\/figure>\n\n\n\n<h2 class=\"wp-block-heading\"><strong>A plan for the mobility of the future<\/strong><\/h2>\n\n\n\n<p>It is an action that is part of the investment plan (2019-2022) and is an investment of 202,000 euros, with which these 13 charging points will be installed by the middle of this month of November.<\/p>\n\n\n\n<p>Of these 13 stations, three will be fast charging, which allows the 80% battery to be recharged in just 20 minutes, in addition to offering the possibility of recharging in direct current at 50kW and 45kW, alternately. These three charging points will be installed in the ports of Palam\u00f3s, Sant Carles de la R\u00e1pita and Vilanova i la Geltr\u00fa.<\/p>\n\n\n\n<p>The remaining 10 points will be semi-fast charging, that is, the vehicle can be fully recharged in about 3 hours and requires an alternating current power of 22kW. These stations will be implemented in the ports of Port de la Selva, Llan\u00e7\u00e1, Roses, Sant Feliu de Gu\u00edxols, l&#039;Escala, Arenys de Mar, Blanes, l&#039;Ametlla de Mar, Casas de Alcanar and Deltebre.<\/p>\n\n\n\n<p>The stations will be located on public roads, correctly signposted and with guaranteed uninterrupted access for any standard vehicle. Users of this new service will be able to activate it through an app, using a QR code. <\/p>\n\n\n\n<h2 class=\"wp-block-heading\"><strong>Benefits of sustainable mobility<\/strong><\/h2>\n\n\n\n<p>The entire Catalan coast will have charging points to ensure clean mobility throughout the territory. Installing electric vehicle charging points in ports will facilitate and adapt port facilities to the needs of climate change, in addition to reducing greenhouse gases, environmental impact and noise pollution.<\/p>\n\n\n\n<p>Sustainable mobility saves costs, there is less oil exploitation, less emission of harmful gases, it improves the health of citizens and the planet, it takes care of the ecosystem, it puts an end to greenhouse gas pollution, that is, more air is consumed. breathable and less harmful and also with noise pollution, since electric vehicles do not emit noise when they are running. <\/p>\n\n\n\n<p>If you are thinking of buying a car, opt for electric mobility, to enjoy all these advantages, with which you will contribute your grain of sand to build a much healthier way of moving for everyone.<\/p>","protected":false},"excerpt":{"rendered":"<p>El gerente de Puertos de la Generalitat de Catalunya, Joan Pere G\u00f3mez, afirma que la instalaci\u00f3n de estas estaciones de recarga para veh\u00edculos el\u00e9ctricos en los 13 puertos del litoral catal\u00e1n son un gran avance para todos, porque quiere decir que cualquier ciudadano puede circular con un veh\u00edculo el\u00e9ctrico desde el norte y hasta el&#8230;<\/p>","protected":false},"author":1,"featured_media":1800,"comment_status":"closed","ping_status":"closed","sticky":false,"template":"","format":"standard","meta":{"_acf_changed":false,"_kad_blocks_custom_css":"","_kad_blocks_head_custom_js":"","_kad_blocks_body_custom_js":"","_kad_blocks_footer_custom_js":"","_kad_post_transparent":"","_kad_post_title":"","_kad_post_layout":"","_kad_post_sidebar_id":"","_kad_post_content_style":"","_kad_post_vertical_padding":"","_kad_post_feature":"","_kad_post_feature_position":"","_kad_post_header":false,"_kad_post_footer":false,"footnotes":""},"categories":[68],"tags":[409,410,411,111,412,364],"class_list":["post-1990","post","type-post","status-publish","format-standard","has-post-thumbnail","hentry","category-coche-eletrico","tag-estaciones-electricas","tag-estaciones-portuarias","tag-litoral-catalan","tag-movilidad-sostenible","tag-puntos-de-recarga","tag-vehiculo-electrico"],"acf":[],"yoast_head":"<!-- This site is optimized with the Yoast SEO plugin v27.4 - https:\/\/yoast.com\/product\/yoast-seo-wordpress\/ -->\n<title>El litoral catal\u00e1n contar\u00e1 con 13 estaciones de recarga para los veh\u00edculos el\u00e9ctricos - Armengol<\/title>\n<meta name=\"robots\" content=\"index, follow, max-snippet:-1, max-image-preview:large, max-video-preview:-1\" \/>\n<link rel=\"canonical\" href=\"https:\/\/napoleon-armengol.com\/en\/el-litoral-catalan-contara-con-13-estaciones-de-recarga-para-los-vehiculos-electricos\/\" \/>\n<meta property=\"og:locale\" content=\"en_GB\" \/>\n<meta property=\"og:type\" content=\"article\" \/>\n<meta property=\"og:title\" content=\"El litoral catal\u00e1n contar\u00e1 con 13 estaciones de recarga para los veh\u00edculos el\u00e9ctricos - Armengol\" \/>\n<meta property=\"og:description\" content=\"El gerente de Puertos de la Generalitat de Catalunya, Joan Pere G\u00f3mez, afirma que la instalaci\u00f3n de estas estaciones de recarga para veh\u00edculos el\u00e9ctricos en los 13 puertos del litoral catal\u00e1n son un gran avance para todos, porque quiere decir que cualquier ciudadano puede circular con un veh\u00edculo el\u00e9ctrico desde el norte y hasta el...\" \/>\n<meta property=\"og:url\" content=\"https:\/\/napoleon-armengol.com\/en\/el-litoral-catalan-contara-con-13-estaciones-de-recarga-para-los-vehiculos-electricos\/\" \/>\n<meta property=\"og:site_name\" content=\"Armengol\" \/>\n<meta property=\"article:published_time\" content=\"2019-11-08T08:43:32+00:00\" \/>\n<meta property=\"article:modified_time\" content=\"2024-01-24T11:22:31+00:00\" \/>\n<meta property=\"og:image\" content=\"https:\/\/napoleon-armengol.com\/wp-content\/uploads\/2019\/11\/movilidad-electrica-2.jpg\" \/>\n\t<meta property=\"og:image:width\" content=\"626\" \/>\n\t<meta property=\"og:image:height\" content=\"417\" \/>\n\t<meta property=\"og:image:type\" content=\"image\/jpeg\" \/>\n<meta name=\"author\" content=\"admin\" \/>\n<meta name=\"twitter:card\" content=\"summary_large_image\" \/>\n<meta name=\"twitter:label1\" content=\"Written by\" \/>\n\t<meta name=\"twitter:data1\" content=\"admin\" \/>\n\t<meta name=\"twitter:label2\" content=\"Estimated reading time\" \/>\n\t<meta name=\"twitter:data2\" content=\"3 minutes\" \/>\n<script type=\"application\/ld+json\" class=\"yoast-schema-graph\">{\"@context\":\"https:\\\/\\\/schema.org\",\"@graph\":[{\"@type\":\"Article\",\"@id\":\"https:\\\/\\\/napoleon-armengol.com\\\/el-litoral-catalan-contara-con-13-estaciones-de-recarga-para-los-vehiculos-electricos\\\/#article\",\"isPartOf\":{\"@id\":\"https:\\\/\\\/napoleon-armengol.com\\\/el-litoral-catalan-contara-con-13-estaciones-de-recarga-para-los-vehiculos-electricos\\\/\"},\"author\":{\"name\":\"admin\",\"@id\":\"https:\\\/\\\/napoleon-armengol.com\\\/#\\\/schema\\\/person\\\/e558fc54676c8886a95c89646b733a67\"},\"headline\":\"El litoral catal\u00e1n contar\u00e1 con 13 estaciones de recarga para los veh\u00edculos el\u00e9ctricos\",\"datePublished\":\"2019-11-08T08:43:32+00:00\",\"dateModified\":\"2024-01-24T11:22:31+00:00\",\"mainEntityOfPage\":{\"@id\":\"https:\\\/\\\/napoleon-armengol.com\\\/el-litoral-catalan-contara-con-13-estaciones-de-recarga-para-los-vehiculos-electricos\\\/\"},\"wordCount\":534,\"publisher\":{\"@id\":\"https:\\\/\\\/napoleon-armengol.com\\\/#organization\"},\"image\":{\"@id\":\"https:\\\/\\\/napoleon-armengol.com\\\/el-litoral-catalan-contara-con-13-estaciones-de-recarga-para-los-vehiculos-electricos\\\/#primaryimage\"},\"thumbnailUrl\":\"https:\\\/\\\/napoleon-armengol.com\\\/wp-content\\\/uploads\\\/2019\\\/11\\\/movilidad-electrica-2.jpg\",\"keywords\":[\"estaciones el\u00e9ctricas\",\"estaciones portuarias\",\"litoral catalan\",\"movilidad sostenible\",\"puntos de recarga\",\"veh\u00edculo el\u00e9ctrico\"],\"articleSection\":[\"Coche el\u00e9trico\"],\"inLanguage\":\"en-GB\"},{\"@type\":\"WebPage\",\"@id\":\"https:\\\/\\\/napoleon-armengol.com\\\/el-litoral-catalan-contara-con-13-estaciones-de-recarga-para-los-vehiculos-electricos\\\/\",\"url\":\"https:\\\/\\\/napoleon-armengol.com\\\/el-litoral-catalan-contara-con-13-estaciones-de-recarga-para-los-vehiculos-electricos\\\/\",\"name\":\"El litoral catal\u00e1n contar\u00e1 con 13 estaciones de recarga para los veh\u00edculos el\u00e9ctricos - Armengol\",\"isPartOf\":{\"@id\":\"https:\\\/\\\/napoleon-armengol.com\\\/#website\"},\"primaryImageOfPage\":{\"@id\":\"https:\\\/\\\/napoleon-armengol.com\\\/el-litoral-catalan-contara-con-13-estaciones-de-recarga-para-los-vehiculos-electricos\\\/#primaryimage\"},\"image\":{\"@id\":\"https:\\\/\\\/napoleon-armengol.com\\\/el-litoral-catalan-contara-con-13-estaciones-de-recarga-para-los-vehiculos-electricos\\\/#primaryimage\"},\"thumbnailUrl\":\"https:\\\/\\\/napoleon-armengol.com\\\/wp-content\\\/uploads\\\/2019\\\/11\\\/movilidad-electrica-2.jpg\",\"datePublished\":\"2019-11-08T08:43:32+00:00\",\"dateModified\":\"2024-01-24T11:22:31+00:00\",\"breadcrumb\":{\"@id\":\"https:\\\/\\\/napoleon-armengol.com\\\/el-litoral-catalan-contara-con-13-estaciones-de-recarga-para-los-vehiculos-electricos\\\/#breadcrumb\"},\"inLanguage\":\"en-GB\",\"potentialAction\":[{\"@type\":\"ReadAction\",\"target\":[\"https:\\\/\\\/napoleon-armengol.com\\\/el-litoral-catalan-contara-con-13-estaciones-de-recarga-para-los-vehiculos-electricos\\\/\"]}]},{\"@type\":\"ImageObject\",\"inLanguage\":\"en-GB\",\"@id\":\"https:\\\/\\\/napoleon-armengol.com\\\/el-litoral-catalan-contara-con-13-estaciones-de-recarga-para-los-vehiculos-electricos\\\/#primaryimage\",\"url\":\"https:\\\/\\\/napoleon-armengol.com\\\/wp-content\\\/uploads\\\/2019\\\/11\\\/movilidad-electrica-2.jpg\",\"contentUrl\":\"https:\\\/\\\/napoleon-armengol.com\\\/wp-content\\\/uploads\\\/2019\\\/11\\\/movilidad-electrica-2.jpg\",\"width\":626,\"height\":417},{\"@type\":\"BreadcrumbList\",\"@id\":\"https:\\\/\\\/napoleon-armengol.com\\\/el-litoral-catalan-contara-con-13-estaciones-de-recarga-para-los-vehiculos-electricos\\\/#breadcrumb\",\"itemListElement\":[{\"@type\":\"ListItem\",\"position\":1,\"name\":\"Portada\",\"item\":\"https:\\\/\\\/napoleon-armengol.com\\\/\"},{\"@type\":\"ListItem\",\"position\":2,\"name\":\"El litoral catal\u00e1n contar\u00e1 con 13 estaciones de recarga para los veh\u00edculos el\u00e9ctricos\"}]},{\"@type\":\"WebSite\",\"@id\":\"https:\\\/\\\/napoleon-armengol.com\\\/#website\",\"url\":\"https:\\\/\\\/napoleon-armengol.com\\\/\",\"name\":\"Armengol\",\"description\":\"Seguridad y especializaci\u00f3n\",\"publisher\":{\"@id\":\"https:\\\/\\\/napoleon-armengol.com\\\/#organization\"},\"potentialAction\":[{\"@type\":\"SearchAction\",\"target\":{\"@type\":\"EntryPoint\",\"urlTemplate\":\"https:\\\/\\\/napoleon-armengol.com\\\/?s={search_term_string}\"},\"query-input\":{\"@type\":\"PropertyValueSpecification\",\"valueRequired\":true,\"valueName\":\"search_term_string\"}}],\"inLanguage\":\"en-GB\"},{\"@type\":\"Organization\",\"@id\":\"https:\\\/\\\/napoleon-armengol.com\\\/#organization\",\"name\":\"Armengol\",\"url\":\"https:\\\/\\\/napoleon-armengol.com\\\/\",\"logo\":{\"@type\":\"ImageObject\",\"inLanguage\":\"en-GB\",\"@id\":\"https:\\\/\\\/napoleon-armengol.com\\\/#\\\/schema\\\/logo\\\/image\\\/\",\"url\":\"https:\\\/\\\/napoleon-armengol.com\\\/wp-content\\\/uploads\\\/2023\\\/04\\\/LOGO-ARMENGOL.png\",\"contentUrl\":\"https:\\\/\\\/napoleon-armengol.com\\\/wp-content\\\/uploads\\\/2023\\\/04\\\/LOGO-ARMENGOL.png\",\"width\":460,\"height\":81,\"caption\":\"Armengol\"},\"image\":{\"@id\":\"https:\\\/\\\/napoleon-armengol.com\\\/#\\\/schema\\\/logo\\\/image\\\/\"}},{\"@type\":\"Person\",\"@id\":\"https:\\\/\\\/napoleon-armengol.com\\\/#\\\/schema\\\/person\\\/e558fc54676c8886a95c89646b733a67\",\"name\":\"admin\",\"sameAs\":[\"http:\\\/\\\/napoleon-armengol.com\"],\"url\":\"https:\\\/\\\/napoleon-armengol.com\\\/en\\\/author\\\/admin_5wnh1vf4\\\/\"}]}<\/script>\n<!-- \/ Yoast SEO plugin. -->","yoast_head_json":{"title":"El litoral catal\u00e1n contar\u00e1 con 13 estaciones de recarga para los veh\u00edculos el\u00e9ctricos - Armengol","robots":{"index":"index","follow":"follow","max-snippet":"max-snippet:-1","max-image-preview":"max-image-preview:large","max-video-preview":"max-video-preview:-1"},"canonical":"https:\/\/napoleon-armengol.com\/en\/el-litoral-catalan-contara-con-13-estaciones-de-recarga-para-los-vehiculos-electricos\/","og_locale":"en_GB","og_type":"article","og_title":"El litoral catal\u00e1n contar\u00e1 con 13 estaciones de recarga para los veh\u00edculos el\u00e9ctricos - Armengol","og_description":"El gerente de Puertos de la Generalitat de Catalunya, Joan Pere G\u00f3mez, afirma que la instalaci\u00f3n de estas estaciones de recarga para veh\u00edculos el\u00e9ctricos en los 13 puertos del litoral catal\u00e1n son un gran avance para todos, porque quiere decir que cualquier ciudadano puede circular con un veh\u00edculo el\u00e9ctrico desde el norte y hasta el...","og_url":"https:\/\/napoleon-armengol.com\/en\/el-litoral-catalan-contara-con-13-estaciones-de-recarga-para-los-vehiculos-electricos\/","og_site_name":"Armengol","article_published_time":"2019-11-08T08:43:32+00:00","article_modified_time":"2024-01-24T11:22:31+00:00","og_image":[{"width":626,"height":417,"url":"https:\/\/napoleon-armengol.com\/wp-content\/uploads\/2019\/11\/movilidad-electrica-2.jpg","type":"image\/jpeg"}],"author":"admin","twitter_card":"summary_large_image","twitter_misc":{"Written by":"admin","Estimated reading time":"3 minutes"},"schema":{"@context":"https:\/\/schema.org","@graph":[{"@type":"Article","@id":"https:\/\/napoleon-armengol.com\/el-litoral-catalan-contara-con-13-estaciones-de-recarga-para-los-vehiculos-electricos\/#article","isPartOf":{"@id":"https:\/\/napoleon-armengol.com\/el-litoral-catalan-contara-con-13-estaciones-de-recarga-para-los-vehiculos-electricos\/"},"author":{"name":"admin","@id":"https:\/\/napoleon-armengol.com\/#\/schema\/person\/e558fc54676c8886a95c89646b733a67"},"headline":"El litoral catal\u00e1n contar\u00e1 con 13 estaciones de recarga para los veh\u00edculos el\u00e9ctricos","datePublished":"2019-11-08T08:43:32+00:00","dateModified":"2024-01-24T11:22:31+00:00","mainEntityOfPage":{"@id":"https:\/\/napoleon-armengol.com\/el-litoral-catalan-contara-con-13-estaciones-de-recarga-para-los-vehiculos-electricos\/"},"wordCount":534,"publisher":{"@id":"https:\/\/napoleon-armengol.com\/#organization"},"image":{"@id":"https:\/\/napoleon-armengol.com\/el-litoral-catalan-contara-con-13-estaciones-de-recarga-para-los-vehiculos-electricos\/#primaryimage"},"thumbnailUrl":"https:\/\/napoleon-armengol.com\/wp-content\/uploads\/2019\/11\/movilidad-electrica-2.jpg","keywords":["estaciones el\u00e9ctricas","estaciones portuarias","litoral catalan","movilidad sostenible","puntos de recarga","veh\u00edculo el\u00e9ctrico"],"articleSection":["Coche el\u00e9trico"],"inLanguage":"en-GB"},{"@type":"WebPage","@id":"https:\/\/napoleon-armengol.com\/el-litoral-catalan-contara-con-13-estaciones-de-recarga-para-los-vehiculos-electricos\/","url":"https:\/\/napoleon-armengol.com\/el-litoral-catalan-contara-con-13-estaciones-de-recarga-para-los-vehiculos-electricos\/","name":"El litoral catal\u00e1n contar\u00e1 con 13 estaciones de recarga para los veh\u00edculos el\u00e9ctricos - Armengol","isPartOf":{"@id":"https:\/\/napoleon-armengol.com\/#website"},"primaryImageOfPage":{"@id":"https:\/\/napoleon-armengol.com\/el-litoral-catalan-contara-con-13-estaciones-de-recarga-para-los-vehiculos-electricos\/#primaryimage"},"image":{"@id":"https:\/\/napoleon-armengol.com\/el-litoral-catalan-contara-con-13-estaciones-de-recarga-para-los-vehiculos-electricos\/#primaryimage"},"thumbnailUrl":"https:\/\/napoleon-armengol.com\/wp-content\/uploads\/2019\/11\/movilidad-electrica-2.jpg","datePublished":"2019-11-08T08:43:32+00:00","dateModified":"2024-01-24T11:22:31+00:00","breadcrumb":{"@id":"https:\/\/napoleon-armengol.com\/el-litoral-catalan-contara-con-13-estaciones-de-recarga-para-los-vehiculos-electricos\/#breadcrumb"},"inLanguage":"en-GB","potentialAction":[{"@type":"ReadAction","target":["https:\/\/napoleon-armengol.com\/el-litoral-catalan-contara-con-13-estaciones-de-recarga-para-los-vehiculos-electricos\/"]}]},{"@type":"ImageObject","inLanguage":"en-GB","@id":"https:\/\/napoleon-armengol.com\/el-litoral-catalan-contara-con-13-estaciones-de-recarga-para-los-vehiculos-electricos\/#primaryimage","url":"https:\/\/napoleon-armengol.com\/wp-content\/uploads\/2019\/11\/movilidad-electrica-2.jpg","contentUrl":"https:\/\/napoleon-armengol.com\/wp-content\/uploads\/2019\/11\/movilidad-electrica-2.jpg","width":626,"height":417},{"@type":"BreadcrumbList","@id":"https:\/\/napoleon-armengol.com\/el-litoral-catalan-contara-con-13-estaciones-de-recarga-para-los-vehiculos-electricos\/#breadcrumb","itemListElement":[{"@type":"ListItem","position":1,"name":"Portada","item":"https:\/\/napoleon-armengol.com\/"},{"@type":"ListItem","position":2,"name":"El litoral catal\u00e1n contar\u00e1 con 13 estaciones de recarga para los veh\u00edculos el\u00e9ctricos"}]},{"@type":"WebSite","@id":"https:\/\/napoleon-armengol.com\/#website","url":"https:\/\/napoleon-armengol.com\/","name":"Armengol","description":"Seguridad y especializaci\u00f3n","publisher":{"@id":"https:\/\/napoleon-armengol.com\/#organization"},"potentialAction":[{"@type":"SearchAction","target":{"@type":"EntryPoint","urlTemplate":"https:\/\/napoleon-armengol.com\/?s={search_term_string}"},"query-input":{"@type":"PropertyValueSpecification","valueRequired":true,"valueName":"search_term_string"}}],"inLanguage":"en-GB"},{"@type":"Organization","@id":"https:\/\/napoleon-armengol.com\/#organization","name":"Armengol","url":"https:\/\/napoleon-armengol.com\/","logo":{"@type":"ImageObject","inLanguage":"en-GB","@id":"https:\/\/napoleon-armengol.com\/#\/schema\/logo\/image\/","url":"https:\/\/napoleon-armengol.com\/wp-content\/uploads\/2023\/04\/LOGO-ARMENGOL.png","contentUrl":"https:\/\/napoleon-armengol.com\/wp-content\/uploads\/2023\/04\/LOGO-ARMENGOL.png","width":460,"height":81,"caption":"Armengol"},"image":{"@id":"https:\/\/napoleon-armengol.com\/#\/schema\/logo\/image\/"}},{"@type":"Person","@id":"https:\/\/napoleon-armengol.com\/#\/schema\/person\/e558fc54676c8886a95c89646b733a67","name":"admin","sameAs":["http:\/\/napoleon-armengol.com"],"url":"https:\/\/napoleon-armengol.com\/en\/author\/admin_5wnh1vf4\/"}]}},"taxonomy_info":{"category":[{"value":68,"label":"Coche el\u00e9trico"}],"post_tag":[{"value":409,"label":"estaciones el\u00e9ctricas"},{"value":410,"label":"estaciones portuarias"},{"value":411,"label":"litoral catalan"},{"value":111,"label":"movilidad sostenible"},{"value":412,"label":"puntos de recarga"},{"value":364,"label":"veh\u00edculo el\u00e9ctrico"}]},"featured_image_src_large":["https:\/\/napoleon-armengol.com\/wp-content\/uploads\/2019\/11\/movilidad-electrica-2.jpg",626,417,false],"author_info":{"display_name":"admin","author_link":"https:\/\/napoleon-armengol.com\/en\/author\/admin_5wnh1vf4\/"},"comment_info":0,"category_info":[{"term_id":68,"name":"Coche el\u00e9trico","slug":"coche-eletrico","term_group":0,"term_taxonomy_id":68,"taxonomy":"category","description":"","parent":0,"count":63,"filter":"raw","term_order":"0","cat_ID":68,"category_count":63,"category_description":"","cat_name":"Coche el\u00e9trico","category_nicename":"coche-eletrico","category_parent":0}],"tag_info":[{"term_id":409,"name":"estaciones el\u00e9ctricas","slug":"estaciones-electricas","term_group":0,"term_taxonomy_id":409,"taxonomy":"post_tag","description":"","parent":0,"count":1,"filter":"raw","term_order":"0"},{"term_id":410,"name":"estaciones portuarias","slug":"estaciones-portuarias","term_group":0,"term_taxonomy_id":410,"taxonomy":"post_tag","description":"","parent":0,"count":1,"filter":"raw","term_order":"0"},{"term_id":411,"name":"litoral catalan","slug":"litoral-catalan","term_group":0,"term_taxonomy_id":411,"taxonomy":"post_tag","description":"","parent":0,"count":1,"filter":"raw","term_order":"0"},{"term_id":111,"name":"movilidad sostenible","slug":"movilidad-sostenible","term_group":0,"term_taxonomy_id":111,"taxonomy":"post_tag","description":"","parent":0,"count":31,"filter":"raw","term_order":"0"},{"term_id":412,"name":"puntos de recarga","slug":"puntos-de-recarga","term_group":0,"term_taxonomy_id":412,"taxonomy":"post_tag","description":"","parent":0,"count":2,"filter":"raw","term_order":"0"},{"term_id":364,"name":"veh\u00edculo el\u00e9ctrico","slug":"vehiculo-electrico","term_group":0,"term_taxonomy_id":364,"taxonomy":"post_tag","description":"","parent":0,"count":6,"filter":"raw","term_order":"0"}],"_links":{"self":[{"href":"https:\/\/napoleon-armengol.com\/en\/wp-json\/wp\/v2\/posts\/1990","targetHints":{"allow":["GET"]}}],"collection":[{"href":"https:\/\/napoleon-armengol.com\/en\/wp-json\/wp\/v2\/posts"}],"about":[{"href":"https:\/\/napoleon-armengol.com\/en\/wp-json\/wp\/v2\/types\/post"}],"author":[{"embeddable":true,"href":"https:\/\/napoleon-armengol.com\/en\/wp-json\/wp\/v2\/users\/1"}],"replies":[{"embeddable":true,"href":"https:\/\/napoleon-armengol.com\/en\/wp-json\/wp\/v2\/comments?post=1990"}],"version-history":[{"count":1,"href":"https:\/\/napoleon-armengol.com\/en\/wp-json\/wp\/v2\/posts\/1990\/revisions"}],"predecessor-version":[{"id":2293,"href":"https:\/\/napoleon-armengol.com\/en\/wp-json\/wp\/v2\/posts\/1990\/revisions\/2293"}],"wp:featuredmedia":[{"embeddable":true,"href":"https:\/\/napoleon-armengol.com\/en\/wp-json\/wp\/v2\/media\/1800"}],"wp:attachment":[{"href":"https:\/\/napoleon-armengol.com\/en\/wp-json\/wp\/v2\/media?parent=1990"}],"wp:term":[{"taxonomy":"category","embeddable":true,"href":"https:\/\/napoleon-armengol.com\/en\/wp-json\/wp\/v2\/categories?post=1990"},{"taxonomy":"post_tag","embeddable":true,"href":"https:\/\/napoleon-armengol.com\/en\/wp-json\/wp\/v2\/tags?post=1990"}],"curies":[{"name":"wp","href":"https:\/\/api.w.org\/{rel}","templated":true}]}}