{"id":1991,"date":"2019-11-14T13:20:53","date_gmt":"2019-11-14T13:20:53","guid":{"rendered":"http:\/\/blog-napoleon-armengol.com\/?p=548"},"modified":"2024-01-24T12:22:26","modified_gmt":"2024-01-24T11:22:26","slug":"siemens-apuesta-por-la-recarga-ultrarrapida-bidireccional-y-flexible-en-autobuses-y-camiones-electricos","status":"publish","type":"post","link":"https:\/\/napoleon-armengol.com\/en\/siemens-apuesta-por-la-recarga-ultrarrapida-bidireccional-y-flexible-en-autobuses-y-camiones-electricos\/","title":{"rendered":"Siemens is committed to ultra-fast, bidirectional and flexible charging in electric buses and trucks"},"content":{"rendered":"<p>Siemens will test this new charging system in electric trucks and buses by reusing old vehicles, at the Charging and Validation Test Center of the Dutch company VDL. Second-life batteries will also be used in the storage system, to be able to reuse the battery from the old electric buses.<\/p>\n\n\n\n<p>Siemens and VDL Bus &amp; Coach have joined forces to develop new flexible, bidirectional and efficient charging infrastructures, capable of working in the most extreme demand conditions, just as a combustion vehicle would do. It is an innovative work focused on the installation of modular fast charging systems, mixed with stationary battery storage systems and also a system organized by an energy management application, offering bidirectional charging between cars and the grid.<\/p>\n\n\n\n<p>This system includes V2G (vehicle to network) functions to perform bidirectional charging, to recharge the buses&#039; batteries and also so that they can introduce energy into the network.<\/p>\n\n\n\n<figure class=\"wp-block-image\"><img decoding=\"async\" src=\"http:\/\/blog-napoleon-armengol.com\/wp-content\/uploads\/2019\/11\/siemens-1.jpg\" alt=\"\" class=\"wp-image-550\"\/><\/figure>\n\n\n\n<h2 class=\"wp-block-heading\">Great loading speed<\/h2>\n\n\n\n<p>It is a power management application that works with a special switching matrix that allows you to flexibly mix the capacity of charging stations. It runs on MindSphere, the IoT operating system, which is open and cloud-based from Siemens.<\/p>\n\n\n\n<p>Siemens has installed three fast charging stations with 150 kW power. The charging speed is regulated flexibly through the electronics that are implemented in them. They are stations that can be interconnected temporarily, to charge three vehicles in parallel, at 150 kW each, or a single vehicle to reach a power of up to 450 kW. <\/p>\n\n\n\n<p>The V2G function included in one of the stations allows it to communicate with the network and provide power, when there is not enough capacity. This means that they can not only get energy from the grid and the storage system, but they can also return it. This function helps manage the network and allows peaks in energy demand to be covered.&nbsp;<\/p>\n\n\n\n<p>When you bring together a storage system, energy management application and charging stations, the total capacity can be readjusted according to current and future needs. It is a pilot project that aims to demonstrate the great flexibility of the system and provide the necessary information for the electrification of transportation.<\/p>\n\n\n\n<p>Electric mobility represents a fantastic way to bet on sustainable mobility, which aims to focus on clean vehicles and transport that do not emit polluting gases to the planet or pedestrians. <\/p>\n\n\n\n<p>The electric vehicle is becoming the most efficient option for the majority of users, who see this option as a way to enjoy driving in a safe and sustainable way.<\/p>","protected":false},"excerpt":{"rendered":"<p>Siemens probar\u00e1 este nuevo sistema de carga en camiones y autobuses el\u00e9ctricos mediante la reutilizaci\u00f3n de veh\u00edculos antiguos, en el Centro de pruebas de carga y validaci\u00f3n de la empresa holandesa VDL. Tambi\u00e9n se utilizar\u00e1n bater\u00edas de segunda vida en el sistema de almacenamiento, para poder reutilizar la bater\u00eda de los autobuses el\u00e9ctricos antiguos. Siemens&#8230;<\/p>","protected":false},"author":1,"featured_media":1802,"comment_status":"closed","ping_status":"closed","sticky":false,"template":"","format":"standard","meta":{"_acf_changed":false,"_kad_blocks_custom_css":"","_kad_blocks_head_custom_js":"","_kad_blocks_body_custom_js":"","_kad_blocks_footer_custom_js":"","_kad_post_transparent":"","_kad_post_title":"","_kad_post_layout":"","_kad_post_sidebar_id":"","_kad_post_content_style":"","_kad_post_vertical_padding":"","_kad_post_feature":"","_kad_post_feature_position":"","_kad_post_header":false,"_kad_post_footer":false,"footnotes":""},"categories":[68],"tags":[401,413,414,100,111,364],"class_list":["post-1991","post","type-post","status-publish","format-standard","has-post-thumbnail","hentry","category-coche-eletrico","tag-autobus-electrico-2","tag-camion-electrico","tag-carga-ultrarapida","tag-movilidad-electrica","tag-movilidad-sostenible","tag-vehiculo-electrico"],"acf":[],"yoast_head":"<!-- This site is optimized with the Yoast SEO plugin v27.4 - https:\/\/yoast.com\/product\/yoast-seo-wordpress\/ -->\n<title>Siemens apuesta por la recarga ultrarr\u00e1pida, bidireccional y flexible en autobuses y camiones el\u00e9ctricos - Armengol<\/title>\n<meta name=\"robots\" content=\"index, follow, max-snippet:-1, max-image-preview:large, max-video-preview:-1\" \/>\n<link rel=\"canonical\" href=\"https:\/\/napoleon-armengol.com\/en\/siemens-apuesta-por-la-recarga-ultrarrapida-bidireccional-y-flexible-en-autobuses-y-camiones-electricos\/\" \/>\n<meta property=\"og:locale\" content=\"en_GB\" \/>\n<meta property=\"og:type\" content=\"article\" \/>\n<meta property=\"og:title\" content=\"Siemens apuesta por la recarga ultrarr\u00e1pida, bidireccional y flexible en autobuses y camiones el\u00e9ctricos - Armengol\" \/>\n<meta property=\"og:description\" content=\"Siemens probar\u00e1 este nuevo sistema de carga en camiones y autobuses el\u00e9ctricos mediante la reutilizaci\u00f3n de veh\u00edculos antiguos, en el Centro de pruebas de carga y validaci\u00f3n de la empresa holandesa VDL. Tambi\u00e9n se utilizar\u00e1n bater\u00edas de segunda vida en el sistema de almacenamiento, para poder reutilizar la bater\u00eda de los autobuses el\u00e9ctricos antiguos. Siemens...\" \/>\n<meta property=\"og:url\" content=\"https:\/\/napoleon-armengol.com\/en\/siemens-apuesta-por-la-recarga-ultrarrapida-bidireccional-y-flexible-en-autobuses-y-camiones-electricos\/\" \/>\n<meta property=\"og:site_name\" content=\"Armengol\" \/>\n<meta property=\"article:published_time\" content=\"2019-11-14T13:20:53+00:00\" \/>\n<meta property=\"article:modified_time\" content=\"2024-01-24T11:22:26+00:00\" \/>\n<meta property=\"og:image\" content=\"https:\/\/napoleon-armengol.com\/wp-content\/uploads\/2019\/11\/siemens-2.jpg\" \/>\n\t<meta property=\"og:image:width\" content=\"626\" \/>\n\t<meta property=\"og:image:height\" content=\"417\" \/>\n\t<meta property=\"og:image:type\" content=\"image\/jpeg\" \/>\n<meta name=\"author\" content=\"admin\" \/>\n<meta name=\"twitter:card\" content=\"summary_large_image\" \/>\n<meta name=\"twitter:label1\" content=\"Written by\" \/>\n\t<meta name=\"twitter:data1\" content=\"admin\" \/>\n\t<meta name=\"twitter:label2\" content=\"Estimated reading time\" \/>\n\t<meta name=\"twitter:data2\" content=\"3 minutes\" \/>\n<script type=\"application\/ld+json\" class=\"yoast-schema-graph\">{\"@context\":\"https:\\\/\\\/schema.org\",\"@graph\":[{\"@type\":\"Article\",\"@id\":\"https:\\\/\\\/napoleon-armengol.com\\\/siemens-apuesta-por-la-recarga-ultrarrapida-bidireccional-y-flexible-en-autobuses-y-camiones-electricos\\\/#article\",\"isPartOf\":{\"@id\":\"https:\\\/\\\/napoleon-armengol.com\\\/siemens-apuesta-por-la-recarga-ultrarrapida-bidireccional-y-flexible-en-autobuses-y-camiones-electricos\\\/\"},\"author\":{\"name\":\"admin\",\"@id\":\"https:\\\/\\\/napoleon-armengol.com\\\/#\\\/schema\\\/person\\\/e558fc54676c8886a95c89646b733a67\"},\"headline\":\"Siemens apuesta por la recarga ultrarr\u00e1pida, bidireccional y flexible en autobuses y camiones el\u00e9ctricos\",\"datePublished\":\"2019-11-14T13:20:53+00:00\",\"dateModified\":\"2024-01-24T11:22:26+00:00\",\"mainEntityOfPage\":{\"@id\":\"https:\\\/\\\/napoleon-armengol.com\\\/siemens-apuesta-por-la-recarga-ultrarrapida-bidireccional-y-flexible-en-autobuses-y-camiones-electricos\\\/\"},\"wordCount\":535,\"publisher\":{\"@id\":\"https:\\\/\\\/napoleon-armengol.com\\\/#organization\"},\"image\":{\"@id\":\"https:\\\/\\\/napoleon-armengol.com\\\/siemens-apuesta-por-la-recarga-ultrarrapida-bidireccional-y-flexible-en-autobuses-y-camiones-electricos\\\/#primaryimage\"},\"thumbnailUrl\":\"https:\\\/\\\/napoleon-armengol.com\\\/wp-content\\\/uploads\\\/2019\\\/11\\\/siemens-2.jpg\",\"keywords\":[\"autobus el\u00e9ctrico\",\"cami\u00f3n el\u00e9ctrico\",\"carga ultrar\u00e1pida\",\"movilidad el\u00e9ctrica\",\"movilidad sostenible\",\"veh\u00edculo el\u00e9ctrico\"],\"articleSection\":[\"Coche el\u00e9trico\"],\"inLanguage\":\"en-GB\"},{\"@type\":\"WebPage\",\"@id\":\"https:\\\/\\\/napoleon-armengol.com\\\/siemens-apuesta-por-la-recarga-ultrarrapida-bidireccional-y-flexible-en-autobuses-y-camiones-electricos\\\/\",\"url\":\"https:\\\/\\\/napoleon-armengol.com\\\/siemens-apuesta-por-la-recarga-ultrarrapida-bidireccional-y-flexible-en-autobuses-y-camiones-electricos\\\/\",\"name\":\"Siemens apuesta por la recarga ultrarr\u00e1pida, bidireccional y flexible en autobuses y camiones el\u00e9ctricos - Armengol\",\"isPartOf\":{\"@id\":\"https:\\\/\\\/napoleon-armengol.com\\\/#website\"},\"primaryImageOfPage\":{\"@id\":\"https:\\\/\\\/napoleon-armengol.com\\\/siemens-apuesta-por-la-recarga-ultrarrapida-bidireccional-y-flexible-en-autobuses-y-camiones-electricos\\\/#primaryimage\"},\"image\":{\"@id\":\"https:\\\/\\\/napoleon-armengol.com\\\/siemens-apuesta-por-la-recarga-ultrarrapida-bidireccional-y-flexible-en-autobuses-y-camiones-electricos\\\/#primaryimage\"},\"thumbnailUrl\":\"https:\\\/\\\/napoleon-armengol.com\\\/wp-content\\\/uploads\\\/2019\\\/11\\\/siemens-2.jpg\",\"datePublished\":\"2019-11-14T13:20:53+00:00\",\"dateModified\":\"2024-01-24T11:22:26+00:00\",\"breadcrumb\":{\"@id\":\"https:\\\/\\\/napoleon-armengol.com\\\/siemens-apuesta-por-la-recarga-ultrarrapida-bidireccional-y-flexible-en-autobuses-y-camiones-electricos\\\/#breadcrumb\"},\"inLanguage\":\"en-GB\",\"potentialAction\":[{\"@type\":\"ReadAction\",\"target\":[\"https:\\\/\\\/napoleon-armengol.com\\\/siemens-apuesta-por-la-recarga-ultrarrapida-bidireccional-y-flexible-en-autobuses-y-camiones-electricos\\\/\"]}]},{\"@type\":\"ImageObject\",\"inLanguage\":\"en-GB\",\"@id\":\"https:\\\/\\\/napoleon-armengol.com\\\/siemens-apuesta-por-la-recarga-ultrarrapida-bidireccional-y-flexible-en-autobuses-y-camiones-electricos\\\/#primaryimage\",\"url\":\"https:\\\/\\\/napoleon-armengol.com\\\/wp-content\\\/uploads\\\/2019\\\/11\\\/siemens-2.jpg\",\"contentUrl\":\"https:\\\/\\\/napoleon-armengol.com\\\/wp-content\\\/uploads\\\/2019\\\/11\\\/siemens-2.jpg\",\"width\":626,\"height\":417},{\"@type\":\"BreadcrumbList\",\"@id\":\"https:\\\/\\\/napoleon-armengol.com\\\/siemens-apuesta-por-la-recarga-ultrarrapida-bidireccional-y-flexible-en-autobuses-y-camiones-electricos\\\/#breadcrumb\",\"itemListElement\":[{\"@type\":\"ListItem\",\"position\":1,\"name\":\"Portada\",\"item\":\"https:\\\/\\\/napoleon-armengol.com\\\/\"},{\"@type\":\"ListItem\",\"position\":2,\"name\":\"Siemens apuesta por la recarga ultrarr\u00e1pida, bidireccional y flexible en autobuses y camiones el\u00e9ctricos\"}]},{\"@type\":\"WebSite\",\"@id\":\"https:\\\/\\\/napoleon-armengol.com\\\/#website\",\"url\":\"https:\\\/\\\/napoleon-armengol.com\\\/\",\"name\":\"Armengol\",\"description\":\"Seguridad y especializaci\u00f3n\",\"publisher\":{\"@id\":\"https:\\\/\\\/napoleon-armengol.com\\\/#organization\"},\"potentialAction\":[{\"@type\":\"SearchAction\",\"target\":{\"@type\":\"EntryPoint\",\"urlTemplate\":\"https:\\\/\\\/napoleon-armengol.com\\\/?s={search_term_string}\"},\"query-input\":{\"@type\":\"PropertyValueSpecification\",\"valueRequired\":true,\"valueName\":\"search_term_string\"}}],\"inLanguage\":\"en-GB\"},{\"@type\":\"Organization\",\"@id\":\"https:\\\/\\\/napoleon-armengol.com\\\/#organization\",\"name\":\"Armengol\",\"url\":\"https:\\\/\\\/napoleon-armengol.com\\\/\",\"logo\":{\"@type\":\"ImageObject\",\"inLanguage\":\"en-GB\",\"@id\":\"https:\\\/\\\/napoleon-armengol.com\\\/#\\\/schema\\\/logo\\\/image\\\/\",\"url\":\"https:\\\/\\\/napoleon-armengol.com\\\/wp-content\\\/uploads\\\/2023\\\/04\\\/LOGO-ARMENGOL.png\",\"contentUrl\":\"https:\\\/\\\/napoleon-armengol.com\\\/wp-content\\\/uploads\\\/2023\\\/04\\\/LOGO-ARMENGOL.png\",\"width\":460,\"height\":81,\"caption\":\"Armengol\"},\"image\":{\"@id\":\"https:\\\/\\\/napoleon-armengol.com\\\/#\\\/schema\\\/logo\\\/image\\\/\"}},{\"@type\":\"Person\",\"@id\":\"https:\\\/\\\/napoleon-armengol.com\\\/#\\\/schema\\\/person\\\/e558fc54676c8886a95c89646b733a67\",\"name\":\"admin\",\"sameAs\":[\"http:\\\/\\\/napoleon-armengol.com\"],\"url\":\"https:\\\/\\\/napoleon-armengol.com\\\/en\\\/author\\\/admin_5wnh1vf4\\\/\"}]}<\/script>\n<!-- \/ Yoast SEO plugin. -->","yoast_head_json":{"title":"Siemens apuesta por la recarga ultrarr\u00e1pida, bidireccional y flexible en autobuses y camiones el\u00e9ctricos - Armengol","robots":{"index":"index","follow":"follow","max-snippet":"max-snippet:-1","max-image-preview":"max-image-preview:large","max-video-preview":"max-video-preview:-1"},"canonical":"https:\/\/napoleon-armengol.com\/en\/siemens-apuesta-por-la-recarga-ultrarrapida-bidireccional-y-flexible-en-autobuses-y-camiones-electricos\/","og_locale":"en_GB","og_type":"article","og_title":"Siemens apuesta por la recarga ultrarr\u00e1pida, bidireccional y flexible en autobuses y camiones el\u00e9ctricos - Armengol","og_description":"Siemens probar\u00e1 este nuevo sistema de carga en camiones y autobuses el\u00e9ctricos mediante la reutilizaci\u00f3n de veh\u00edculos antiguos, en el Centro de pruebas de carga y validaci\u00f3n de la empresa holandesa VDL. Tambi\u00e9n se utilizar\u00e1n bater\u00edas de segunda vida en el sistema de almacenamiento, para poder reutilizar la bater\u00eda de los autobuses el\u00e9ctricos antiguos. Siemens...","og_url":"https:\/\/napoleon-armengol.com\/en\/siemens-apuesta-por-la-recarga-ultrarrapida-bidireccional-y-flexible-en-autobuses-y-camiones-electricos\/","og_site_name":"Armengol","article_published_time":"2019-11-14T13:20:53+00:00","article_modified_time":"2024-01-24T11:22:26+00:00","og_image":[{"width":626,"height":417,"url":"https:\/\/napoleon-armengol.com\/wp-content\/uploads\/2019\/11\/siemens-2.jpg","type":"image\/jpeg"}],"author":"admin","twitter_card":"summary_large_image","twitter_misc":{"Written by":"admin","Estimated reading time":"3 minutes"},"schema":{"@context":"https:\/\/schema.org","@graph":[{"@type":"Article","@id":"https:\/\/napoleon-armengol.com\/siemens-apuesta-por-la-recarga-ultrarrapida-bidireccional-y-flexible-en-autobuses-y-camiones-electricos\/#article","isPartOf":{"@id":"https:\/\/napoleon-armengol.com\/siemens-apuesta-por-la-recarga-ultrarrapida-bidireccional-y-flexible-en-autobuses-y-camiones-electricos\/"},"author":{"name":"admin","@id":"https:\/\/napoleon-armengol.com\/#\/schema\/person\/e558fc54676c8886a95c89646b733a67"},"headline":"Siemens apuesta por la recarga ultrarr\u00e1pida, bidireccional y flexible en autobuses y camiones el\u00e9ctricos","datePublished":"2019-11-14T13:20:53+00:00","dateModified":"2024-01-24T11:22:26+00:00","mainEntityOfPage":{"@id":"https:\/\/napoleon-armengol.com\/siemens-apuesta-por-la-recarga-ultrarrapida-bidireccional-y-flexible-en-autobuses-y-camiones-electricos\/"},"wordCount":535,"publisher":{"@id":"https:\/\/napoleon-armengol.com\/#organization"},"image":{"@id":"https:\/\/napoleon-armengol.com\/siemens-apuesta-por-la-recarga-ultrarrapida-bidireccional-y-flexible-en-autobuses-y-camiones-electricos\/#primaryimage"},"thumbnailUrl":"https:\/\/napoleon-armengol.com\/wp-content\/uploads\/2019\/11\/siemens-2.jpg","keywords":["autobus el\u00e9ctrico","cami\u00f3n el\u00e9ctrico","carga ultrar\u00e1pida","movilidad el\u00e9ctrica","movilidad sostenible","veh\u00edculo el\u00e9ctrico"],"articleSection":["Coche el\u00e9trico"],"inLanguage":"en-GB"},{"@type":"WebPage","@id":"https:\/\/napoleon-armengol.com\/siemens-apuesta-por-la-recarga-ultrarrapida-bidireccional-y-flexible-en-autobuses-y-camiones-electricos\/","url":"https:\/\/napoleon-armengol.com\/siemens-apuesta-por-la-recarga-ultrarrapida-bidireccional-y-flexible-en-autobuses-y-camiones-electricos\/","name":"Siemens apuesta por la recarga ultrarr\u00e1pida, bidireccional y flexible en autobuses y camiones el\u00e9ctricos - Armengol","isPartOf":{"@id":"https:\/\/napoleon-armengol.com\/#website"},"primaryImageOfPage":{"@id":"https:\/\/napoleon-armengol.com\/siemens-apuesta-por-la-recarga-ultrarrapida-bidireccional-y-flexible-en-autobuses-y-camiones-electricos\/#primaryimage"},"image":{"@id":"https:\/\/napoleon-armengol.com\/siemens-apuesta-por-la-recarga-ultrarrapida-bidireccional-y-flexible-en-autobuses-y-camiones-electricos\/#primaryimage"},"thumbnailUrl":"https:\/\/napoleon-armengol.com\/wp-content\/uploads\/2019\/11\/siemens-2.jpg","datePublished":"2019-11-14T13:20:53+00:00","dateModified":"2024-01-24T11:22:26+00:00","breadcrumb":{"@id":"https:\/\/napoleon-armengol.com\/siemens-apuesta-por-la-recarga-ultrarrapida-bidireccional-y-flexible-en-autobuses-y-camiones-electricos\/#breadcrumb"},"inLanguage":"en-GB","potentialAction":[{"@type":"ReadAction","target":["https:\/\/napoleon-armengol.com\/siemens-apuesta-por-la-recarga-ultrarrapida-bidireccional-y-flexible-en-autobuses-y-camiones-electricos\/"]}]},{"@type":"ImageObject","inLanguage":"en-GB","@id":"https:\/\/napoleon-armengol.com\/siemens-apuesta-por-la-recarga-ultrarrapida-bidireccional-y-flexible-en-autobuses-y-camiones-electricos\/#primaryimage","url":"https:\/\/napoleon-armengol.com\/wp-content\/uploads\/2019\/11\/siemens-2.jpg","contentUrl":"https:\/\/napoleon-armengol.com\/wp-content\/uploads\/2019\/11\/siemens-2.jpg","width":626,"height":417},{"@type":"BreadcrumbList","@id":"https:\/\/napoleon-armengol.com\/siemens-apuesta-por-la-recarga-ultrarrapida-bidireccional-y-flexible-en-autobuses-y-camiones-electricos\/#breadcrumb","itemListElement":[{"@type":"ListItem","position":1,"name":"Portada","item":"https:\/\/napoleon-armengol.com\/"},{"@type":"ListItem","position":2,"name":"Siemens apuesta por la recarga ultrarr\u00e1pida, bidireccional y flexible en autobuses y camiones el\u00e9ctricos"}]},{"@type":"WebSite","@id":"https:\/\/napoleon-armengol.com\/#website","url":"https:\/\/napoleon-armengol.com\/","name":"Armengol","description":"Seguridad y especializaci\u00f3n","publisher":{"@id":"https:\/\/napoleon-armengol.com\/#organization"},"potentialAction":[{"@type":"SearchAction","target":{"@type":"EntryPoint","urlTemplate":"https:\/\/napoleon-armengol.com\/?s={search_term_string}"},"query-input":{"@type":"PropertyValueSpecification","valueRequired":true,"valueName":"search_term_string"}}],"inLanguage":"en-GB"},{"@type":"Organization","@id":"https:\/\/napoleon-armengol.com\/#organization","name":"Armengol","url":"https:\/\/napoleon-armengol.com\/","logo":{"@type":"ImageObject","inLanguage":"en-GB","@id":"https:\/\/napoleon-armengol.com\/#\/schema\/logo\/image\/","url":"https:\/\/napoleon-armengol.com\/wp-content\/uploads\/2023\/04\/LOGO-ARMENGOL.png","contentUrl":"https:\/\/napoleon-armengol.com\/wp-content\/uploads\/2023\/04\/LOGO-ARMENGOL.png","width":460,"height":81,"caption":"Armengol"},"image":{"@id":"https:\/\/napoleon-armengol.com\/#\/schema\/logo\/image\/"}},{"@type":"Person","@id":"https:\/\/napoleon-armengol.com\/#\/schema\/person\/e558fc54676c8886a95c89646b733a67","name":"admin","sameAs":["http:\/\/napoleon-armengol.com"],"url":"https:\/\/napoleon-armengol.com\/en\/author\/admin_5wnh1vf4\/"}]}},"taxonomy_info":{"category":[{"value":68,"label":"Coche el\u00e9trico"}],"post_tag":[{"value":401,"label":"autobus el\u00e9ctrico"},{"value":413,"label":"cami\u00f3n el\u00e9ctrico"},{"value":414,"label":"carga ultrar\u00e1pida"},{"value":100,"label":"movilidad el\u00e9ctrica"},{"value":111,"label":"movilidad sostenible"},{"value":364,"label":"veh\u00edculo el\u00e9ctrico"}]},"featured_image_src_large":["https:\/\/napoleon-armengol.com\/wp-content\/uploads\/2019\/11\/siemens-2.jpg",626,417,false],"author_info":{"display_name":"admin","author_link":"https:\/\/napoleon-armengol.com\/en\/author\/admin_5wnh1vf4\/"},"comment_info":0,"category_info":[{"term_id":68,"name":"Coche el\u00e9trico","slug":"coche-eletrico","term_group":0,"term_taxonomy_id":68,"taxonomy":"category","description":"","parent":0,"count":63,"filter":"raw","term_order":"0","cat_ID":68,"category_count":63,"category_description":"","cat_name":"Coche el\u00e9trico","category_nicename":"coche-eletrico","category_parent":0}],"tag_info":[{"term_id":401,"name":"autobus el\u00e9ctrico","slug":"autobus-electrico-2","term_group":0,"term_taxonomy_id":401,"taxonomy":"post_tag","description":"","parent":0,"count":2,"filter":"raw","term_order":"0"},{"term_id":413,"name":"cami\u00f3n el\u00e9ctrico","slug":"camion-electrico","term_group":0,"term_taxonomy_id":413,"taxonomy":"post_tag","description":"","parent":0,"count":1,"filter":"raw","term_order":"0"},{"term_id":414,"name":"carga ultrar\u00e1pida","slug":"carga-ultrarapida","term_group":0,"term_taxonomy_id":414,"taxonomy":"post_tag","description":"","parent":0,"count":1,"filter":"raw","term_order":"0"},{"term_id":100,"name":"movilidad el\u00e9ctrica","slug":"movilidad-electrica","term_group":0,"term_taxonomy_id":100,"taxonomy":"post_tag","description":"","parent":0,"count":41,"filter":"raw","term_order":"0"},{"term_id":111,"name":"movilidad sostenible","slug":"movilidad-sostenible","term_group":0,"term_taxonomy_id":111,"taxonomy":"post_tag","description":"","parent":0,"count":31,"filter":"raw","term_order":"0"},{"term_id":364,"name":"veh\u00edculo el\u00e9ctrico","slug":"vehiculo-electrico","term_group":0,"term_taxonomy_id":364,"taxonomy":"post_tag","description":"","parent":0,"count":6,"filter":"raw","term_order":"0"}],"_links":{"self":[{"href":"https:\/\/napoleon-armengol.com\/en\/wp-json\/wp\/v2\/posts\/1991","targetHints":{"allow":["GET"]}}],"collection":[{"href":"https:\/\/napoleon-armengol.com\/en\/wp-json\/wp\/v2\/posts"}],"about":[{"href":"https:\/\/napoleon-armengol.com\/en\/wp-json\/wp\/v2\/types\/post"}],"author":[{"embeddable":true,"href":"https:\/\/napoleon-armengol.com\/en\/wp-json\/wp\/v2\/users\/1"}],"replies":[{"embeddable":true,"href":"https:\/\/napoleon-armengol.com\/en\/wp-json\/wp\/v2\/comments?post=1991"}],"version-history":[{"count":1,"href":"https:\/\/napoleon-armengol.com\/en\/wp-json\/wp\/v2\/posts\/1991\/revisions"}],"predecessor-version":[{"id":2292,"href":"https:\/\/napoleon-armengol.com\/en\/wp-json\/wp\/v2\/posts\/1991\/revisions\/2292"}],"wp:featuredmedia":[{"embeddable":true,"href":"https:\/\/napoleon-armengol.com\/en\/wp-json\/wp\/v2\/media\/1802"}],"wp:attachment":[{"href":"https:\/\/napoleon-armengol.com\/en\/wp-json\/wp\/v2\/media?parent=1991"}],"wp:term":[{"taxonomy":"category","embeddable":true,"href":"https:\/\/napoleon-armengol.com\/en\/wp-json\/wp\/v2\/categories?post=1991"},{"taxonomy":"post_tag","embeddable":true,"href":"https:\/\/napoleon-armengol.com\/en\/wp-json\/wp\/v2\/tags?post=1991"}],"curies":[{"name":"wp","href":"https:\/\/api.w.org\/{rel}","templated":true}]}}