{"id":1992,"date":"2019-12-05T08:22:10","date_gmt":"2019-12-05T08:22:10","guid":{"rendered":"http:\/\/blog-napoleon-armengol.com\/?p=563"},"modified":"2024-03-06T11:39:44","modified_gmt":"2024-03-06T10:39:44","slug":"cataluna-apuesta-por-los-puntos-de-recarga-domesticos-para-coches-electricos","status":"publish","type":"post","link":"https:\/\/napoleon-armengol.com\/en\/cataluna-apuesta-por-los-puntos-de-recarga-domesticos-para-coches-electricos\/","title":{"rendered":"Catalonia is committed to domestic charging points for electric cars"},"content":{"rendered":"<p>At the important event <a href=\"https:\/\/www.hibridosyelectricos.com\/tags\/expoelectric\">Expoelectric<\/a>, the Minister of Business and Knowledge, \u00c0ngels Chac\u00f3n, announced, in the opening speech of this important event on electric vehicles and renewable energies, that the Government will invest eight million euros to install domestic charging points for electric cars, in order to promote electric mobility. It will be a network of charging points for domestic use and will begin to be managed when the deployment of the network of fast charging points is completed (which allows the user to charge their electric car while traveling), which have been installed by the entire Catalan territory. Chac\u00f3n explained the importance of betting on clean mobility and said that the promotion of renewable energies, the democratization of energy and energy efficiency are the three pillars of the energy policy carried out by the Government of Catalonia.<\/p>\n\n\n\n<figure class=\"wp-block-image\"><img decoding=\"async\" src=\"http:\/\/blog-napoleon-armengol.com\/wp-content\/uploads\/2019\/12\/movilidad-el\u00e9ctrica-4-1.jpg\" alt=\"\" class=\"wp-image-566\"\/><\/figure>\n\n\n\n<p>55 exhibitors related to the sector participated in the ninth edition of Expoelectric, to present new developments and proposals that allow us to move towards more sustainable mobility and vehicles, through the use of electric mobility.<\/p>\n\n\n\n<h2 class=\"wp-block-heading\"><strong>The importance of electric mobility<\/strong><\/h2>\n\n\n\n<p>Minister Chac\u00f3n also claimed public-private and also \u201ctrans-institutional\u201d collaboration between administrations, so that the electric mobility objectives are possible and more sustainable and safe mobility is obtained for all. In recent years, the Government of Catalonia has invested 2.5 million euros in rapid recharging points, which will be accessible to all drivers traveling through Catalan territory and who need an energy refueling point every 30 km, according to what it states. Counselor Chac\u00f3n.<\/p>\n\n\n\n<p>The director of Expoelectric, Ramon Caus, stated that the electric vehicle no longer represents an element of the future, but rather it is about the present and also emphasized the variety of the offer that can be found in this sector, so that users They can decide on the option or model that best suits their needs or lifestyle. He also said that there are multiple options to bet on sustainable mobility and it not only involves buying an electric car, but can also be enjoyed through the use of the electric scooter as a sustainable and efficient means of transportation, to make urban journeys.<\/p>\n\n\n\n<p>Rosa Alarc\u00f3n, the Councilor for Mobility of Barcelona City Council, has praised the work that both private actors and administrations have done jointly to promote measures to reduce pollution in cities in order to improve the health of the air and , consequently, the health of the inhabitants and the planet.<\/p>\n\n\n\n<p>Xesco Gomar, the delegate president of Climate Action in the Barcelona Provincial Council, has pointed out that it is essential to have citizen awareness and political action to fight against climate change.<\/p>","protected":false},"excerpt":{"rendered":"<p>En el importante evento Expoelectric, la consejera de Empresa y Conocimiento, \u00c0ngels Chac\u00f3n, anunci\u00f3, en el discurso inaugural de esta importante cita sobre veh\u00edculos el\u00e9ctricos y energ\u00edas renovables, que el Govern invertir\u00e1 ocho millones de euros para instalar puntos de recarga dom\u00e9sticos para coches el\u00e9ctricos, con el fin de promover la movilidad el\u00e9ctrica. Se tratar\u00e1&#8230;<\/p>","protected":false},"author":1,"featured_media":1804,"comment_status":"closed","ping_status":"closed","sticky":false,"template":"","format":"standard","meta":{"_acf_changed":false,"_kad_blocks_custom_css":"","_kad_blocks_head_custom_js":"","_kad_blocks_body_custom_js":"","_kad_blocks_footer_custom_js":"","_kad_post_transparent":"","_kad_post_title":"","_kad_post_layout":"","_kad_post_sidebar_id":"","_kad_post_content_style":"","_kad_post_vertical_padding":"","_kad_post_feature":"","_kad_post_feature_position":"","_kad_post_header":false,"_kad_post_footer":false,"footnotes":""},"categories":[68],"tags":[416,100,351,417],"class_list":["post-1992","post","type-post","status-publish","format-standard","has-post-thumbnail","hentry","category-coche-eletrico","tag-expoelectric","tag-movilidad-electrica","tag-punto-de-recarga","tag-repostar-vehiculo-electrico"],"acf":[],"yoast_head":"<!-- This site is optimized with the Yoast SEO plugin v27.4 - https:\/\/yoast.com\/product\/yoast-seo-wordpress\/ -->\n<title>Catalu\u00f1a apuesta por los puntos de recarga dom\u00e9sticos para coches el\u00e9ctricos - Armengol<\/title>\n<meta name=\"robots\" content=\"index, follow, max-snippet:-1, max-image-preview:large, max-video-preview:-1\" \/>\n<link rel=\"canonical\" href=\"https:\/\/napoleon-armengol.com\/en\/cataluna-apuesta-por-los-puntos-de-recarga-domesticos-para-coches-electricos\/\" \/>\n<meta property=\"og:locale\" content=\"en_GB\" \/>\n<meta property=\"og:type\" content=\"article\" \/>\n<meta property=\"og:title\" content=\"Catalu\u00f1a apuesta por los puntos de recarga dom\u00e9sticos para coches el\u00e9ctricos - Armengol\" \/>\n<meta property=\"og:description\" content=\"En el importante evento Expoelectric, la consejera de Empresa y Conocimiento, \u00c0ngels Chac\u00f3n, anunci\u00f3, en el discurso inaugural de esta importante cita sobre veh\u00edculos el\u00e9ctricos y energ\u00edas renovables, que el Govern invertir\u00e1 ocho millones de euros para instalar puntos de recarga dom\u00e9sticos para coches el\u00e9ctricos, con el fin de promover la movilidad el\u00e9ctrica. Se tratar\u00e1...\" \/>\n<meta property=\"og:url\" content=\"https:\/\/napoleon-armengol.com\/en\/cataluna-apuesta-por-los-puntos-de-recarga-domesticos-para-coches-electricos\/\" \/>\n<meta property=\"og:site_name\" content=\"Armengol\" \/>\n<meta property=\"article:published_time\" content=\"2019-12-05T08:22:10+00:00\" \/>\n<meta property=\"article:modified_time\" content=\"2024-03-06T10:39:44+00:00\" \/>\n<meta property=\"og:image\" content=\"https:\/\/napoleon-armengol.com\/wp-content\/uploads\/2019\/12\/movilidad-electrica-3.jpg\" \/>\n\t<meta property=\"og:image:width\" content=\"626\" \/>\n\t<meta property=\"og:image:height\" content=\"417\" \/>\n\t<meta property=\"og:image:type\" content=\"image\/jpeg\" \/>\n<meta name=\"author\" content=\"admin\" \/>\n<meta name=\"twitter:card\" content=\"summary_large_image\" \/>\n<meta name=\"twitter:label1\" content=\"Written by\" \/>\n\t<meta name=\"twitter:data1\" content=\"admin\" \/>\n\t<meta name=\"twitter:label2\" content=\"Estimated reading time\" \/>\n\t<meta name=\"twitter:data2\" content=\"3 minutes\" \/>\n<script type=\"application\/ld+json\" class=\"yoast-schema-graph\">{\"@context\":\"https:\\\/\\\/schema.org\",\"@graph\":[{\"@type\":\"Article\",\"@id\":\"https:\\\/\\\/napoleon-armengol.com\\\/cataluna-apuesta-por-los-puntos-de-recarga-domesticos-para-coches-electricos\\\/#article\",\"isPartOf\":{\"@id\":\"https:\\\/\\\/napoleon-armengol.com\\\/cataluna-apuesta-por-los-puntos-de-recarga-domesticos-para-coches-electricos\\\/\"},\"author\":{\"name\":\"admin\",\"@id\":\"https:\\\/\\\/napoleon-armengol.com\\\/#\\\/schema\\\/person\\\/e558fc54676c8886a95c89646b733a67\"},\"headline\":\"Catalu\u00f1a apuesta por los puntos de recarga dom\u00e9sticos para coches el\u00e9ctricos\",\"datePublished\":\"2019-12-05T08:22:10+00:00\",\"dateModified\":\"2024-03-06T10:39:44+00:00\",\"mainEntityOfPage\":{\"@id\":\"https:\\\/\\\/napoleon-armengol.com\\\/cataluna-apuesta-por-los-puntos-de-recarga-domesticos-para-coches-electricos\\\/\"},\"wordCount\":547,\"publisher\":{\"@id\":\"https:\\\/\\\/napoleon-armengol.com\\\/#organization\"},\"image\":{\"@id\":\"https:\\\/\\\/napoleon-armengol.com\\\/cataluna-apuesta-por-los-puntos-de-recarga-domesticos-para-coches-electricos\\\/#primaryimage\"},\"thumbnailUrl\":\"https:\\\/\\\/napoleon-armengol.com\\\/wp-content\\\/uploads\\\/2019\\\/12\\\/movilidad-electrica-3.jpg\",\"keywords\":[\"Expoel\u00e9ctric\",\"movilidad el\u00e9ctrica\",\"punto de recarga\",\"repostar veh\u00edculo el\u00e9ctrico\"],\"articleSection\":[\"Coche el\u00e9trico\"],\"inLanguage\":\"en-GB\"},{\"@type\":\"WebPage\",\"@id\":\"https:\\\/\\\/napoleon-armengol.com\\\/cataluna-apuesta-por-los-puntos-de-recarga-domesticos-para-coches-electricos\\\/\",\"url\":\"https:\\\/\\\/napoleon-armengol.com\\\/cataluna-apuesta-por-los-puntos-de-recarga-domesticos-para-coches-electricos\\\/\",\"name\":\"Catalu\u00f1a apuesta por los puntos de recarga dom\u00e9sticos para coches el\u00e9ctricos - Armengol\",\"isPartOf\":{\"@id\":\"https:\\\/\\\/napoleon-armengol.com\\\/#website\"},\"primaryImageOfPage\":{\"@id\":\"https:\\\/\\\/napoleon-armengol.com\\\/cataluna-apuesta-por-los-puntos-de-recarga-domesticos-para-coches-electricos\\\/#primaryimage\"},\"image\":{\"@id\":\"https:\\\/\\\/napoleon-armengol.com\\\/cataluna-apuesta-por-los-puntos-de-recarga-domesticos-para-coches-electricos\\\/#primaryimage\"},\"thumbnailUrl\":\"https:\\\/\\\/napoleon-armengol.com\\\/wp-content\\\/uploads\\\/2019\\\/12\\\/movilidad-electrica-3.jpg\",\"datePublished\":\"2019-12-05T08:22:10+00:00\",\"dateModified\":\"2024-03-06T10:39:44+00:00\",\"breadcrumb\":{\"@id\":\"https:\\\/\\\/napoleon-armengol.com\\\/cataluna-apuesta-por-los-puntos-de-recarga-domesticos-para-coches-electricos\\\/#breadcrumb\"},\"inLanguage\":\"en-GB\",\"potentialAction\":[{\"@type\":\"ReadAction\",\"target\":[\"https:\\\/\\\/napoleon-armengol.com\\\/cataluna-apuesta-por-los-puntos-de-recarga-domesticos-para-coches-electricos\\\/\"]}]},{\"@type\":\"ImageObject\",\"inLanguage\":\"en-GB\",\"@id\":\"https:\\\/\\\/napoleon-armengol.com\\\/cataluna-apuesta-por-los-puntos-de-recarga-domesticos-para-coches-electricos\\\/#primaryimage\",\"url\":\"https:\\\/\\\/napoleon-armengol.com\\\/wp-content\\\/uploads\\\/2019\\\/12\\\/movilidad-electrica-3.jpg\",\"contentUrl\":\"https:\\\/\\\/napoleon-armengol.com\\\/wp-content\\\/uploads\\\/2019\\\/12\\\/movilidad-electrica-3.jpg\",\"width\":626,\"height\":417},{\"@type\":\"BreadcrumbList\",\"@id\":\"https:\\\/\\\/napoleon-armengol.com\\\/cataluna-apuesta-por-los-puntos-de-recarga-domesticos-para-coches-electricos\\\/#breadcrumb\",\"itemListElement\":[{\"@type\":\"ListItem\",\"position\":1,\"name\":\"Portada\",\"item\":\"https:\\\/\\\/napoleon-armengol.com\\\/\"},{\"@type\":\"ListItem\",\"position\":2,\"name\":\"Catalu\u00f1a apuesta por los puntos de recarga dom\u00e9sticos para coches el\u00e9ctricos\"}]},{\"@type\":\"WebSite\",\"@id\":\"https:\\\/\\\/napoleon-armengol.com\\\/#website\",\"url\":\"https:\\\/\\\/napoleon-armengol.com\\\/\",\"name\":\"Armengol\",\"description\":\"Seguridad y especializaci\u00f3n\",\"publisher\":{\"@id\":\"https:\\\/\\\/napoleon-armengol.com\\\/#organization\"},\"potentialAction\":[{\"@type\":\"SearchAction\",\"target\":{\"@type\":\"EntryPoint\",\"urlTemplate\":\"https:\\\/\\\/napoleon-armengol.com\\\/?s={search_term_string}\"},\"query-input\":{\"@type\":\"PropertyValueSpecification\",\"valueRequired\":true,\"valueName\":\"search_term_string\"}}],\"inLanguage\":\"en-GB\"},{\"@type\":\"Organization\",\"@id\":\"https:\\\/\\\/napoleon-armengol.com\\\/#organization\",\"name\":\"Armengol\",\"url\":\"https:\\\/\\\/napoleon-armengol.com\\\/\",\"logo\":{\"@type\":\"ImageObject\",\"inLanguage\":\"en-GB\",\"@id\":\"https:\\\/\\\/napoleon-armengol.com\\\/#\\\/schema\\\/logo\\\/image\\\/\",\"url\":\"https:\\\/\\\/napoleon-armengol.com\\\/wp-content\\\/uploads\\\/2023\\\/04\\\/LOGO-ARMENGOL.png\",\"contentUrl\":\"https:\\\/\\\/napoleon-armengol.com\\\/wp-content\\\/uploads\\\/2023\\\/04\\\/LOGO-ARMENGOL.png\",\"width\":460,\"height\":81,\"caption\":\"Armengol\"},\"image\":{\"@id\":\"https:\\\/\\\/napoleon-armengol.com\\\/#\\\/schema\\\/logo\\\/image\\\/\"}},{\"@type\":\"Person\",\"@id\":\"https:\\\/\\\/napoleon-armengol.com\\\/#\\\/schema\\\/person\\\/e558fc54676c8886a95c89646b733a67\",\"name\":\"admin\",\"sameAs\":[\"http:\\\/\\\/napoleon-armengol.com\"],\"url\":\"https:\\\/\\\/napoleon-armengol.com\\\/en\\\/author\\\/admin_5wnh1vf4\\\/\"}]}<\/script>\n<!-- \/ Yoast SEO plugin. -->","yoast_head_json":{"title":"Catalu\u00f1a apuesta por los puntos de recarga dom\u00e9sticos para coches el\u00e9ctricos - Armengol","robots":{"index":"index","follow":"follow","max-snippet":"max-snippet:-1","max-image-preview":"max-image-preview:large","max-video-preview":"max-video-preview:-1"},"canonical":"https:\/\/napoleon-armengol.com\/en\/cataluna-apuesta-por-los-puntos-de-recarga-domesticos-para-coches-electricos\/","og_locale":"en_GB","og_type":"article","og_title":"Catalu\u00f1a apuesta por los puntos de recarga dom\u00e9sticos para coches el\u00e9ctricos - Armengol","og_description":"En el importante evento Expoelectric, la consejera de Empresa y Conocimiento, \u00c0ngels Chac\u00f3n, anunci\u00f3, en el discurso inaugural de esta importante cita sobre veh\u00edculos el\u00e9ctricos y energ\u00edas renovables, que el Govern invertir\u00e1 ocho millones de euros para instalar puntos de recarga dom\u00e9sticos para coches el\u00e9ctricos, con el fin de promover la movilidad el\u00e9ctrica. Se tratar\u00e1...","og_url":"https:\/\/napoleon-armengol.com\/en\/cataluna-apuesta-por-los-puntos-de-recarga-domesticos-para-coches-electricos\/","og_site_name":"Armengol","article_published_time":"2019-12-05T08:22:10+00:00","article_modified_time":"2024-03-06T10:39:44+00:00","og_image":[{"width":626,"height":417,"url":"https:\/\/napoleon-armengol.com\/wp-content\/uploads\/2019\/12\/movilidad-electrica-3.jpg","type":"image\/jpeg"}],"author":"admin","twitter_card":"summary_large_image","twitter_misc":{"Written by":"admin","Estimated reading time":"3 minutes"},"schema":{"@context":"https:\/\/schema.org","@graph":[{"@type":"Article","@id":"https:\/\/napoleon-armengol.com\/cataluna-apuesta-por-los-puntos-de-recarga-domesticos-para-coches-electricos\/#article","isPartOf":{"@id":"https:\/\/napoleon-armengol.com\/cataluna-apuesta-por-los-puntos-de-recarga-domesticos-para-coches-electricos\/"},"author":{"name":"admin","@id":"https:\/\/napoleon-armengol.com\/#\/schema\/person\/e558fc54676c8886a95c89646b733a67"},"headline":"Catalu\u00f1a apuesta por los puntos de recarga dom\u00e9sticos para coches el\u00e9ctricos","datePublished":"2019-12-05T08:22:10+00:00","dateModified":"2024-03-06T10:39:44+00:00","mainEntityOfPage":{"@id":"https:\/\/napoleon-armengol.com\/cataluna-apuesta-por-los-puntos-de-recarga-domesticos-para-coches-electricos\/"},"wordCount":547,"publisher":{"@id":"https:\/\/napoleon-armengol.com\/#organization"},"image":{"@id":"https:\/\/napoleon-armengol.com\/cataluna-apuesta-por-los-puntos-de-recarga-domesticos-para-coches-electricos\/#primaryimage"},"thumbnailUrl":"https:\/\/napoleon-armengol.com\/wp-content\/uploads\/2019\/12\/movilidad-electrica-3.jpg","keywords":["Expoel\u00e9ctric","movilidad el\u00e9ctrica","punto de recarga","repostar veh\u00edculo el\u00e9ctrico"],"articleSection":["Coche el\u00e9trico"],"inLanguage":"en-GB"},{"@type":"WebPage","@id":"https:\/\/napoleon-armengol.com\/cataluna-apuesta-por-los-puntos-de-recarga-domesticos-para-coches-electricos\/","url":"https:\/\/napoleon-armengol.com\/cataluna-apuesta-por-los-puntos-de-recarga-domesticos-para-coches-electricos\/","name":"Catalu\u00f1a apuesta por los puntos de recarga dom\u00e9sticos para coches el\u00e9ctricos - Armengol","isPartOf":{"@id":"https:\/\/napoleon-armengol.com\/#website"},"primaryImageOfPage":{"@id":"https:\/\/napoleon-armengol.com\/cataluna-apuesta-por-los-puntos-de-recarga-domesticos-para-coches-electricos\/#primaryimage"},"image":{"@id":"https:\/\/napoleon-armengol.com\/cataluna-apuesta-por-los-puntos-de-recarga-domesticos-para-coches-electricos\/#primaryimage"},"thumbnailUrl":"https:\/\/napoleon-armengol.com\/wp-content\/uploads\/2019\/12\/movilidad-electrica-3.jpg","datePublished":"2019-12-05T08:22:10+00:00","dateModified":"2024-03-06T10:39:44+00:00","breadcrumb":{"@id":"https:\/\/napoleon-armengol.com\/cataluna-apuesta-por-los-puntos-de-recarga-domesticos-para-coches-electricos\/#breadcrumb"},"inLanguage":"en-GB","potentialAction":[{"@type":"ReadAction","target":["https:\/\/napoleon-armengol.com\/cataluna-apuesta-por-los-puntos-de-recarga-domesticos-para-coches-electricos\/"]}]},{"@type":"ImageObject","inLanguage":"en-GB","@id":"https:\/\/napoleon-armengol.com\/cataluna-apuesta-por-los-puntos-de-recarga-domesticos-para-coches-electricos\/#primaryimage","url":"https:\/\/napoleon-armengol.com\/wp-content\/uploads\/2019\/12\/movilidad-electrica-3.jpg","contentUrl":"https:\/\/napoleon-armengol.com\/wp-content\/uploads\/2019\/12\/movilidad-electrica-3.jpg","width":626,"height":417},{"@type":"BreadcrumbList","@id":"https:\/\/napoleon-armengol.com\/cataluna-apuesta-por-los-puntos-de-recarga-domesticos-para-coches-electricos\/#breadcrumb","itemListElement":[{"@type":"ListItem","position":1,"name":"Portada","item":"https:\/\/napoleon-armengol.com\/"},{"@type":"ListItem","position":2,"name":"Catalu\u00f1a apuesta por los puntos de recarga dom\u00e9sticos para coches el\u00e9ctricos"}]},{"@type":"WebSite","@id":"https:\/\/napoleon-armengol.com\/#website","url":"https:\/\/napoleon-armengol.com\/","name":"Armengol","description":"Seguridad y especializaci\u00f3n","publisher":{"@id":"https:\/\/napoleon-armengol.com\/#organization"},"potentialAction":[{"@type":"SearchAction","target":{"@type":"EntryPoint","urlTemplate":"https:\/\/napoleon-armengol.com\/?s={search_term_string}"},"query-input":{"@type":"PropertyValueSpecification","valueRequired":true,"valueName":"search_term_string"}}],"inLanguage":"en-GB"},{"@type":"Organization","@id":"https:\/\/napoleon-armengol.com\/#organization","name":"Armengol","url":"https:\/\/napoleon-armengol.com\/","logo":{"@type":"ImageObject","inLanguage":"en-GB","@id":"https:\/\/napoleon-armengol.com\/#\/schema\/logo\/image\/","url":"https:\/\/napoleon-armengol.com\/wp-content\/uploads\/2023\/04\/LOGO-ARMENGOL.png","contentUrl":"https:\/\/napoleon-armengol.com\/wp-content\/uploads\/2023\/04\/LOGO-ARMENGOL.png","width":460,"height":81,"caption":"Armengol"},"image":{"@id":"https:\/\/napoleon-armengol.com\/#\/schema\/logo\/image\/"}},{"@type":"Person","@id":"https:\/\/napoleon-armengol.com\/#\/schema\/person\/e558fc54676c8886a95c89646b733a67","name":"admin","sameAs":["http:\/\/napoleon-armengol.com"],"url":"https:\/\/napoleon-armengol.com\/en\/author\/admin_5wnh1vf4\/"}]}},"taxonomy_info":{"category":[{"value":68,"label":"Coche el\u00e9trico"}],"post_tag":[{"value":416,"label":"Expoel\u00e9ctric"},{"value":100,"label":"movilidad el\u00e9ctrica"},{"value":351,"label":"punto de recarga"},{"value":417,"label":"repostar veh\u00edculo el\u00e9ctrico"}]},"featured_image_src_large":["https:\/\/napoleon-armengol.com\/wp-content\/uploads\/2019\/12\/movilidad-electrica-3.jpg",626,417,false],"author_info":{"display_name":"admin","author_link":"https:\/\/napoleon-armengol.com\/en\/author\/admin_5wnh1vf4\/"},"comment_info":0,"category_info":[{"term_id":68,"name":"Coche el\u00e9trico","slug":"coche-eletrico","term_group":0,"term_taxonomy_id":68,"taxonomy":"category","description":"","parent":0,"count":63,"filter":"raw","term_order":"0","cat_ID":68,"category_count":63,"category_description":"","cat_name":"Coche el\u00e9trico","category_nicename":"coche-eletrico","category_parent":0}],"tag_info":[{"term_id":416,"name":"Expoel\u00e9ctric","slug":"expoelectric","term_group":0,"term_taxonomy_id":416,"taxonomy":"post_tag","description":"","parent":0,"count":1,"filter":"raw","term_order":"0"},{"term_id":100,"name":"movilidad el\u00e9ctrica","slug":"movilidad-electrica","term_group":0,"term_taxonomy_id":100,"taxonomy":"post_tag","description":"","parent":0,"count":41,"filter":"raw","term_order":"0"},{"term_id":351,"name":"punto de recarga","slug":"punto-de-recarga","term_group":0,"term_taxonomy_id":351,"taxonomy":"post_tag","description":"","parent":0,"count":2,"filter":"raw","term_order":"0"},{"term_id":417,"name":"repostar veh\u00edculo el\u00e9ctrico","slug":"repostar-vehiculo-electrico","term_group":0,"term_taxonomy_id":417,"taxonomy":"post_tag","description":"","parent":0,"count":1,"filter":"raw","term_order":"0"}],"_links":{"self":[{"href":"https:\/\/napoleon-armengol.com\/en\/wp-json\/wp\/v2\/posts\/1992","targetHints":{"allow":["GET"]}}],"collection":[{"href":"https:\/\/napoleon-armengol.com\/en\/wp-json\/wp\/v2\/posts"}],"about":[{"href":"https:\/\/napoleon-armengol.com\/en\/wp-json\/wp\/v2\/types\/post"}],"author":[{"embeddable":true,"href":"https:\/\/napoleon-armengol.com\/en\/wp-json\/wp\/v2\/users\/1"}],"replies":[{"embeddable":true,"href":"https:\/\/napoleon-armengol.com\/en\/wp-json\/wp\/v2\/comments?post=1992"}],"version-history":[{"count":1,"href":"https:\/\/napoleon-armengol.com\/en\/wp-json\/wp\/v2\/posts\/1992\/revisions"}],"predecessor-version":[{"id":2291,"href":"https:\/\/napoleon-armengol.com\/en\/wp-json\/wp\/v2\/posts\/1992\/revisions\/2291"}],"wp:featuredmedia":[{"embeddable":true,"href":"https:\/\/napoleon-armengol.com\/en\/wp-json\/wp\/v2\/media\/1804"}],"wp:attachment":[{"href":"https:\/\/napoleon-armengol.com\/en\/wp-json\/wp\/v2\/media?parent=1992"}],"wp:term":[{"taxonomy":"category","embeddable":true,"href":"https:\/\/napoleon-armengol.com\/en\/wp-json\/wp\/v2\/categories?post=1992"},{"taxonomy":"post_tag","embeddable":true,"href":"https:\/\/napoleon-armengol.com\/en\/wp-json\/wp\/v2\/tags?post=1992"}],"curies":[{"name":"wp","href":"https:\/\/api.w.org\/{rel}","templated":true}]}}