{"id":2016,"date":"2020-09-17T07:43:21","date_gmt":"2020-09-17T07:43:21","guid":{"rendered":"http:\/\/blog-napoleon-armengol.com\/?p=678"},"modified":"2024-01-24T12:20:25","modified_gmt":"2024-01-24T11:20:25","slug":"conseguira-superar-el-coche-electrico-la-crisis-del-covid-19","status":"publish","type":"post","link":"https:\/\/napoleon-armengol.com\/en\/conseguira-superar-el-coche-electrico-la-crisis-del-covid-19\/","title":{"rendered":"Will the electric car manage to overcome the COVID-19 crisis?"},"content":{"rendered":"<p>Este a\u00f1o 2020 ha supuesto un punto de inflexi\u00f3n para\nmuchos sectores, ya que se han visto afectados de una u otra manera. El <strong>coche\nel\u00e9ctrico<\/strong> tambi\u00e9n se ha visto perjudicado por la crisis sanitaria y\necon\u00f3mica que se ha producido, ya que la venta de veh\u00edculos el\u00e9ctricos, pese a\nhaber crecido a finales de 2019, se ha visto afectada por esta pandemia.<\/p>\n\n\n\n<p>En el primer trimestre de este a\u00f1o 2020 la venta de veh\u00edculos\nconvencionales cay\u00f3 un 25,6%, pero la venta de coches el\u00e9ctricos sigui\u00f3\ncreciendo, de hecho, en marzo de este mismo a\u00f1o el <strong>electric car<\/strong>\nalcanzaba el 12% de cuota de mercado en Francia, cuatriplicando sus datos si lo\ncomparamos con el a\u00f1o anterior. Alemania lleg\u00f3 hasta el 9,2% y Reino Unido al\n7.3%.<\/p>\n\n\n\n<h2 class=\"wp-block-heading\"><strong>\u00bfC\u00f3mo ha afectado el COVD-19 al coche\nel\u00e9ctrico?<\/strong><\/h2>\n\n\n\n<p>Con la crisis del coronavirus se inici\u00f3 un\nconfinamiento que ha supuesto una crisis econ\u00f3mica para muchos sectores, provocando\nsituaciones como la interrupci\u00f3n de multitud de cadenas de suministro y el\ncierre de muchas f\u00e1bricas y empresas. La producci\u00f3n de coches convencionales se\nha visto mermada, pero el coche el\u00e9ctrico, pese a las p\u00e9rdidas que se han\nderivado de esta crisis, se ha mantenido a flote.<\/p>\n\n\n\n<p>El a\u00f1o 2020 ten\u00eda que ser el a\u00f1o del coche el\u00e9ctrico\nen Europa, pero con el coronavirus la producci\u00f3n de veh\u00edculos el\u00e9ctricos se vio\nafectada, aunque no tanto como con los veh\u00edculos convencionales, porque la\nmayor\u00eda de fabricantes de coches el\u00e9ctricos ya planificaron un aumento de la\nproducci\u00f3n en la segunda mitad del 2020 y hab\u00eda nuevos modelos de <strong>coche\nel\u00e9ctrico<\/strong> que no empezar\u00edan a fabricarse hasta despu\u00e9s de julio. Ahora que\nse han instaurado medidas de recuperaci\u00f3n en toda Europa \u00e9stas deber\u00edan conseguir\nque los fabricantes de autom\u00f3viles puedan dar prioridad a la fabricaci\u00f3n del <strong>coche\nel\u00e9ctrico<\/strong>, ofreciendo garant\u00edas de pr\u00e9stamo y liquidez, para fomentar las\ntecnolog\u00edas de emisiones cero y consiguiendo que la movilidad sostenible vaya\nen aumento.<\/p>\n\n\n\n<p>Teniendo en cuenta el compromiso de obligado\ncumplimiento de emisiones que hay como objetivo para 2020 2021 de Co2 de la UE,\nla venta de coches el\u00e9ctricos no puede disminuir. El principal impulsor de la demanda\nde coches el\u00e9ctricos en Europa durante esta crisis posterior al COVID-19 es el\ncanal corporativo, de modo que es importante garantizar que las empresas\nreciban apoyo para seguir alquilando coches el\u00e9ctricos.<\/p>\n\n\n\n<p>Cuando se supere esta crisis, se deber\u00e1n llevar a cabo\ngrandes programas de recuperaci\u00f3n que ayuden a salvar esta situaci\u00f3n y que garanticen\nel cumplimiento de los objetivos clim\u00e1ticos, as\u00ed como la recuperaci\u00f3n\necol\u00f3gica. Es imprescindible dirigir los esfuerzos en este sentido hacia la\nenerg\u00eda renovable y la movilidad sostenible, para que el planeta se mantenga en\nbuen estado y todos los esfuerzos hayan valido la pena.<\/p>","protected":false},"excerpt":{"rendered":"<p>Este a\u00f1o 2020 ha supuesto un punto de inflexi\u00f3n para muchos sectores, ya que se han visto afectados de una u otra manera. El coche el\u00e9ctrico tambi\u00e9n se ha visto perjudicado por la crisis sanitaria y econ\u00f3mica que se ha producido, ya que la venta de veh\u00edculos el\u00e9ctricos, pese a haber crecido a finales de&#8230;<\/p>","protected":false},"author":1,"featured_media":1845,"comment_status":"closed","ping_status":"closed","sticky":false,"template":"","format":"standard","meta":{"_acf_changed":false,"_kad_blocks_custom_css":"","_kad_blocks_head_custom_js":"","_kad_blocks_body_custom_js":"","_kad_blocks_footer_custom_js":"","_kad_post_transparent":"","_kad_post_title":"","_kad_post_layout":"","_kad_post_sidebar_id":"","_kad_post_content_style":"","_kad_post_vertical_padding":"","_kad_post_feature":"","_kad_post_feature_position":"","_kad_post_header":false,"_kad_post_footer":false,"footnotes":""},"categories":[68],"tags":[95,431,159,100],"class_list":["post-2016","post","type-post","status-publish","format-standard","has-post-thumbnail","hentry","category-coche-eletrico","tag-coche-electrico","tag-coronavirus","tag-economia","tag-movilidad-electrica"],"acf":[],"yoast_head":"<!-- This site is optimized with the Yoast SEO plugin v27.4 - https:\/\/yoast.com\/product\/yoast-seo-wordpress\/ -->\n<title>\u00bfConseguir\u00e1 superar el coche el\u00e9ctrico la crisis del COVID-19? - Armengol<\/title>\n<meta name=\"robots\" content=\"index, follow, max-snippet:-1, max-image-preview:large, max-video-preview:-1\" \/>\n<link rel=\"canonical\" href=\"https:\/\/napoleon-armengol.com\/en\/conseguira-superar-el-coche-electrico-la-crisis-del-covid-19\/\" \/>\n<meta property=\"og:locale\" content=\"en_GB\" \/>\n<meta property=\"og:type\" content=\"article\" \/>\n<meta property=\"og:title\" content=\"\u00bfConseguir\u00e1 superar el coche el\u00e9ctrico la crisis del COVID-19? - Armengol\" \/>\n<meta property=\"og:description\" content=\"Este a\u00f1o 2020 ha supuesto un punto de inflexi\u00f3n para muchos sectores, ya que se han visto afectados de una u otra manera. El coche el\u00e9ctrico tambi\u00e9n se ha visto perjudicado por la crisis sanitaria y econ\u00f3mica que se ha producido, ya que la venta de veh\u00edculos el\u00e9ctricos, pese a haber crecido a finales de...\" \/>\n<meta property=\"og:url\" content=\"https:\/\/napoleon-armengol.com\/en\/conseguira-superar-el-coche-electrico-la-crisis-del-covid-19\/\" \/>\n<meta property=\"og:site_name\" content=\"Armengol\" \/>\n<meta property=\"article:published_time\" content=\"2020-09-17T07:43:21+00:00\" \/>\n<meta property=\"article:modified_time\" content=\"2024-01-24T11:20:25+00:00\" \/>\n<meta property=\"og:image\" content=\"https:\/\/napoleon-armengol.com\/wp-content\/uploads\/2020\/09\/coche-electrico.jpg\" \/>\n\t<meta property=\"og:image:width\" content=\"626\" \/>\n\t<meta property=\"og:image:height\" content=\"352\" \/>\n\t<meta property=\"og:image:type\" content=\"image\/jpeg\" \/>\n<meta name=\"author\" content=\"admin\" \/>\n<meta name=\"twitter:card\" content=\"summary_large_image\" \/>\n<meta name=\"twitter:label1\" content=\"Written by\" \/>\n\t<meta name=\"twitter:data1\" content=\"admin\" \/>\n\t<meta name=\"twitter:label2\" content=\"Estimated reading time\" \/>\n\t<meta name=\"twitter:data2\" content=\"2 minutes\" \/>\n<script type=\"application\/ld+json\" class=\"yoast-schema-graph\">{\"@context\":\"https:\\\/\\\/schema.org\",\"@graph\":[{\"@type\":\"Article\",\"@id\":\"https:\\\/\\\/napoleon-armengol.com\\\/conseguira-superar-el-coche-electrico-la-crisis-del-covid-19\\\/#article\",\"isPartOf\":{\"@id\":\"https:\\\/\\\/napoleon-armengol.com\\\/conseguira-superar-el-coche-electrico-la-crisis-del-covid-19\\\/\"},\"author\":{\"name\":\"admin\",\"@id\":\"https:\\\/\\\/napoleon-armengol.com\\\/#\\\/schema\\\/person\\\/e558fc54676c8886a95c89646b733a67\"},\"headline\":\"\u00bfConseguir\u00e1 superar el coche el\u00e9ctrico la crisis del COVID-19?\",\"datePublished\":\"2020-09-17T07:43:21+00:00\",\"dateModified\":\"2024-01-24T11:20:25+00:00\",\"mainEntityOfPage\":{\"@id\":\"https:\\\/\\\/napoleon-armengol.com\\\/conseguira-superar-el-coche-electrico-la-crisis-del-covid-19\\\/\"},\"wordCount\":508,\"publisher\":{\"@id\":\"https:\\\/\\\/napoleon-armengol.com\\\/#organization\"},\"image\":{\"@id\":\"https:\\\/\\\/napoleon-armengol.com\\\/conseguira-superar-el-coche-electrico-la-crisis-del-covid-19\\\/#primaryimage\"},\"thumbnailUrl\":\"https:\\\/\\\/napoleon-armengol.com\\\/wp-content\\\/uploads\\\/2020\\\/09\\\/coche-electrico.jpg\",\"keywords\":[\"Coche el\u00e9ctrico\",\"coronavirus\",\"econom\u00eda\",\"movilidad el\u00e9ctrica\"],\"articleSection\":[\"Coche el\u00e9trico\"],\"inLanguage\":\"en-GB\"},{\"@type\":\"WebPage\",\"@id\":\"https:\\\/\\\/napoleon-armengol.com\\\/conseguira-superar-el-coche-electrico-la-crisis-del-covid-19\\\/\",\"url\":\"https:\\\/\\\/napoleon-armengol.com\\\/conseguira-superar-el-coche-electrico-la-crisis-del-covid-19\\\/\",\"name\":\"\u00bfConseguir\u00e1 superar el coche el\u00e9ctrico la crisis del COVID-19? - Armengol\",\"isPartOf\":{\"@id\":\"https:\\\/\\\/napoleon-armengol.com\\\/#website\"},\"primaryImageOfPage\":{\"@id\":\"https:\\\/\\\/napoleon-armengol.com\\\/conseguira-superar-el-coche-electrico-la-crisis-del-covid-19\\\/#primaryimage\"},\"image\":{\"@id\":\"https:\\\/\\\/napoleon-armengol.com\\\/conseguira-superar-el-coche-electrico-la-crisis-del-covid-19\\\/#primaryimage\"},\"thumbnailUrl\":\"https:\\\/\\\/napoleon-armengol.com\\\/wp-content\\\/uploads\\\/2020\\\/09\\\/coche-electrico.jpg\",\"datePublished\":\"2020-09-17T07:43:21+00:00\",\"dateModified\":\"2024-01-24T11:20:25+00:00\",\"breadcrumb\":{\"@id\":\"https:\\\/\\\/napoleon-armengol.com\\\/conseguira-superar-el-coche-electrico-la-crisis-del-covid-19\\\/#breadcrumb\"},\"inLanguage\":\"en-GB\",\"potentialAction\":[{\"@type\":\"ReadAction\",\"target\":[\"https:\\\/\\\/napoleon-armengol.com\\\/conseguira-superar-el-coche-electrico-la-crisis-del-covid-19\\\/\"]}]},{\"@type\":\"ImageObject\",\"inLanguage\":\"en-GB\",\"@id\":\"https:\\\/\\\/napoleon-armengol.com\\\/conseguira-superar-el-coche-electrico-la-crisis-del-covid-19\\\/#primaryimage\",\"url\":\"https:\\\/\\\/napoleon-armengol.com\\\/wp-content\\\/uploads\\\/2020\\\/09\\\/coche-electrico.jpg\",\"contentUrl\":\"https:\\\/\\\/napoleon-armengol.com\\\/wp-content\\\/uploads\\\/2020\\\/09\\\/coche-electrico.jpg\",\"width\":626,\"height\":352},{\"@type\":\"BreadcrumbList\",\"@id\":\"https:\\\/\\\/napoleon-armengol.com\\\/conseguira-superar-el-coche-electrico-la-crisis-del-covid-19\\\/#breadcrumb\",\"itemListElement\":[{\"@type\":\"ListItem\",\"position\":1,\"name\":\"Portada\",\"item\":\"https:\\\/\\\/napoleon-armengol.com\\\/\"},{\"@type\":\"ListItem\",\"position\":2,\"name\":\"\u00bfConseguir\u00e1 superar el coche el\u00e9ctrico la crisis del COVID-19?\"}]},{\"@type\":\"WebSite\",\"@id\":\"https:\\\/\\\/napoleon-armengol.com\\\/#website\",\"url\":\"https:\\\/\\\/napoleon-armengol.com\\\/\",\"name\":\"Armengol\",\"description\":\"Seguridad y especializaci\u00f3n\",\"publisher\":{\"@id\":\"https:\\\/\\\/napoleon-armengol.com\\\/#organization\"},\"potentialAction\":[{\"@type\":\"SearchAction\",\"target\":{\"@type\":\"EntryPoint\",\"urlTemplate\":\"https:\\\/\\\/napoleon-armengol.com\\\/?s={search_term_string}\"},\"query-input\":{\"@type\":\"PropertyValueSpecification\",\"valueRequired\":true,\"valueName\":\"search_term_string\"}}],\"inLanguage\":\"en-GB\"},{\"@type\":\"Organization\",\"@id\":\"https:\\\/\\\/napoleon-armengol.com\\\/#organization\",\"name\":\"Armengol\",\"url\":\"https:\\\/\\\/napoleon-armengol.com\\\/\",\"logo\":{\"@type\":\"ImageObject\",\"inLanguage\":\"en-GB\",\"@id\":\"https:\\\/\\\/napoleon-armengol.com\\\/#\\\/schema\\\/logo\\\/image\\\/\",\"url\":\"https:\\\/\\\/napoleon-armengol.com\\\/wp-content\\\/uploads\\\/2023\\\/04\\\/LOGO-ARMENGOL.png\",\"contentUrl\":\"https:\\\/\\\/napoleon-armengol.com\\\/wp-content\\\/uploads\\\/2023\\\/04\\\/LOGO-ARMENGOL.png\",\"width\":460,\"height\":81,\"caption\":\"Armengol\"},\"image\":{\"@id\":\"https:\\\/\\\/napoleon-armengol.com\\\/#\\\/schema\\\/logo\\\/image\\\/\"}},{\"@type\":\"Person\",\"@id\":\"https:\\\/\\\/napoleon-armengol.com\\\/#\\\/schema\\\/person\\\/e558fc54676c8886a95c89646b733a67\",\"name\":\"admin\",\"sameAs\":[\"http:\\\/\\\/napoleon-armengol.com\"],\"url\":\"https:\\\/\\\/napoleon-armengol.com\\\/en\\\/author\\\/admin_5wnh1vf4\\\/\"}]}<\/script>\n<!-- \/ Yoast SEO plugin. -->","yoast_head_json":{"title":"\u00bfConseguir\u00e1 superar el coche el\u00e9ctrico la crisis del COVID-19? - Armengol","robots":{"index":"index","follow":"follow","max-snippet":"max-snippet:-1","max-image-preview":"max-image-preview:large","max-video-preview":"max-video-preview:-1"},"canonical":"https:\/\/napoleon-armengol.com\/en\/conseguira-superar-el-coche-electrico-la-crisis-del-covid-19\/","og_locale":"en_GB","og_type":"article","og_title":"\u00bfConseguir\u00e1 superar el coche el\u00e9ctrico la crisis del COVID-19? - Armengol","og_description":"Este a\u00f1o 2020 ha supuesto un punto de inflexi\u00f3n para muchos sectores, ya que se han visto afectados de una u otra manera. El coche el\u00e9ctrico tambi\u00e9n se ha visto perjudicado por la crisis sanitaria y econ\u00f3mica que se ha producido, ya que la venta de veh\u00edculos el\u00e9ctricos, pese a haber crecido a finales de...","og_url":"https:\/\/napoleon-armengol.com\/en\/conseguira-superar-el-coche-electrico-la-crisis-del-covid-19\/","og_site_name":"Armengol","article_published_time":"2020-09-17T07:43:21+00:00","article_modified_time":"2024-01-24T11:20:25+00:00","og_image":[{"width":626,"height":352,"url":"https:\/\/napoleon-armengol.com\/wp-content\/uploads\/2020\/09\/coche-electrico.jpg","type":"image\/jpeg"}],"author":"admin","twitter_card":"summary_large_image","twitter_misc":{"Written by":"admin","Estimated reading time":"2 minutes"},"schema":{"@context":"https:\/\/schema.org","@graph":[{"@type":"Article","@id":"https:\/\/napoleon-armengol.com\/conseguira-superar-el-coche-electrico-la-crisis-del-covid-19\/#article","isPartOf":{"@id":"https:\/\/napoleon-armengol.com\/conseguira-superar-el-coche-electrico-la-crisis-del-covid-19\/"},"author":{"name":"admin","@id":"https:\/\/napoleon-armengol.com\/#\/schema\/person\/e558fc54676c8886a95c89646b733a67"},"headline":"\u00bfConseguir\u00e1 superar el coche el\u00e9ctrico la crisis del COVID-19?","datePublished":"2020-09-17T07:43:21+00:00","dateModified":"2024-01-24T11:20:25+00:00","mainEntityOfPage":{"@id":"https:\/\/napoleon-armengol.com\/conseguira-superar-el-coche-electrico-la-crisis-del-covid-19\/"},"wordCount":508,"publisher":{"@id":"https:\/\/napoleon-armengol.com\/#organization"},"image":{"@id":"https:\/\/napoleon-armengol.com\/conseguira-superar-el-coche-electrico-la-crisis-del-covid-19\/#primaryimage"},"thumbnailUrl":"https:\/\/napoleon-armengol.com\/wp-content\/uploads\/2020\/09\/coche-electrico.jpg","keywords":["Coche el\u00e9ctrico","coronavirus","econom\u00eda","movilidad el\u00e9ctrica"],"articleSection":["Coche el\u00e9trico"],"inLanguage":"en-GB"},{"@type":"WebPage","@id":"https:\/\/napoleon-armengol.com\/conseguira-superar-el-coche-electrico-la-crisis-del-covid-19\/","url":"https:\/\/napoleon-armengol.com\/conseguira-superar-el-coche-electrico-la-crisis-del-covid-19\/","name":"\u00bfConseguir\u00e1 superar el coche el\u00e9ctrico la crisis del COVID-19? - Armengol","isPartOf":{"@id":"https:\/\/napoleon-armengol.com\/#website"},"primaryImageOfPage":{"@id":"https:\/\/napoleon-armengol.com\/conseguira-superar-el-coche-electrico-la-crisis-del-covid-19\/#primaryimage"},"image":{"@id":"https:\/\/napoleon-armengol.com\/conseguira-superar-el-coche-electrico-la-crisis-del-covid-19\/#primaryimage"},"thumbnailUrl":"https:\/\/napoleon-armengol.com\/wp-content\/uploads\/2020\/09\/coche-electrico.jpg","datePublished":"2020-09-17T07:43:21+00:00","dateModified":"2024-01-24T11:20:25+00:00","breadcrumb":{"@id":"https:\/\/napoleon-armengol.com\/conseguira-superar-el-coche-electrico-la-crisis-del-covid-19\/#breadcrumb"},"inLanguage":"en-GB","potentialAction":[{"@type":"ReadAction","target":["https:\/\/napoleon-armengol.com\/conseguira-superar-el-coche-electrico-la-crisis-del-covid-19\/"]}]},{"@type":"ImageObject","inLanguage":"en-GB","@id":"https:\/\/napoleon-armengol.com\/conseguira-superar-el-coche-electrico-la-crisis-del-covid-19\/#primaryimage","url":"https:\/\/napoleon-armengol.com\/wp-content\/uploads\/2020\/09\/coche-electrico.jpg","contentUrl":"https:\/\/napoleon-armengol.com\/wp-content\/uploads\/2020\/09\/coche-electrico.jpg","width":626,"height":352},{"@type":"BreadcrumbList","@id":"https:\/\/napoleon-armengol.com\/conseguira-superar-el-coche-electrico-la-crisis-del-covid-19\/#breadcrumb","itemListElement":[{"@type":"ListItem","position":1,"name":"Portada","item":"https:\/\/napoleon-armengol.com\/"},{"@type":"ListItem","position":2,"name":"\u00bfConseguir\u00e1 superar el coche el\u00e9ctrico la crisis del COVID-19?"}]},{"@type":"WebSite","@id":"https:\/\/napoleon-armengol.com\/#website","url":"https:\/\/napoleon-armengol.com\/","name":"Armengol","description":"Seguridad y especializaci\u00f3n","publisher":{"@id":"https:\/\/napoleon-armengol.com\/#organization"},"potentialAction":[{"@type":"SearchAction","target":{"@type":"EntryPoint","urlTemplate":"https:\/\/napoleon-armengol.com\/?s={search_term_string}"},"query-input":{"@type":"PropertyValueSpecification","valueRequired":true,"valueName":"search_term_string"}}],"inLanguage":"en-GB"},{"@type":"Organization","@id":"https:\/\/napoleon-armengol.com\/#organization","name":"Armengol","url":"https:\/\/napoleon-armengol.com\/","logo":{"@type":"ImageObject","inLanguage":"en-GB","@id":"https:\/\/napoleon-armengol.com\/#\/schema\/logo\/image\/","url":"https:\/\/napoleon-armengol.com\/wp-content\/uploads\/2023\/04\/LOGO-ARMENGOL.png","contentUrl":"https:\/\/napoleon-armengol.com\/wp-content\/uploads\/2023\/04\/LOGO-ARMENGOL.png","width":460,"height":81,"caption":"Armengol"},"image":{"@id":"https:\/\/napoleon-armengol.com\/#\/schema\/logo\/image\/"}},{"@type":"Person","@id":"https:\/\/napoleon-armengol.com\/#\/schema\/person\/e558fc54676c8886a95c89646b733a67","name":"admin","sameAs":["http:\/\/napoleon-armengol.com"],"url":"https:\/\/napoleon-armengol.com\/en\/author\/admin_5wnh1vf4\/"}]}},"taxonomy_info":{"category":[{"value":68,"label":"Coche el\u00e9trico"}],"post_tag":[{"value":95,"label":"Coche el\u00e9ctrico"},{"value":431,"label":"coronavirus"},{"value":159,"label":"econom\u00eda"},{"value":100,"label":"movilidad el\u00e9ctrica"}]},"featured_image_src_large":["https:\/\/napoleon-armengol.com\/wp-content\/uploads\/2020\/09\/coche-electrico.jpg",626,352,false],"author_info":{"display_name":"admin","author_link":"https:\/\/napoleon-armengol.com\/en\/author\/admin_5wnh1vf4\/"},"comment_info":0,"category_info":[{"term_id":68,"name":"Coche el\u00e9trico","slug":"coche-eletrico","term_group":0,"term_taxonomy_id":68,"taxonomy":"category","description":"","parent":0,"count":63,"filter":"raw","term_order":"0","cat_ID":68,"category_count":63,"category_description":"","cat_name":"Coche el\u00e9trico","category_nicename":"coche-eletrico","category_parent":0}],"tag_info":[{"term_id":95,"name":"Coche el\u00e9ctrico","slug":"coche-electrico","term_group":0,"term_taxonomy_id":95,"taxonomy":"post_tag","description":"","parent":0,"count":45,"filter":"raw","term_order":"0"},{"term_id":431,"name":"coronavirus","slug":"coronavirus","term_group":0,"term_taxonomy_id":431,"taxonomy":"post_tag","description":"","parent":0,"count":3,"filter":"raw","term_order":"0"},{"term_id":159,"name":"econom\u00eda","slug":"economia","term_group":0,"term_taxonomy_id":159,"taxonomy":"post_tag","description":"","parent":0,"count":11,"filter":"raw","term_order":"0"},{"term_id":100,"name":"movilidad el\u00e9ctrica","slug":"movilidad-electrica","term_group":0,"term_taxonomy_id":100,"taxonomy":"post_tag","description":"","parent":0,"count":41,"filter":"raw","term_order":"0"}],"_links":{"self":[{"href":"https:\/\/napoleon-armengol.com\/en\/wp-json\/wp\/v2\/posts\/2016","targetHints":{"allow":["GET"]}}],"collection":[{"href":"https:\/\/napoleon-armengol.com\/en\/wp-json\/wp\/v2\/posts"}],"about":[{"href":"https:\/\/napoleon-armengol.com\/en\/wp-json\/wp\/v2\/types\/post"}],"author":[{"embeddable":true,"href":"https:\/\/napoleon-armengol.com\/en\/wp-json\/wp\/v2\/users\/1"}],"replies":[{"embeddable":true,"href":"https:\/\/napoleon-armengol.com\/en\/wp-json\/wp\/v2\/comments?post=2016"}],"version-history":[{"count":1,"href":"https:\/\/napoleon-armengol.com\/en\/wp-json\/wp\/v2\/posts\/2016\/revisions"}],"predecessor-version":[{"id":2266,"href":"https:\/\/napoleon-armengol.com\/en\/wp-json\/wp\/v2\/posts\/2016\/revisions\/2266"}],"wp:featuredmedia":[{"embeddable":true,"href":"https:\/\/napoleon-armengol.com\/en\/wp-json\/wp\/v2\/media\/1845"}],"wp:attachment":[{"href":"https:\/\/napoleon-armengol.com\/en\/wp-json\/wp\/v2\/media?parent=2016"}],"wp:term":[{"taxonomy":"category","embeddable":true,"href":"https:\/\/napoleon-armengol.com\/en\/wp-json\/wp\/v2\/categories?post=2016"},{"taxonomy":"post_tag","embeddable":true,"href":"https:\/\/napoleon-armengol.com\/en\/wp-json\/wp\/v2\/tags?post=2016"}],"curies":[{"name":"wp","href":"https:\/\/api.w.org\/{rel}","templated":true}]}}