{"id":2022,"date":"2020-11-06T13:24:05","date_gmt":"2020-11-06T13:24:05","guid":{"rendered":"http:\/\/blog-napoleon-armengol.com\/?p=697"},"modified":"2024-01-24T12:20:00","modified_gmt":"2024-01-24T11:20:00","slug":"el-fabricante-de-automoviles-frances-psa-alerta-al-gobierno-de-la-necesidad-de-apostar-por-el-coche-electrico","status":"publish","type":"post","link":"https:\/\/napoleon-armengol.com\/en\/el-fabricante-de-automoviles-frances-psa-alerta-al-gobierno-de-la-necesidad-de-apostar-por-el-coche-electrico\/","title":{"rendered":"The French car manufacturer PSA alerts the Government of the need to bet on the electric car"},"content":{"rendered":"<p>Para cumplir con las normativas de emisiones de Co2 en\nEuropa que ya han comenzado este 2020, fabricar coches el\u00e9ctricos es una\nabsoluta prioridad para conseguir los objetivos establecidos y proteger el\nmedio ambiente. De este modo, se pretende tambi\u00e9n cambiar nuestra manera de\ndesplazarnos, para optar por opciones m\u00e1s eficientes, sostenibles y saludables,\ncomo el veh\u00edculo el\u00e9ctrico, el transporte p\u00fablico, la bicicleta\u2026<\/p>\n\n\n\n<p>Actualmente, solo Renault y el Grupo PSA cumplen con\nla normativa de 95g\/km fijada para este a\u00f1o y es necesario que m\u00e1s compa\u00f1\u00edas se\nsumen a esta tendencia, para conseguir reducir, a\u00fan m\u00e1s si cabe, las emisiones\nhasta llegar a 47,5 g\/km en 2030, lo que significar\u00eda la desaparici\u00f3n de los\ncoches gasolina y di\u00e9sel.<\/p>\n\n\n\n<h2 class=\"wp-block-heading\"><strong>\u00bfCu\u00e1l es la estrategia de PSA para alcanzar\nestos objetivos?<\/strong><\/h2>\n\n\n\n<p>A\u00fan no han explicado exactamente c\u00f3mo conseguirlo,\npero si que avisan al Gobierno de Espa\u00f1a de la necesidad de invertir en el coche\nel\u00e9ctrico y sigue avanzando en su fusi\u00f3n con FCA, con el nombre Stellantis, y\nlos francos alemanes tambi\u00e9n avanzan en su estrategia de electrificaci\u00f3n,\nsabiendo que una de las dos opciones ser\u00e1 la clave para cumplir con las\nnormativas de emisiones CO2 y conseguir,as\u00ed, un valor diferencial en un futuro\nno muy lejano.<\/p>\n\n\n\n<p>Actualmente, dentro de la gama de Citro\u00ebn, Peugot,\nOpel y SD Autom\u00f3viles, podemos encontrar hasta 15 modelos electrificados distintos,\nincluyendo los veh\u00edculos comerciales y los turismos, de modo que hay mucha\nvariedad donde elegir un veh\u00edculo el\u00e9ctrico que se adapte a tus necesidades.<\/p>\n\n\n\n<p>El trabajo de hacer esta transici\u00f3n a la movilidad es\nde todos no \u00fanicamente de los fabricantes, ya que el Grupo PSA se encuentra con\nun problema, ya que la implantaci\u00f3n de estas tecnolog\u00edas se encuentra con\nalgunos impedimentos, algunos de ellos derivados de la inacci\u00f3n en materia de electro\nmovilidad por lo que respecta al Estado.<\/p>\n\n\n\n<p>Es necesario conocer bien todas las ventajas y\nprestaciones que ofrece el coche el\u00e9ctrico para que su venta se vea fomentada,\nya que actualmente a\u00fan hay mucho escepticismo en Espa\u00f1a y muchas personas son\nreacias a comprar un veh\u00edculo el\u00e9ctrico.<\/p>\n\n\n\n<p>Con el cambio de mentalidad hacia una movilidad\nsostenible y haciendo una gran inversi\u00f3n para crear puntos de carga en Espa\u00f1a y\ntodo tipo de ayudas relacionadas con este objetivo, tal y como se ha llevado a\ncabo con el plan MOVESII, conseguir\u00e1n que el uso del veh\u00edculo el\u00e9ctrico se haga\nm\u00e1s presente. Y esto se traduce, claramente en una gran noticia para el medio\nambiente para adoptar un cambio de mentalidad en el uso del transporte cuando\nllevamos a cabo nuestros desplazamientos, conociendo la forma m\u00e1s sostenible y\neficiente de movernos.<\/p>","protected":false},"excerpt":{"rendered":"<p>Para cumplir con las normativas de emisiones de Co2 en Europa que ya han comenzado este 2020, fabricar coches el\u00e9ctricos es una absoluta prioridad para conseguir los objetivos establecidos y proteger el medio ambiente. De este modo, se pretende tambi\u00e9n cambiar nuestra manera de desplazarnos, para optar por opciones m\u00e1s eficientes, sostenibles y saludables, como&#8230;<\/p>","protected":false},"author":1,"featured_media":1776,"comment_status":"closed","ping_status":"closed","sticky":false,"template":"","format":"standard","meta":{"_acf_changed":false,"_kad_blocks_custom_css":"","_kad_blocks_head_custom_js":"","_kad_blocks_body_custom_js":"","_kad_blocks_footer_custom_js":"","_kad_post_transparent":"","_kad_post_title":"","_kad_post_layout":"","_kad_post_sidebar_id":"","_kad_post_content_style":"","_kad_post_vertical_padding":"","_kad_post_feature":"","_kad_post_feature_position":"","_kad_post_header":false,"_kad_post_footer":false,"footnotes":""},"categories":[68],"tags":[95,98,100],"class_list":["post-2022","post","type-post","status-publish","format-standard","has-post-thumbnail","hentry","category-coche-eletrico","tag-coche-electrico","tag-eficiencia-energetica","tag-movilidad-electrica"],"acf":[],"yoast_head":"<!-- This site is optimized with the Yoast SEO plugin v27.4 - https:\/\/yoast.com\/product\/yoast-seo-wordpress\/ -->\n<title>El fabricante de autom\u00f3viles franc\u00e9s PSA alerta al Gobierno de la necesidad de apostar por el coche el\u00e9ctrico - Armengol<\/title>\n<meta name=\"robots\" content=\"index, follow, max-snippet:-1, max-image-preview:large, max-video-preview:-1\" \/>\n<link rel=\"canonical\" href=\"https:\/\/napoleon-armengol.com\/en\/el-fabricante-de-automoviles-frances-psa-alerta-al-gobierno-de-la-necesidad-de-apostar-por-el-coche-electrico\/\" \/>\n<meta property=\"og:locale\" content=\"en_GB\" \/>\n<meta property=\"og:type\" content=\"article\" \/>\n<meta property=\"og:title\" content=\"El fabricante de autom\u00f3viles franc\u00e9s PSA alerta al Gobierno de la necesidad de apostar por el coche el\u00e9ctrico - Armengol\" \/>\n<meta property=\"og:description\" content=\"Para cumplir con las normativas de emisiones de Co2 en Europa que ya han comenzado este 2020, fabricar coches el\u00e9ctricos es una absoluta prioridad para conseguir los objetivos establecidos y proteger el medio ambiente. De este modo, se pretende tambi\u00e9n cambiar nuestra manera de desplazarnos, para optar por opciones m\u00e1s eficientes, sostenibles y saludables, como...\" \/>\n<meta property=\"og:url\" content=\"https:\/\/napoleon-armengol.com\/en\/el-fabricante-de-automoviles-frances-psa-alerta-al-gobierno-de-la-necesidad-de-apostar-por-el-coche-electrico\/\" \/>\n<meta property=\"og:site_name\" content=\"Armengol\" \/>\n<meta property=\"article:published_time\" content=\"2020-11-06T13:24:05+00:00\" \/>\n<meta property=\"article:modified_time\" content=\"2024-01-24T11:20:00+00:00\" \/>\n<meta property=\"og:image\" content=\"https:\/\/napoleon-armengol.com\/wp-content\/uploads\/2019\/04\/coche-electrico-2.jpg\" \/>\n\t<meta property=\"og:image:width\" content=\"960\" \/>\n\t<meta property=\"og:image:height\" content=\"705\" \/>\n\t<meta property=\"og:image:type\" content=\"image\/jpeg\" \/>\n<meta name=\"author\" content=\"admin\" \/>\n<meta name=\"twitter:card\" content=\"summary_large_image\" \/>\n<meta name=\"twitter:label1\" content=\"Written by\" \/>\n\t<meta name=\"twitter:data1\" content=\"admin\" \/>\n\t<meta name=\"twitter:label2\" content=\"Estimated reading time\" \/>\n\t<meta name=\"twitter:data2\" content=\"2 minutes\" \/>\n<script type=\"application\/ld+json\" class=\"yoast-schema-graph\">{\"@context\":\"https:\\\/\\\/schema.org\",\"@graph\":[{\"@type\":\"Article\",\"@id\":\"https:\\\/\\\/napoleon-armengol.com\\\/el-fabricante-de-automoviles-frances-psa-alerta-al-gobierno-de-la-necesidad-de-apostar-por-el-coche-electrico\\\/#article\",\"isPartOf\":{\"@id\":\"https:\\\/\\\/napoleon-armengol.com\\\/el-fabricante-de-automoviles-frances-psa-alerta-al-gobierno-de-la-necesidad-de-apostar-por-el-coche-electrico\\\/\"},\"author\":{\"name\":\"admin\",\"@id\":\"https:\\\/\\\/napoleon-armengol.com\\\/#\\\/schema\\\/person\\\/e558fc54676c8886a95c89646b733a67\"},\"headline\":\"El fabricante de autom\u00f3viles franc\u00e9s PSA alerta al Gobierno de la necesidad de apostar por el coche el\u00e9ctrico\",\"datePublished\":\"2020-11-06T13:24:05+00:00\",\"dateModified\":\"2024-01-24T11:20:00+00:00\",\"mainEntityOfPage\":{\"@id\":\"https:\\\/\\\/napoleon-armengol.com\\\/el-fabricante-de-automoviles-frances-psa-alerta-al-gobierno-de-la-necesidad-de-apostar-por-el-coche-electrico\\\/\"},\"wordCount\":499,\"publisher\":{\"@id\":\"https:\\\/\\\/napoleon-armengol.com\\\/#organization\"},\"image\":{\"@id\":\"https:\\\/\\\/napoleon-armengol.com\\\/el-fabricante-de-automoviles-frances-psa-alerta-al-gobierno-de-la-necesidad-de-apostar-por-el-coche-electrico\\\/#primaryimage\"},\"thumbnailUrl\":\"https:\\\/\\\/napoleon-armengol.com\\\/wp-content\\\/uploads\\\/2019\\\/04\\\/coche-electrico-2.jpg\",\"keywords\":[\"Coche el\u00e9ctrico\",\"eficiencia energ\u00e9tica\",\"movilidad el\u00e9ctrica\"],\"articleSection\":[\"Coche el\u00e9trico\"],\"inLanguage\":\"en-GB\"},{\"@type\":\"WebPage\",\"@id\":\"https:\\\/\\\/napoleon-armengol.com\\\/el-fabricante-de-automoviles-frances-psa-alerta-al-gobierno-de-la-necesidad-de-apostar-por-el-coche-electrico\\\/\",\"url\":\"https:\\\/\\\/napoleon-armengol.com\\\/el-fabricante-de-automoviles-frances-psa-alerta-al-gobierno-de-la-necesidad-de-apostar-por-el-coche-electrico\\\/\",\"name\":\"El fabricante de autom\u00f3viles franc\u00e9s PSA alerta al Gobierno de la necesidad de apostar por el coche el\u00e9ctrico - Armengol\",\"isPartOf\":{\"@id\":\"https:\\\/\\\/napoleon-armengol.com\\\/#website\"},\"primaryImageOfPage\":{\"@id\":\"https:\\\/\\\/napoleon-armengol.com\\\/el-fabricante-de-automoviles-frances-psa-alerta-al-gobierno-de-la-necesidad-de-apostar-por-el-coche-electrico\\\/#primaryimage\"},\"image\":{\"@id\":\"https:\\\/\\\/napoleon-armengol.com\\\/el-fabricante-de-automoviles-frances-psa-alerta-al-gobierno-de-la-necesidad-de-apostar-por-el-coche-electrico\\\/#primaryimage\"},\"thumbnailUrl\":\"https:\\\/\\\/napoleon-armengol.com\\\/wp-content\\\/uploads\\\/2019\\\/04\\\/coche-electrico-2.jpg\",\"datePublished\":\"2020-11-06T13:24:05+00:00\",\"dateModified\":\"2024-01-24T11:20:00+00:00\",\"breadcrumb\":{\"@id\":\"https:\\\/\\\/napoleon-armengol.com\\\/el-fabricante-de-automoviles-frances-psa-alerta-al-gobierno-de-la-necesidad-de-apostar-por-el-coche-electrico\\\/#breadcrumb\"},\"inLanguage\":\"en-GB\",\"potentialAction\":[{\"@type\":\"ReadAction\",\"target\":[\"https:\\\/\\\/napoleon-armengol.com\\\/el-fabricante-de-automoviles-frances-psa-alerta-al-gobierno-de-la-necesidad-de-apostar-por-el-coche-electrico\\\/\"]}]},{\"@type\":\"ImageObject\",\"inLanguage\":\"en-GB\",\"@id\":\"https:\\\/\\\/napoleon-armengol.com\\\/el-fabricante-de-automoviles-frances-psa-alerta-al-gobierno-de-la-necesidad-de-apostar-por-el-coche-electrico\\\/#primaryimage\",\"url\":\"https:\\\/\\\/napoleon-armengol.com\\\/wp-content\\\/uploads\\\/2019\\\/04\\\/coche-electrico-2.jpg\",\"contentUrl\":\"https:\\\/\\\/napoleon-armengol.com\\\/wp-content\\\/uploads\\\/2019\\\/04\\\/coche-electrico-2.jpg\",\"width\":960,\"height\":705},{\"@type\":\"BreadcrumbList\",\"@id\":\"https:\\\/\\\/napoleon-armengol.com\\\/el-fabricante-de-automoviles-frances-psa-alerta-al-gobierno-de-la-necesidad-de-apostar-por-el-coche-electrico\\\/#breadcrumb\",\"itemListElement\":[{\"@type\":\"ListItem\",\"position\":1,\"name\":\"Portada\",\"item\":\"https:\\\/\\\/napoleon-armengol.com\\\/\"},{\"@type\":\"ListItem\",\"position\":2,\"name\":\"El fabricante de autom\u00f3viles franc\u00e9s PSA alerta al Gobierno de la necesidad de apostar por el coche el\u00e9ctrico\"}]},{\"@type\":\"WebSite\",\"@id\":\"https:\\\/\\\/napoleon-armengol.com\\\/#website\",\"url\":\"https:\\\/\\\/napoleon-armengol.com\\\/\",\"name\":\"Armengol\",\"description\":\"Seguridad y especializaci\u00f3n\",\"publisher\":{\"@id\":\"https:\\\/\\\/napoleon-armengol.com\\\/#organization\"},\"potentialAction\":[{\"@type\":\"SearchAction\",\"target\":{\"@type\":\"EntryPoint\",\"urlTemplate\":\"https:\\\/\\\/napoleon-armengol.com\\\/?s={search_term_string}\"},\"query-input\":{\"@type\":\"PropertyValueSpecification\",\"valueRequired\":true,\"valueName\":\"search_term_string\"}}],\"inLanguage\":\"en-GB\"},{\"@type\":\"Organization\",\"@id\":\"https:\\\/\\\/napoleon-armengol.com\\\/#organization\",\"name\":\"Armengol\",\"url\":\"https:\\\/\\\/napoleon-armengol.com\\\/\",\"logo\":{\"@type\":\"ImageObject\",\"inLanguage\":\"en-GB\",\"@id\":\"https:\\\/\\\/napoleon-armengol.com\\\/#\\\/schema\\\/logo\\\/image\\\/\",\"url\":\"https:\\\/\\\/napoleon-armengol.com\\\/wp-content\\\/uploads\\\/2023\\\/04\\\/LOGO-ARMENGOL.png\",\"contentUrl\":\"https:\\\/\\\/napoleon-armengol.com\\\/wp-content\\\/uploads\\\/2023\\\/04\\\/LOGO-ARMENGOL.png\",\"width\":460,\"height\":81,\"caption\":\"Armengol\"},\"image\":{\"@id\":\"https:\\\/\\\/napoleon-armengol.com\\\/#\\\/schema\\\/logo\\\/image\\\/\"}},{\"@type\":\"Person\",\"@id\":\"https:\\\/\\\/napoleon-armengol.com\\\/#\\\/schema\\\/person\\\/e558fc54676c8886a95c89646b733a67\",\"name\":\"admin\",\"sameAs\":[\"http:\\\/\\\/napoleon-armengol.com\"],\"url\":\"https:\\\/\\\/napoleon-armengol.com\\\/en\\\/author\\\/admin_5wnh1vf4\\\/\"}]}<\/script>\n<!-- \/ Yoast SEO plugin. -->","yoast_head_json":{"title":"El fabricante de autom\u00f3viles franc\u00e9s PSA alerta al Gobierno de la necesidad de apostar por el coche el\u00e9ctrico - Armengol","robots":{"index":"index","follow":"follow","max-snippet":"max-snippet:-1","max-image-preview":"max-image-preview:large","max-video-preview":"max-video-preview:-1"},"canonical":"https:\/\/napoleon-armengol.com\/en\/el-fabricante-de-automoviles-frances-psa-alerta-al-gobierno-de-la-necesidad-de-apostar-por-el-coche-electrico\/","og_locale":"en_GB","og_type":"article","og_title":"El fabricante de autom\u00f3viles franc\u00e9s PSA alerta al Gobierno de la necesidad de apostar por el coche el\u00e9ctrico - Armengol","og_description":"Para cumplir con las normativas de emisiones de Co2 en Europa que ya han comenzado este 2020, fabricar coches el\u00e9ctricos es una absoluta prioridad para conseguir los objetivos establecidos y proteger el medio ambiente. De este modo, se pretende tambi\u00e9n cambiar nuestra manera de desplazarnos, para optar por opciones m\u00e1s eficientes, sostenibles y saludables, como...","og_url":"https:\/\/napoleon-armengol.com\/en\/el-fabricante-de-automoviles-frances-psa-alerta-al-gobierno-de-la-necesidad-de-apostar-por-el-coche-electrico\/","og_site_name":"Armengol","article_published_time":"2020-11-06T13:24:05+00:00","article_modified_time":"2024-01-24T11:20:00+00:00","og_image":[{"width":960,"height":705,"url":"https:\/\/napoleon-armengol.com\/wp-content\/uploads\/2019\/04\/coche-electrico-2.jpg","type":"image\/jpeg"}],"author":"admin","twitter_card":"summary_large_image","twitter_misc":{"Written by":"admin","Estimated reading time":"2 minutes"},"schema":{"@context":"https:\/\/schema.org","@graph":[{"@type":"Article","@id":"https:\/\/napoleon-armengol.com\/el-fabricante-de-automoviles-frances-psa-alerta-al-gobierno-de-la-necesidad-de-apostar-por-el-coche-electrico\/#article","isPartOf":{"@id":"https:\/\/napoleon-armengol.com\/el-fabricante-de-automoviles-frances-psa-alerta-al-gobierno-de-la-necesidad-de-apostar-por-el-coche-electrico\/"},"author":{"name":"admin","@id":"https:\/\/napoleon-armengol.com\/#\/schema\/person\/e558fc54676c8886a95c89646b733a67"},"headline":"El fabricante de autom\u00f3viles franc\u00e9s PSA alerta al Gobierno de la necesidad de apostar por el coche el\u00e9ctrico","datePublished":"2020-11-06T13:24:05+00:00","dateModified":"2024-01-24T11:20:00+00:00","mainEntityOfPage":{"@id":"https:\/\/napoleon-armengol.com\/el-fabricante-de-automoviles-frances-psa-alerta-al-gobierno-de-la-necesidad-de-apostar-por-el-coche-electrico\/"},"wordCount":499,"publisher":{"@id":"https:\/\/napoleon-armengol.com\/#organization"},"image":{"@id":"https:\/\/napoleon-armengol.com\/el-fabricante-de-automoviles-frances-psa-alerta-al-gobierno-de-la-necesidad-de-apostar-por-el-coche-electrico\/#primaryimage"},"thumbnailUrl":"https:\/\/napoleon-armengol.com\/wp-content\/uploads\/2019\/04\/coche-electrico-2.jpg","keywords":["Coche el\u00e9ctrico","eficiencia energ\u00e9tica","movilidad el\u00e9ctrica"],"articleSection":["Coche el\u00e9trico"],"inLanguage":"en-GB"},{"@type":"WebPage","@id":"https:\/\/napoleon-armengol.com\/el-fabricante-de-automoviles-frances-psa-alerta-al-gobierno-de-la-necesidad-de-apostar-por-el-coche-electrico\/","url":"https:\/\/napoleon-armengol.com\/el-fabricante-de-automoviles-frances-psa-alerta-al-gobierno-de-la-necesidad-de-apostar-por-el-coche-electrico\/","name":"El fabricante de autom\u00f3viles franc\u00e9s PSA alerta al Gobierno de la necesidad de apostar por el coche el\u00e9ctrico - Armengol","isPartOf":{"@id":"https:\/\/napoleon-armengol.com\/#website"},"primaryImageOfPage":{"@id":"https:\/\/napoleon-armengol.com\/el-fabricante-de-automoviles-frances-psa-alerta-al-gobierno-de-la-necesidad-de-apostar-por-el-coche-electrico\/#primaryimage"},"image":{"@id":"https:\/\/napoleon-armengol.com\/el-fabricante-de-automoviles-frances-psa-alerta-al-gobierno-de-la-necesidad-de-apostar-por-el-coche-electrico\/#primaryimage"},"thumbnailUrl":"https:\/\/napoleon-armengol.com\/wp-content\/uploads\/2019\/04\/coche-electrico-2.jpg","datePublished":"2020-11-06T13:24:05+00:00","dateModified":"2024-01-24T11:20:00+00:00","breadcrumb":{"@id":"https:\/\/napoleon-armengol.com\/el-fabricante-de-automoviles-frances-psa-alerta-al-gobierno-de-la-necesidad-de-apostar-por-el-coche-electrico\/#breadcrumb"},"inLanguage":"en-GB","potentialAction":[{"@type":"ReadAction","target":["https:\/\/napoleon-armengol.com\/el-fabricante-de-automoviles-frances-psa-alerta-al-gobierno-de-la-necesidad-de-apostar-por-el-coche-electrico\/"]}]},{"@type":"ImageObject","inLanguage":"en-GB","@id":"https:\/\/napoleon-armengol.com\/el-fabricante-de-automoviles-frances-psa-alerta-al-gobierno-de-la-necesidad-de-apostar-por-el-coche-electrico\/#primaryimage","url":"https:\/\/napoleon-armengol.com\/wp-content\/uploads\/2019\/04\/coche-electrico-2.jpg","contentUrl":"https:\/\/napoleon-armengol.com\/wp-content\/uploads\/2019\/04\/coche-electrico-2.jpg","width":960,"height":705},{"@type":"BreadcrumbList","@id":"https:\/\/napoleon-armengol.com\/el-fabricante-de-automoviles-frances-psa-alerta-al-gobierno-de-la-necesidad-de-apostar-por-el-coche-electrico\/#breadcrumb","itemListElement":[{"@type":"ListItem","position":1,"name":"Portada","item":"https:\/\/napoleon-armengol.com\/"},{"@type":"ListItem","position":2,"name":"El fabricante de autom\u00f3viles franc\u00e9s PSA alerta al Gobierno de la necesidad de apostar por el coche el\u00e9ctrico"}]},{"@type":"WebSite","@id":"https:\/\/napoleon-armengol.com\/#website","url":"https:\/\/napoleon-armengol.com\/","name":"Armengol","description":"Seguridad y especializaci\u00f3n","publisher":{"@id":"https:\/\/napoleon-armengol.com\/#organization"},"potentialAction":[{"@type":"SearchAction","target":{"@type":"EntryPoint","urlTemplate":"https:\/\/napoleon-armengol.com\/?s={search_term_string}"},"query-input":{"@type":"PropertyValueSpecification","valueRequired":true,"valueName":"search_term_string"}}],"inLanguage":"en-GB"},{"@type":"Organization","@id":"https:\/\/napoleon-armengol.com\/#organization","name":"Armengol","url":"https:\/\/napoleon-armengol.com\/","logo":{"@type":"ImageObject","inLanguage":"en-GB","@id":"https:\/\/napoleon-armengol.com\/#\/schema\/logo\/image\/","url":"https:\/\/napoleon-armengol.com\/wp-content\/uploads\/2023\/04\/LOGO-ARMENGOL.png","contentUrl":"https:\/\/napoleon-armengol.com\/wp-content\/uploads\/2023\/04\/LOGO-ARMENGOL.png","width":460,"height":81,"caption":"Armengol"},"image":{"@id":"https:\/\/napoleon-armengol.com\/#\/schema\/logo\/image\/"}},{"@type":"Person","@id":"https:\/\/napoleon-armengol.com\/#\/schema\/person\/e558fc54676c8886a95c89646b733a67","name":"admin","sameAs":["http:\/\/napoleon-armengol.com"],"url":"https:\/\/napoleon-armengol.com\/en\/author\/admin_5wnh1vf4\/"}]}},"taxonomy_info":{"category":[{"value":68,"label":"Coche el\u00e9trico"}],"post_tag":[{"value":95,"label":"Coche el\u00e9ctrico"},{"value":98,"label":"eficiencia energ\u00e9tica"},{"value":100,"label":"movilidad el\u00e9ctrica"}]},"featured_image_src_large":["https:\/\/napoleon-armengol.com\/wp-content\/uploads\/2019\/04\/coche-electrico-2.jpg",960,705,false],"author_info":{"display_name":"admin","author_link":"https:\/\/napoleon-armengol.com\/en\/author\/admin_5wnh1vf4\/"},"comment_info":0,"category_info":[{"term_id":68,"name":"Coche el\u00e9trico","slug":"coche-eletrico","term_group":0,"term_taxonomy_id":68,"taxonomy":"category","description":"","parent":0,"count":63,"filter":"raw","term_order":"0","cat_ID":68,"category_count":63,"category_description":"","cat_name":"Coche el\u00e9trico","category_nicename":"coche-eletrico","category_parent":0}],"tag_info":[{"term_id":95,"name":"Coche el\u00e9ctrico","slug":"coche-electrico","term_group":0,"term_taxonomy_id":95,"taxonomy":"post_tag","description":"","parent":0,"count":45,"filter":"raw","term_order":"0"},{"term_id":98,"name":"eficiencia energ\u00e9tica","slug":"eficiencia-energetica","term_group":0,"term_taxonomy_id":98,"taxonomy":"post_tag","description":"","parent":0,"count":36,"filter":"raw","term_order":"0"},{"term_id":100,"name":"movilidad el\u00e9ctrica","slug":"movilidad-electrica","term_group":0,"term_taxonomy_id":100,"taxonomy":"post_tag","description":"","parent":0,"count":41,"filter":"raw","term_order":"0"}],"_links":{"self":[{"href":"https:\/\/napoleon-armengol.com\/en\/wp-json\/wp\/v2\/posts\/2022","targetHints":{"allow":["GET"]}}],"collection":[{"href":"https:\/\/napoleon-armengol.com\/en\/wp-json\/wp\/v2\/posts"}],"about":[{"href":"https:\/\/napoleon-armengol.com\/en\/wp-json\/wp\/v2\/types\/post"}],"author":[{"embeddable":true,"href":"https:\/\/napoleon-armengol.com\/en\/wp-json\/wp\/v2\/users\/1"}],"replies":[{"embeddable":true,"href":"https:\/\/napoleon-armengol.com\/en\/wp-json\/wp\/v2\/comments?post=2022"}],"version-history":[{"count":1,"href":"https:\/\/napoleon-armengol.com\/en\/wp-json\/wp\/v2\/posts\/2022\/revisions"}],"predecessor-version":[{"id":2260,"href":"https:\/\/napoleon-armengol.com\/en\/wp-json\/wp\/v2\/posts\/2022\/revisions\/2260"}],"wp:featuredmedia":[{"embeddable":true,"href":"https:\/\/napoleon-armengol.com\/en\/wp-json\/wp\/v2\/media\/1776"}],"wp:attachment":[{"href":"https:\/\/napoleon-armengol.com\/en\/wp-json\/wp\/v2\/media?parent=2022"}],"wp:term":[{"taxonomy":"category","embeddable":true,"href":"https:\/\/napoleon-armengol.com\/en\/wp-json\/wp\/v2\/categories?post=2022"},{"taxonomy":"post_tag","embeddable":true,"href":"https:\/\/napoleon-armengol.com\/en\/wp-json\/wp\/v2\/tags?post=2022"}],"curies":[{"name":"wp","href":"https:\/\/api.w.org\/{rel}","templated":true}]}}