{"id":470,"date":"2019-08-20T08:20:29","date_gmt":"2019-08-20T08:20:29","guid":{"rendered":"http:\/\/blog-napoleon-armengol.com\/?p=470"},"modified":"2024-03-05T12:21:19","modified_gmt":"2024-03-05T11:21:19","slug":"los-coches-electricos-tendran-que-hacer-ruido-a-partir-del-2021","status":"publish","type":"post","link":"https:\/\/napoleon-armengol.com\/en\/los-coches-electricos-tendran-que-hacer-ruido-a-partir-del-2021\/","title":{"rendered":"ELECTRIC CARS WILL HAVE TO MAKE NOISE FROM 2021"},"content":{"rendered":"<p>It is well known to all that one of the greatest advantages of the increasingly popular <strong>electric cars<\/strong>&nbsp; (apart from their indisputable ecological improvement over their predecessors) is that they do not produce that annoying noise pollution that their peers carry with them by default. That may seem like an advantage at first glance, but surely it has happened to all of us at some point that we come across an electric or hybrid car without really knowing where it came from because we were distracted and we didn&#039;t hear it. This is because many pedestrians are guided largely by hearing when crossing streets or performing similar actions. Studies affirm that, if in a dangerous situation due to the stealth of these vehicles, a pedestrian usually has <strong>a second and a half<\/strong> to save yourself from being run over if one of these cars approaches 30 km\/h (average speed in urban areas).<\/p>\n\n\n\n<p>For this reason, with the intention of avoiding future accidents, the European Union has ruled that, starting in July 2021, this type of vehicle must incorporate a<strong>\nAcoustic warning<\/strong> that alerts pedestrians to your presence.<\/p>\n\n\n\n<p><strong>Nissan and Jaguar, the first to put it in the catalog<\/strong><\/p>\n\n\n\n<p>These two well-known brands, which already have a certain background in the manufacture of<strong> electric and hybrid vehicles<\/strong>, have been the first to add an acoustic warning in their cars, naming it AVAS (Audible Vehicle Alert System, for its translation Audible Vehicle Alert System). Nissan states that the system has been created taking into account the urban environment in which cars usually move, so it will be audible without causing inconvenience to pedestrians. In addition, its tone and frequency will vary depending on the action the car performs, rising or falling as the car accelerates, decelerates or reverses. <\/p>\n\n\n\n<p>This measure has been promoted by associations such as <strong>Euroblind<\/strong>, and the European Union has decided to adopt it, establishing that, at a speed of 20 km\/h, electric vehicles sold from 2021 onwards will have to emit frequencies of between 56 and 75 decibels.<\/p>\n\n\n\n<p><strong>Safety or comfort?<\/strong><\/p>\n\n\n\n<p>This topic has sparked some debate among urbanites. Certainly, a silent city (or at least without the persistent noise of traffic) is the dream of any average neighbor and, surely, also of many pedestrians. Especially in densely populated cities, car noise has become a persistent problem. It is undeniable, however, that something like this would pose a risk to the road safety of blind people or people with vision problems and also to adults and children, who perhaps would not react in time without an auditory stimulus that warns them of the danger. <\/p>","protected":false},"excerpt":{"rendered":"<p>Es bien conocido por todos que una de las mayores ventajas de los cada vez m\u00e1s populares coches el\u00e9ctricos&nbsp; (a parte de su indiscutible mejora ecol\u00f3gica respecto a sus predecesores) es que no producen esa molesta contaminaci\u00f3n ac\u00fastica que sus cong\u00e9neres llevan consigo por defecto. Eso puede parecer una ventaja a primera vista, pero seguro&#8230;<\/p>","protected":false},"author":1,"featured_media":471,"comment_status":"closed","ping_status":"closed","sticky":false,"template":"","format":"standard","meta":{"_acf_changed":false,"_kad_blocks_custom_css":"","_kad_blocks_head_custom_js":"","_kad_blocks_body_custom_js":"","_kad_blocks_footer_custom_js":"","_kad_post_transparent":"","_kad_post_title":"","_kad_post_layout":"","_kad_post_sidebar_id":"","_kad_post_content_style":"","_kad_post_vertical_padding":"","_kad_post_feature":"","_kad_post_feature_position":"","_kad_post_header":false,"_kad_post_footer":false,"footnotes":""},"categories":[68],"tags":[],"class_list":["post-470","post","type-post","status-publish","format-standard","has-post-thumbnail","hentry","category-coche-eletrico"],"acf":[],"yoast_head":"<!-- This site is optimized with the Yoast SEO plugin v27.4 - https:\/\/yoast.com\/product\/yoast-seo-wordpress\/ -->\n<title>LOS COCHES EL\u00c9CTRICOS TENDR\u00c1N QUE HACER RUIDO A PARTIR DEL 2021 - Armengol<\/title>\n<meta name=\"robots\" content=\"index, follow, max-snippet:-1, max-image-preview:large, max-video-preview:-1\" \/>\n<link rel=\"canonical\" href=\"https:\/\/napoleon-armengol.com\/en\/los-coches-electricos-tendran-que-hacer-ruido-a-partir-del-2021\/\" \/>\n<meta property=\"og:locale\" content=\"en_GB\" \/>\n<meta property=\"og:type\" content=\"article\" \/>\n<meta property=\"og:title\" content=\"LOS COCHES EL\u00c9CTRICOS TENDR\u00c1N QUE HACER RUIDO A PARTIR DEL 2021 - Armengol\" \/>\n<meta property=\"og:description\" content=\"Es bien conocido por todos que una de las mayores ventajas de los cada vez m\u00e1s populares coches el\u00e9ctricos&nbsp; (a parte de su indiscutible mejora ecol\u00f3gica respecto a sus predecesores) es que no producen esa molesta contaminaci\u00f3n ac\u00fastica que sus cong\u00e9neres llevan consigo por defecto. Eso puede parecer una ventaja a primera vista, pero seguro...\" \/>\n<meta property=\"og:url\" content=\"https:\/\/napoleon-armengol.com\/en\/los-coches-electricos-tendran-que-hacer-ruido-a-partir-del-2021\/\" \/>\n<meta property=\"og:site_name\" content=\"Armengol\" \/>\n<meta property=\"article:published_time\" content=\"2019-08-20T08:20:29+00:00\" \/>\n<meta property=\"article:modified_time\" content=\"2024-03-05T11:21:19+00:00\" \/>\n<meta property=\"og:image\" content=\"https:\/\/napoleon-armengol.com\/wp-content\/uploads\/2019\/08\/coches-electricos.jpg\" \/>\n\t<meta property=\"og:image:width\" content=\"450\" \/>\n\t<meta property=\"og:image:height\" content=\"242\" \/>\n\t<meta property=\"og:image:type\" content=\"image\/jpeg\" \/>\n<meta name=\"author\" content=\"admin\" \/>\n<meta name=\"twitter:card\" content=\"summary_large_image\" \/>\n<meta name=\"twitter:label1\" content=\"Written by\" \/>\n\t<meta name=\"twitter:data1\" content=\"admin\" \/>\n\t<meta name=\"twitter:label2\" content=\"Estimated reading time\" \/>\n\t<meta name=\"twitter:data2\" content=\"3 minutes\" \/>\n<script type=\"application\/ld+json\" class=\"yoast-schema-graph\">{\"@context\":\"https:\\\/\\\/schema.org\",\"@graph\":[{\"@type\":\"Article\",\"@id\":\"https:\\\/\\\/napoleon-armengol.com\\\/los-coches-electricos-tendran-que-hacer-ruido-a-partir-del-2021\\\/#article\",\"isPartOf\":{\"@id\":\"https:\\\/\\\/napoleon-armengol.com\\\/los-coches-electricos-tendran-que-hacer-ruido-a-partir-del-2021\\\/\"},\"author\":{\"name\":\"admin\",\"@id\":\"https:\\\/\\\/napoleon-armengol.com\\\/#\\\/schema\\\/person\\\/e558fc54676c8886a95c89646b733a67\"},\"headline\":\"LOS COCHES EL\u00c9CTRICOS TENDR\u00c1N QUE HACER RUIDO A PARTIR DEL 2021\",\"datePublished\":\"2019-08-20T08:20:29+00:00\",\"dateModified\":\"2024-03-05T11:21:19+00:00\",\"mainEntityOfPage\":{\"@id\":\"https:\\\/\\\/napoleon-armengol.com\\\/los-coches-electricos-tendran-que-hacer-ruido-a-partir-del-2021\\\/\"},\"wordCount\":515,\"publisher\":{\"@id\":\"https:\\\/\\\/napoleon-armengol.com\\\/#organization\"},\"image\":{\"@id\":\"https:\\\/\\\/napoleon-armengol.com\\\/los-coches-electricos-tendran-que-hacer-ruido-a-partir-del-2021\\\/#primaryimage\"},\"thumbnailUrl\":\"https:\\\/\\\/napoleon-armengol.com\\\/wp-content\\\/uploads\\\/2019\\\/08\\\/coches-electricos.jpg\",\"articleSection\":[\"Coche el\u00e9trico\"],\"inLanguage\":\"en-GB\"},{\"@type\":\"WebPage\",\"@id\":\"https:\\\/\\\/napoleon-armengol.com\\\/los-coches-electricos-tendran-que-hacer-ruido-a-partir-del-2021\\\/\",\"url\":\"https:\\\/\\\/napoleon-armengol.com\\\/los-coches-electricos-tendran-que-hacer-ruido-a-partir-del-2021\\\/\",\"name\":\"LOS COCHES EL\u00c9CTRICOS TENDR\u00c1N QUE HACER RUIDO A PARTIR DEL 2021 - Armengol\",\"isPartOf\":{\"@id\":\"https:\\\/\\\/napoleon-armengol.com\\\/#website\"},\"primaryImageOfPage\":{\"@id\":\"https:\\\/\\\/napoleon-armengol.com\\\/los-coches-electricos-tendran-que-hacer-ruido-a-partir-del-2021\\\/#primaryimage\"},\"image\":{\"@id\":\"https:\\\/\\\/napoleon-armengol.com\\\/los-coches-electricos-tendran-que-hacer-ruido-a-partir-del-2021\\\/#primaryimage\"},\"thumbnailUrl\":\"https:\\\/\\\/napoleon-armengol.com\\\/wp-content\\\/uploads\\\/2019\\\/08\\\/coches-electricos.jpg\",\"datePublished\":\"2019-08-20T08:20:29+00:00\",\"dateModified\":\"2024-03-05T11:21:19+00:00\",\"breadcrumb\":{\"@id\":\"https:\\\/\\\/napoleon-armengol.com\\\/los-coches-electricos-tendran-que-hacer-ruido-a-partir-del-2021\\\/#breadcrumb\"},\"inLanguage\":\"en-GB\",\"potentialAction\":[{\"@type\":\"ReadAction\",\"target\":[\"https:\\\/\\\/napoleon-armengol.com\\\/los-coches-electricos-tendran-que-hacer-ruido-a-partir-del-2021\\\/\"]}]},{\"@type\":\"ImageObject\",\"inLanguage\":\"en-GB\",\"@id\":\"https:\\\/\\\/napoleon-armengol.com\\\/los-coches-electricos-tendran-que-hacer-ruido-a-partir-del-2021\\\/#primaryimage\",\"url\":\"https:\\\/\\\/napoleon-armengol.com\\\/wp-content\\\/uploads\\\/2019\\\/08\\\/coches-electricos.jpg\",\"contentUrl\":\"https:\\\/\\\/napoleon-armengol.com\\\/wp-content\\\/uploads\\\/2019\\\/08\\\/coches-electricos.jpg\",\"width\":450,\"height\":242},{\"@type\":\"BreadcrumbList\",\"@id\":\"https:\\\/\\\/napoleon-armengol.com\\\/los-coches-electricos-tendran-que-hacer-ruido-a-partir-del-2021\\\/#breadcrumb\",\"itemListElement\":[{\"@type\":\"ListItem\",\"position\":1,\"name\":\"Portada\",\"item\":\"https:\\\/\\\/napoleon-armengol.com\\\/\"},{\"@type\":\"ListItem\",\"position\":2,\"name\":\"LOS COCHES EL\u00c9CTRICOS TENDR\u00c1N QUE HACER RUIDO A PARTIR DEL 2021\"}]},{\"@type\":\"WebSite\",\"@id\":\"https:\\\/\\\/napoleon-armengol.com\\\/#website\",\"url\":\"https:\\\/\\\/napoleon-armengol.com\\\/\",\"name\":\"Armengol\",\"description\":\"Seguridad y especializaci\u00f3n\",\"publisher\":{\"@id\":\"https:\\\/\\\/napoleon-armengol.com\\\/#organization\"},\"potentialAction\":[{\"@type\":\"SearchAction\",\"target\":{\"@type\":\"EntryPoint\",\"urlTemplate\":\"https:\\\/\\\/napoleon-armengol.com\\\/?s={search_term_string}\"},\"query-input\":{\"@type\":\"PropertyValueSpecification\",\"valueRequired\":true,\"valueName\":\"search_term_string\"}}],\"inLanguage\":\"en-GB\"},{\"@type\":\"Organization\",\"@id\":\"https:\\\/\\\/napoleon-armengol.com\\\/#organization\",\"name\":\"Armengol\",\"url\":\"https:\\\/\\\/napoleon-armengol.com\\\/\",\"logo\":{\"@type\":\"ImageObject\",\"inLanguage\":\"en-GB\",\"@id\":\"https:\\\/\\\/napoleon-armengol.com\\\/#\\\/schema\\\/logo\\\/image\\\/\",\"url\":\"https:\\\/\\\/napoleon-armengol.com\\\/wp-content\\\/uploads\\\/2023\\\/04\\\/LOGO-ARMENGOL.png\",\"contentUrl\":\"https:\\\/\\\/napoleon-armengol.com\\\/wp-content\\\/uploads\\\/2023\\\/04\\\/LOGO-ARMENGOL.png\",\"width\":460,\"height\":81,\"caption\":\"Armengol\"},\"image\":{\"@id\":\"https:\\\/\\\/napoleon-armengol.com\\\/#\\\/schema\\\/logo\\\/image\\\/\"}},{\"@type\":\"Person\",\"@id\":\"https:\\\/\\\/napoleon-armengol.com\\\/#\\\/schema\\\/person\\\/e558fc54676c8886a95c89646b733a67\",\"name\":\"admin\",\"sameAs\":[\"http:\\\/\\\/napoleon-armengol.com\"],\"url\":\"https:\\\/\\\/napoleon-armengol.com\\\/en\\\/author\\\/admin_5wnh1vf4\\\/\"}]}<\/script>\n<!-- \/ Yoast SEO plugin. -->","yoast_head_json":{"title":"LOS COCHES EL\u00c9CTRICOS TENDR\u00c1N QUE HACER RUIDO A PARTIR DEL 2021 - Armengol","robots":{"index":"index","follow":"follow","max-snippet":"max-snippet:-1","max-image-preview":"max-image-preview:large","max-video-preview":"max-video-preview:-1"},"canonical":"https:\/\/napoleon-armengol.com\/en\/los-coches-electricos-tendran-que-hacer-ruido-a-partir-del-2021\/","og_locale":"en_GB","og_type":"article","og_title":"LOS COCHES EL\u00c9CTRICOS TENDR\u00c1N QUE HACER RUIDO A PARTIR DEL 2021 - Armengol","og_description":"Es bien conocido por todos que una de las mayores ventajas de los cada vez m\u00e1s populares coches el\u00e9ctricos&nbsp; (a parte de su indiscutible mejora ecol\u00f3gica respecto a sus predecesores) es que no producen esa molesta contaminaci\u00f3n ac\u00fastica que sus cong\u00e9neres llevan consigo por defecto. Eso puede parecer una ventaja a primera vista, pero seguro...","og_url":"https:\/\/napoleon-armengol.com\/en\/los-coches-electricos-tendran-que-hacer-ruido-a-partir-del-2021\/","og_site_name":"Armengol","article_published_time":"2019-08-20T08:20:29+00:00","article_modified_time":"2024-03-05T11:21:19+00:00","og_image":[{"width":450,"height":242,"url":"https:\/\/napoleon-armengol.com\/wp-content\/uploads\/2019\/08\/coches-electricos.jpg","type":"image\/jpeg"}],"author":"admin","twitter_card":"summary_large_image","twitter_misc":{"Written by":"admin","Estimated reading time":"3 minutes"},"schema":{"@context":"https:\/\/schema.org","@graph":[{"@type":"Article","@id":"https:\/\/napoleon-armengol.com\/los-coches-electricos-tendran-que-hacer-ruido-a-partir-del-2021\/#article","isPartOf":{"@id":"https:\/\/napoleon-armengol.com\/los-coches-electricos-tendran-que-hacer-ruido-a-partir-del-2021\/"},"author":{"name":"admin","@id":"https:\/\/napoleon-armengol.com\/#\/schema\/person\/e558fc54676c8886a95c89646b733a67"},"headline":"LOS COCHES EL\u00c9CTRICOS TENDR\u00c1N QUE HACER RUIDO A PARTIR DEL 2021","datePublished":"2019-08-20T08:20:29+00:00","dateModified":"2024-03-05T11:21:19+00:00","mainEntityOfPage":{"@id":"https:\/\/napoleon-armengol.com\/los-coches-electricos-tendran-que-hacer-ruido-a-partir-del-2021\/"},"wordCount":515,"publisher":{"@id":"https:\/\/napoleon-armengol.com\/#organization"},"image":{"@id":"https:\/\/napoleon-armengol.com\/los-coches-electricos-tendran-que-hacer-ruido-a-partir-del-2021\/#primaryimage"},"thumbnailUrl":"https:\/\/napoleon-armengol.com\/wp-content\/uploads\/2019\/08\/coches-electricos.jpg","articleSection":["Coche el\u00e9trico"],"inLanguage":"en-GB"},{"@type":"WebPage","@id":"https:\/\/napoleon-armengol.com\/los-coches-electricos-tendran-que-hacer-ruido-a-partir-del-2021\/","url":"https:\/\/napoleon-armengol.com\/los-coches-electricos-tendran-que-hacer-ruido-a-partir-del-2021\/","name":"LOS COCHES EL\u00c9CTRICOS TENDR\u00c1N QUE HACER RUIDO A PARTIR DEL 2021 - Armengol","isPartOf":{"@id":"https:\/\/napoleon-armengol.com\/#website"},"primaryImageOfPage":{"@id":"https:\/\/napoleon-armengol.com\/los-coches-electricos-tendran-que-hacer-ruido-a-partir-del-2021\/#primaryimage"},"image":{"@id":"https:\/\/napoleon-armengol.com\/los-coches-electricos-tendran-que-hacer-ruido-a-partir-del-2021\/#primaryimage"},"thumbnailUrl":"https:\/\/napoleon-armengol.com\/wp-content\/uploads\/2019\/08\/coches-electricos.jpg","datePublished":"2019-08-20T08:20:29+00:00","dateModified":"2024-03-05T11:21:19+00:00","breadcrumb":{"@id":"https:\/\/napoleon-armengol.com\/los-coches-electricos-tendran-que-hacer-ruido-a-partir-del-2021\/#breadcrumb"},"inLanguage":"en-GB","potentialAction":[{"@type":"ReadAction","target":["https:\/\/napoleon-armengol.com\/los-coches-electricos-tendran-que-hacer-ruido-a-partir-del-2021\/"]}]},{"@type":"ImageObject","inLanguage":"en-GB","@id":"https:\/\/napoleon-armengol.com\/los-coches-electricos-tendran-que-hacer-ruido-a-partir-del-2021\/#primaryimage","url":"https:\/\/napoleon-armengol.com\/wp-content\/uploads\/2019\/08\/coches-electricos.jpg","contentUrl":"https:\/\/napoleon-armengol.com\/wp-content\/uploads\/2019\/08\/coches-electricos.jpg","width":450,"height":242},{"@type":"BreadcrumbList","@id":"https:\/\/napoleon-armengol.com\/los-coches-electricos-tendran-que-hacer-ruido-a-partir-del-2021\/#breadcrumb","itemListElement":[{"@type":"ListItem","position":1,"name":"Portada","item":"https:\/\/napoleon-armengol.com\/"},{"@type":"ListItem","position":2,"name":"LOS COCHES EL\u00c9CTRICOS TENDR\u00c1N QUE HACER RUIDO A PARTIR DEL 2021"}]},{"@type":"WebSite","@id":"https:\/\/napoleon-armengol.com\/#website","url":"https:\/\/napoleon-armengol.com\/","name":"Armengol","description":"Seguridad y especializaci\u00f3n","publisher":{"@id":"https:\/\/napoleon-armengol.com\/#organization"},"potentialAction":[{"@type":"SearchAction","target":{"@type":"EntryPoint","urlTemplate":"https:\/\/napoleon-armengol.com\/?s={search_term_string}"},"query-input":{"@type":"PropertyValueSpecification","valueRequired":true,"valueName":"search_term_string"}}],"inLanguage":"en-GB"},{"@type":"Organization","@id":"https:\/\/napoleon-armengol.com\/#organization","name":"Armengol","url":"https:\/\/napoleon-armengol.com\/","logo":{"@type":"ImageObject","inLanguage":"en-GB","@id":"https:\/\/napoleon-armengol.com\/#\/schema\/logo\/image\/","url":"https:\/\/napoleon-armengol.com\/wp-content\/uploads\/2023\/04\/LOGO-ARMENGOL.png","contentUrl":"https:\/\/napoleon-armengol.com\/wp-content\/uploads\/2023\/04\/LOGO-ARMENGOL.png","width":460,"height":81,"caption":"Armengol"},"image":{"@id":"https:\/\/napoleon-armengol.com\/#\/schema\/logo\/image\/"}},{"@type":"Person","@id":"https:\/\/napoleon-armengol.com\/#\/schema\/person\/e558fc54676c8886a95c89646b733a67","name":"admin","sameAs":["http:\/\/napoleon-armengol.com"],"url":"https:\/\/napoleon-armengol.com\/en\/author\/admin_5wnh1vf4\/"}]}},"taxonomy_info":{"category":[{"value":68,"label":"Coche el\u00e9trico"}]},"featured_image_src_large":["https:\/\/napoleon-armengol.com\/wp-content\/uploads\/2019\/08\/coches-electricos.jpg",450,242,false],"author_info":{"display_name":"admin","author_link":"https:\/\/napoleon-armengol.com\/en\/author\/admin_5wnh1vf4\/"},"comment_info":0,"category_info":[{"term_id":68,"name":"Coche el\u00e9trico","slug":"coche-eletrico","term_group":0,"term_taxonomy_id":68,"taxonomy":"category","description":"","parent":0,"count":63,"filter":"raw","term_order":"0","cat_ID":68,"category_count":63,"category_description":"","cat_name":"Coche el\u00e9trico","category_nicename":"coche-eletrico","category_parent":0}],"tag_info":false,"_links":{"self":[{"href":"https:\/\/napoleon-armengol.com\/en\/wp-json\/wp\/v2\/posts\/470","targetHints":{"allow":["GET"]}}],"collection":[{"href":"https:\/\/napoleon-armengol.com\/en\/wp-json\/wp\/v2\/posts"}],"about":[{"href":"https:\/\/napoleon-armengol.com\/en\/wp-json\/wp\/v2\/types\/post"}],"author":[{"embeddable":true,"href":"https:\/\/napoleon-armengol.com\/en\/wp-json\/wp\/v2\/users\/1"}],"replies":[{"embeddable":true,"href":"https:\/\/napoleon-armengol.com\/en\/wp-json\/wp\/v2\/comments?post=470"}],"version-history":[{"count":1,"href":"https:\/\/napoleon-armengol.com\/en\/wp-json\/wp\/v2\/posts\/470\/revisions"}],"predecessor-version":[{"id":2310,"href":"https:\/\/napoleon-armengol.com\/en\/wp-json\/wp\/v2\/posts\/470\/revisions\/2310"}],"wp:featuredmedia":[{"embeddable":true,"href":"https:\/\/napoleon-armengol.com\/en\/wp-json\/wp\/v2\/media\/471"}],"wp:attachment":[{"href":"https:\/\/napoleon-armengol.com\/en\/wp-json\/wp\/v2\/media?parent=470"}],"wp:term":[{"taxonomy":"category","embeddable":true,"href":"https:\/\/napoleon-armengol.com\/en\/wp-json\/wp\/v2\/categories?post=470"},{"taxonomy":"post_tag","embeddable":true,"href":"https:\/\/napoleon-armengol.com\/en\/wp-json\/wp\/v2\/tags?post=470"}],"curies":[{"name":"wp","href":"https:\/\/api.w.org\/{rel}","templated":true}]}}