{"id":511,"date":"2019-10-11T09:43:39","date_gmt":"2019-10-11T09:43:39","guid":{"rendered":"http:\/\/blog-napoleon-armengol.com\/?p=511"},"modified":"2024-01-24T12:22:59","modified_gmt":"2024-01-24T11:22:59","slug":"malaga-apuesta-por-la-autonomia-de-los-autobuses-electricos","status":"publish","type":"post","link":"https:\/\/napoleon-armengol.com\/en\/malaga-apuesta-por-la-autonomia-de-los-autobuses-electricos\/","title":{"rendered":"M\u00e1laga is committed to the autonomy of electric buses"},"content":{"rendered":"<p>The Andalusian province promotes a charging system <a href=\"http:\/\/blog-napoleon-armengol.com\/category\/eficiencia-energetica\/\">electric buses<\/a> from the ground, which allows them to be offered total autonomy. This is line L of the Malague\u00f1a Transport Company (EMT), which serves the student community of the Teatinos campus. It is a quiet and little-traveled area where buses make a 2.5 kilometer route that takes between 10 and 12 minutes.<\/p>\n\n\n\n<figure class=\"wp-block-image\"><img decoding=\"async\" src=\"http:\/\/blog-napoleon-armengol.com\/wp-content\/uploads\/2019\/10\/autob\u00fas-el\u00e9ctrico-1.jpg\" alt=\"\" class=\"wp-image-513\"\/><\/figure>\n\n\n\n<p>At the end of September, a system began to be put into practice on these buses so that when they finished their journey, they could recharge their batteries again on skates, that is, three plates located on the asphalt that feed the bus&#039;s energy through the simple contact. A battery located in the ground that is proposed as a pioneering and efficient way to promote electric and sustainable mobility in Malaga.<\/p>\n\n\n\n<h2 class=\"wp-block-heading\"><strong>Fast and efficient charging<\/strong><\/h2>\n\n\n\n<p>It is a fast and silent charging that is invisible to the user and that allows the bus to be recharged between two and five minutes, depending on the charging need at any given time, offering total autonomy to the means of public transport, without negatively influencing the established schedules, nor delay even a minute the times that are stipulated in the conventional route.<\/p>\n\n\n\n<p>It is a project called PALOMA (Prototype for Alternative Operation of Mobility Assets), that is, a prototype for the alternative operation of mobility assets, which is being tested to see how its influence on the electrical network, the recharging operation, which It will be the traveler&#039;s experience...<\/p>\n\n\n\n<h2 class=\"wp-block-heading\"><strong>What benefits will it have?<\/strong><\/h2>\n\n\n\n<ul class=\"wp-block-list\"><li>Low visual impact<\/li><li>Lower energy expenditure<\/li><li>Greater road safety<\/li><li>Reduces CO2 emissions and greenhouse gases<\/li><li>It is an underground charging system and does not affect the urban landscape or the rest of the vehicles, which will be able to circulate in complete safety. <\/li><\/ul>\n\n\n\n<p>To operate, it only requires the installation of a device at the bottom of the electric buses, which can be adapted to any type of manufacturer. The best thing about this type of technology is the use of being able to enjoy a lot of power in a short time and being able to respond to energy supply needs in an efficient and sustainable way. They are firm steps towards the mobility of the future that must be, without any doubt, sustainable. Electric mobility will make it possible to achieve much more digitalized and less polluting public transport, in addition to achieving greater road safety and eliminating human errors, among other things.<\/p>\n\n\n\n<p>The PALOMA project is financed by the Feder Funds of the European Union and the CDTI (Center for Industrial Technological Development), in addition to having the support of the Malaga City Council, the University of Malaga and the Ministry of Economy and Competitiveness.<\/p>","protected":false},"excerpt":{"rendered":"<p>La provincia andaluza promueve un sistema de recarga de autobuses el\u00e9ctricos desde el suelo, que permite ofrecer una total autonom\u00eda a los mismos. Se trata de la l\u00ednea L de la Empresa Malague\u00f1a de Transportes (EMT), que da servicio a la comunidad de estudiantes del campus de Teatinos. Es una zona tranquila y poco transitada&#8230;<\/p>","protected":false},"author":1,"featured_media":512,"comment_status":"closed","ping_status":"closed","sticky":false,"template":"","format":"standard","meta":{"_acf_changed":false,"_kad_blocks_custom_css":"","_kad_blocks_head_custom_js":"","_kad_blocks_body_custom_js":"","_kad_blocks_footer_custom_js":"","_kad_post_transparent":"","_kad_post_title":"","_kad_post_layout":"","_kad_post_sidebar_id":"","_kad_post_content_style":"","_kad_post_vertical_padding":"","_kad_post_feature":"","_kad_post_feature_position":"","_kad_post_header":false,"_kad_post_footer":false,"footnotes":""},"categories":[68],"tags":[396,98,100,111],"class_list":["post-511","post","type-post","status-publish","format-standard","has-post-thumbnail","hentry","category-coche-eletrico","tag-autobuses-electricos","tag-eficiencia-energetica","tag-movilidad-electrica","tag-movilidad-sostenible"],"acf":[],"yoast_head":"<!-- This site is optimized with the Yoast SEO plugin v27.5 - https:\/\/yoast.com\/product\/yoast-seo-wordpress\/ -->\n<title>M\u00e1laga apuesta por la autonom\u00eda de los autobuses el\u00e9ctricos - Armengol<\/title>\n<meta name=\"robots\" content=\"index, follow, max-snippet:-1, max-image-preview:large, max-video-preview:-1\" \/>\n<link rel=\"canonical\" href=\"https:\/\/napoleon-armengol.com\/en\/malaga-apuesta-por-la-autonomia-de-los-autobuses-electricos\/\" \/>\n<meta property=\"og:locale\" content=\"en_GB\" \/>\n<meta property=\"og:type\" content=\"article\" \/>\n<meta property=\"og:title\" content=\"M\u00e1laga apuesta por la autonom\u00eda de los autobuses el\u00e9ctricos - Armengol\" \/>\n<meta property=\"og:description\" content=\"La provincia andaluza promueve un sistema de recarga de autobuses el\u00e9ctricos desde el suelo, que permite ofrecer una total autonom\u00eda a los mismos. Se trata de la l\u00ednea L de la Empresa Malague\u00f1a de Transportes (EMT), que da servicio a la comunidad de estudiantes del campus de Teatinos. Es una zona tranquila y poco transitada...\" \/>\n<meta property=\"og:url\" content=\"https:\/\/napoleon-armengol.com\/en\/malaga-apuesta-por-la-autonomia-de-los-autobuses-electricos\/\" \/>\n<meta property=\"og:site_name\" content=\"Armengol\" \/>\n<meta property=\"article:published_time\" content=\"2019-10-11T09:43:39+00:00\" \/>\n<meta property=\"article:modified_time\" content=\"2024-01-24T11:22:59+00:00\" \/>\n<meta property=\"og:image\" content=\"https:\/\/napoleon-armengol.com\/wp-content\/uploads\/2019\/10\/autobus-electrico-2.jpg\" \/>\n\t<meta property=\"og:image:width\" content=\"626\" \/>\n\t<meta property=\"og:image:height\" content=\"417\" \/>\n\t<meta property=\"og:image:type\" content=\"image\/jpeg\" \/>\n<meta name=\"author\" content=\"admin\" \/>\n<meta name=\"twitter:card\" content=\"summary_large_image\" \/>\n<meta name=\"twitter:label1\" content=\"Written by\" \/>\n\t<meta name=\"twitter:data1\" content=\"admin\" \/>\n\t<meta name=\"twitter:label2\" content=\"Estimated reading time\" \/>\n\t<meta name=\"twitter:data2\" content=\"2 minutes\" \/>\n<script type=\"application\/ld+json\" class=\"yoast-schema-graph\">{\"@context\":\"https:\\\/\\\/schema.org\",\"@graph\":[{\"@type\":\"Article\",\"@id\":\"https:\\\/\\\/napoleon-armengol.com\\\/malaga-apuesta-por-la-autonomia-de-los-autobuses-electricos\\\/#article\",\"isPartOf\":{\"@id\":\"https:\\\/\\\/napoleon-armengol.com\\\/malaga-apuesta-por-la-autonomia-de-los-autobuses-electricos\\\/\"},\"author\":{\"name\":\"admin\",\"@id\":\"https:\\\/\\\/napoleon-armengol.com\\\/#\\\/schema\\\/person\\\/e558fc54676c8886a95c89646b733a67\"},\"headline\":\"M\u00e1laga apuesta por la autonom\u00eda de los autobuses el\u00e9ctricos\",\"datePublished\":\"2019-10-11T09:43:39+00:00\",\"dateModified\":\"2024-01-24T11:22:59+00:00\",\"mainEntityOfPage\":{\"@id\":\"https:\\\/\\\/napoleon-armengol.com\\\/malaga-apuesta-por-la-autonomia-de-los-autobuses-electricos\\\/\"},\"wordCount\":513,\"publisher\":{\"@id\":\"https:\\\/\\\/napoleon-armengol.com\\\/#organization\"},\"image\":{\"@id\":\"https:\\\/\\\/napoleon-armengol.com\\\/malaga-apuesta-por-la-autonomia-de-los-autobuses-electricos\\\/#primaryimage\"},\"thumbnailUrl\":\"https:\\\/\\\/napoleon-armengol.com\\\/wp-content\\\/uploads\\\/2019\\\/10\\\/autobus-electrico-2.jpg\",\"keywords\":[\"autobuses el\u00e9ctricos\",\"eficiencia energ\u00e9tica\",\"movilidad el\u00e9ctrica\",\"movilidad sostenible\"],\"articleSection\":[\"Coche el\u00e9trico\"],\"inLanguage\":\"en-GB\"},{\"@type\":\"WebPage\",\"@id\":\"https:\\\/\\\/napoleon-armengol.com\\\/malaga-apuesta-por-la-autonomia-de-los-autobuses-electricos\\\/\",\"url\":\"https:\\\/\\\/napoleon-armengol.com\\\/malaga-apuesta-por-la-autonomia-de-los-autobuses-electricos\\\/\",\"name\":\"M\u00e1laga apuesta por la autonom\u00eda de los autobuses el\u00e9ctricos - Armengol\",\"isPartOf\":{\"@id\":\"https:\\\/\\\/napoleon-armengol.com\\\/#website\"},\"primaryImageOfPage\":{\"@id\":\"https:\\\/\\\/napoleon-armengol.com\\\/malaga-apuesta-por-la-autonomia-de-los-autobuses-electricos\\\/#primaryimage\"},\"image\":{\"@id\":\"https:\\\/\\\/napoleon-armengol.com\\\/malaga-apuesta-por-la-autonomia-de-los-autobuses-electricos\\\/#primaryimage\"},\"thumbnailUrl\":\"https:\\\/\\\/napoleon-armengol.com\\\/wp-content\\\/uploads\\\/2019\\\/10\\\/autobus-electrico-2.jpg\",\"datePublished\":\"2019-10-11T09:43:39+00:00\",\"dateModified\":\"2024-01-24T11:22:59+00:00\",\"breadcrumb\":{\"@id\":\"https:\\\/\\\/napoleon-armengol.com\\\/malaga-apuesta-por-la-autonomia-de-los-autobuses-electricos\\\/#breadcrumb\"},\"inLanguage\":\"en-GB\",\"potentialAction\":[{\"@type\":\"ReadAction\",\"target\":[\"https:\\\/\\\/napoleon-armengol.com\\\/malaga-apuesta-por-la-autonomia-de-los-autobuses-electricos\\\/\"]}]},{\"@type\":\"ImageObject\",\"inLanguage\":\"en-GB\",\"@id\":\"https:\\\/\\\/napoleon-armengol.com\\\/malaga-apuesta-por-la-autonomia-de-los-autobuses-electricos\\\/#primaryimage\",\"url\":\"https:\\\/\\\/napoleon-armengol.com\\\/wp-content\\\/uploads\\\/2019\\\/10\\\/autobus-electrico-2.jpg\",\"contentUrl\":\"https:\\\/\\\/napoleon-armengol.com\\\/wp-content\\\/uploads\\\/2019\\\/10\\\/autobus-electrico-2.jpg\",\"width\":626,\"height\":417},{\"@type\":\"BreadcrumbList\",\"@id\":\"https:\\\/\\\/napoleon-armengol.com\\\/malaga-apuesta-por-la-autonomia-de-los-autobuses-electricos\\\/#breadcrumb\",\"itemListElement\":[{\"@type\":\"ListItem\",\"position\":1,\"name\":\"Portada\",\"item\":\"https:\\\/\\\/napoleon-armengol.com\\\/\"},{\"@type\":\"ListItem\",\"position\":2,\"name\":\"M\u00e1laga apuesta por la autonom\u00eda de los autobuses el\u00e9ctricos\"}]},{\"@type\":\"WebSite\",\"@id\":\"https:\\\/\\\/napoleon-armengol.com\\\/#website\",\"url\":\"https:\\\/\\\/napoleon-armengol.com\\\/\",\"name\":\"Armengol\",\"description\":\"Seguridad y especializaci\u00f3n\",\"publisher\":{\"@id\":\"https:\\\/\\\/napoleon-armengol.com\\\/#organization\"},\"potentialAction\":[{\"@type\":\"SearchAction\",\"target\":{\"@type\":\"EntryPoint\",\"urlTemplate\":\"https:\\\/\\\/napoleon-armengol.com\\\/?s={search_term_string}\"},\"query-input\":{\"@type\":\"PropertyValueSpecification\",\"valueRequired\":true,\"valueName\":\"search_term_string\"}}],\"inLanguage\":\"en-GB\"},{\"@type\":\"Organization\",\"@id\":\"https:\\\/\\\/napoleon-armengol.com\\\/#organization\",\"name\":\"Armengol\",\"url\":\"https:\\\/\\\/napoleon-armengol.com\\\/\",\"logo\":{\"@type\":\"ImageObject\",\"inLanguage\":\"en-GB\",\"@id\":\"https:\\\/\\\/napoleon-armengol.com\\\/#\\\/schema\\\/logo\\\/image\\\/\",\"url\":\"https:\\\/\\\/napoleon-armengol.com\\\/wp-content\\\/uploads\\\/2023\\\/04\\\/LOGO-ARMENGOL.png\",\"contentUrl\":\"https:\\\/\\\/napoleon-armengol.com\\\/wp-content\\\/uploads\\\/2023\\\/04\\\/LOGO-ARMENGOL.png\",\"width\":460,\"height\":81,\"caption\":\"Armengol\"},\"image\":{\"@id\":\"https:\\\/\\\/napoleon-armengol.com\\\/#\\\/schema\\\/logo\\\/image\\\/\"}},{\"@type\":\"Person\",\"@id\":\"https:\\\/\\\/napoleon-armengol.com\\\/#\\\/schema\\\/person\\\/e558fc54676c8886a95c89646b733a67\",\"name\":\"admin\",\"sameAs\":[\"http:\\\/\\\/napoleon-armengol.com\"],\"url\":\"https:\\\/\\\/napoleon-armengol.com\\\/en\\\/author\\\/admin_5wnh1vf4\\\/\"}]}<\/script>\n<!-- \/ Yoast SEO plugin. -->","yoast_head_json":{"title":"M\u00e1laga apuesta por la autonom\u00eda de los autobuses el\u00e9ctricos - Armengol","robots":{"index":"index","follow":"follow","max-snippet":"max-snippet:-1","max-image-preview":"max-image-preview:large","max-video-preview":"max-video-preview:-1"},"canonical":"https:\/\/napoleon-armengol.com\/en\/malaga-apuesta-por-la-autonomia-de-los-autobuses-electricos\/","og_locale":"en_GB","og_type":"article","og_title":"M\u00e1laga apuesta por la autonom\u00eda de los autobuses el\u00e9ctricos - Armengol","og_description":"La provincia andaluza promueve un sistema de recarga de autobuses el\u00e9ctricos desde el suelo, que permite ofrecer una total autonom\u00eda a los mismos. Se trata de la l\u00ednea L de la Empresa Malague\u00f1a de Transportes (EMT), que da servicio a la comunidad de estudiantes del campus de Teatinos. Es una zona tranquila y poco transitada...","og_url":"https:\/\/napoleon-armengol.com\/en\/malaga-apuesta-por-la-autonomia-de-los-autobuses-electricos\/","og_site_name":"Armengol","article_published_time":"2019-10-11T09:43:39+00:00","article_modified_time":"2024-01-24T11:22:59+00:00","og_image":[{"width":626,"height":417,"url":"https:\/\/napoleon-armengol.com\/wp-content\/uploads\/2019\/10\/autobus-electrico-2.jpg","type":"image\/jpeg"}],"author":"admin","twitter_card":"summary_large_image","twitter_misc":{"Written by":"admin","Estimated reading time":"2 minutes"},"schema":{"@context":"https:\/\/schema.org","@graph":[{"@type":"Article","@id":"https:\/\/napoleon-armengol.com\/malaga-apuesta-por-la-autonomia-de-los-autobuses-electricos\/#article","isPartOf":{"@id":"https:\/\/napoleon-armengol.com\/malaga-apuesta-por-la-autonomia-de-los-autobuses-electricos\/"},"author":{"name":"admin","@id":"https:\/\/napoleon-armengol.com\/#\/schema\/person\/e558fc54676c8886a95c89646b733a67"},"headline":"M\u00e1laga apuesta por la autonom\u00eda de los autobuses el\u00e9ctricos","datePublished":"2019-10-11T09:43:39+00:00","dateModified":"2024-01-24T11:22:59+00:00","mainEntityOfPage":{"@id":"https:\/\/napoleon-armengol.com\/malaga-apuesta-por-la-autonomia-de-los-autobuses-electricos\/"},"wordCount":513,"publisher":{"@id":"https:\/\/napoleon-armengol.com\/#organization"},"image":{"@id":"https:\/\/napoleon-armengol.com\/malaga-apuesta-por-la-autonomia-de-los-autobuses-electricos\/#primaryimage"},"thumbnailUrl":"https:\/\/napoleon-armengol.com\/wp-content\/uploads\/2019\/10\/autobus-electrico-2.jpg","keywords":["autobuses el\u00e9ctricos","eficiencia energ\u00e9tica","movilidad el\u00e9ctrica","movilidad sostenible"],"articleSection":["Coche el\u00e9trico"],"inLanguage":"en-GB"},{"@type":"WebPage","@id":"https:\/\/napoleon-armengol.com\/malaga-apuesta-por-la-autonomia-de-los-autobuses-electricos\/","url":"https:\/\/napoleon-armengol.com\/malaga-apuesta-por-la-autonomia-de-los-autobuses-electricos\/","name":"M\u00e1laga apuesta por la autonom\u00eda de los autobuses el\u00e9ctricos - Armengol","isPartOf":{"@id":"https:\/\/napoleon-armengol.com\/#website"},"primaryImageOfPage":{"@id":"https:\/\/napoleon-armengol.com\/malaga-apuesta-por-la-autonomia-de-los-autobuses-electricos\/#primaryimage"},"image":{"@id":"https:\/\/napoleon-armengol.com\/malaga-apuesta-por-la-autonomia-de-los-autobuses-electricos\/#primaryimage"},"thumbnailUrl":"https:\/\/napoleon-armengol.com\/wp-content\/uploads\/2019\/10\/autobus-electrico-2.jpg","datePublished":"2019-10-11T09:43:39+00:00","dateModified":"2024-01-24T11:22:59+00:00","breadcrumb":{"@id":"https:\/\/napoleon-armengol.com\/malaga-apuesta-por-la-autonomia-de-los-autobuses-electricos\/#breadcrumb"},"inLanguage":"en-GB","potentialAction":[{"@type":"ReadAction","target":["https:\/\/napoleon-armengol.com\/malaga-apuesta-por-la-autonomia-de-los-autobuses-electricos\/"]}]},{"@type":"ImageObject","inLanguage":"en-GB","@id":"https:\/\/napoleon-armengol.com\/malaga-apuesta-por-la-autonomia-de-los-autobuses-electricos\/#primaryimage","url":"https:\/\/napoleon-armengol.com\/wp-content\/uploads\/2019\/10\/autobus-electrico-2.jpg","contentUrl":"https:\/\/napoleon-armengol.com\/wp-content\/uploads\/2019\/10\/autobus-electrico-2.jpg","width":626,"height":417},{"@type":"BreadcrumbList","@id":"https:\/\/napoleon-armengol.com\/malaga-apuesta-por-la-autonomia-de-los-autobuses-electricos\/#breadcrumb","itemListElement":[{"@type":"ListItem","position":1,"name":"Portada","item":"https:\/\/napoleon-armengol.com\/"},{"@type":"ListItem","position":2,"name":"M\u00e1laga apuesta por la autonom\u00eda de los autobuses el\u00e9ctricos"}]},{"@type":"WebSite","@id":"https:\/\/napoleon-armengol.com\/#website","url":"https:\/\/napoleon-armengol.com\/","name":"Armengol","description":"Seguridad y especializaci\u00f3n","publisher":{"@id":"https:\/\/napoleon-armengol.com\/#organization"},"potentialAction":[{"@type":"SearchAction","target":{"@type":"EntryPoint","urlTemplate":"https:\/\/napoleon-armengol.com\/?s={search_term_string}"},"query-input":{"@type":"PropertyValueSpecification","valueRequired":true,"valueName":"search_term_string"}}],"inLanguage":"en-GB"},{"@type":"Organization","@id":"https:\/\/napoleon-armengol.com\/#organization","name":"Armengol","url":"https:\/\/napoleon-armengol.com\/","logo":{"@type":"ImageObject","inLanguage":"en-GB","@id":"https:\/\/napoleon-armengol.com\/#\/schema\/logo\/image\/","url":"https:\/\/napoleon-armengol.com\/wp-content\/uploads\/2023\/04\/LOGO-ARMENGOL.png","contentUrl":"https:\/\/napoleon-armengol.com\/wp-content\/uploads\/2023\/04\/LOGO-ARMENGOL.png","width":460,"height":81,"caption":"Armengol"},"image":{"@id":"https:\/\/napoleon-armengol.com\/#\/schema\/logo\/image\/"}},{"@type":"Person","@id":"https:\/\/napoleon-armengol.com\/#\/schema\/person\/e558fc54676c8886a95c89646b733a67","name":"admin","sameAs":["http:\/\/napoleon-armengol.com"],"url":"https:\/\/napoleon-armengol.com\/en\/author\/admin_5wnh1vf4\/"}]}},"taxonomy_info":{"category":[{"value":68,"label":"Coche el\u00e9trico"}],"post_tag":[{"value":396,"label":"autobuses el\u00e9ctricos"},{"value":98,"label":"eficiencia energ\u00e9tica"},{"value":100,"label":"movilidad el\u00e9ctrica"},{"value":111,"label":"movilidad sostenible"}]},"featured_image_src_large":["https:\/\/napoleon-armengol.com\/wp-content\/uploads\/2019\/10\/autobus-electrico-2.jpg",626,417,false],"author_info":{"display_name":"admin","author_link":"https:\/\/napoleon-armengol.com\/en\/author\/admin_5wnh1vf4\/"},"comment_info":0,"category_info":[{"term_id":68,"name":"Coche el\u00e9trico","slug":"coche-eletrico","term_group":0,"term_taxonomy_id":68,"taxonomy":"category","description":"","parent":0,"count":63,"filter":"raw","term_order":"0","cat_ID":68,"category_count":63,"category_description":"","cat_name":"Coche el\u00e9trico","category_nicename":"coche-eletrico","category_parent":0}],"tag_info":[{"term_id":396,"name":"autobuses el\u00e9ctricos","slug":"autobuses-electricos","term_group":0,"term_taxonomy_id":396,"taxonomy":"post_tag","description":"","parent":0,"count":1,"filter":"raw","term_order":"0"},{"term_id":98,"name":"eficiencia energ\u00e9tica","slug":"eficiencia-energetica","term_group":0,"term_taxonomy_id":98,"taxonomy":"post_tag","description":"","parent":0,"count":36,"filter":"raw","term_order":"0"},{"term_id":100,"name":"movilidad el\u00e9ctrica","slug":"movilidad-electrica","term_group":0,"term_taxonomy_id":100,"taxonomy":"post_tag","description":"","parent":0,"count":41,"filter":"raw","term_order":"0"},{"term_id":111,"name":"movilidad sostenible","slug":"movilidad-sostenible","term_group":0,"term_taxonomy_id":111,"taxonomy":"post_tag","description":"","parent":0,"count":31,"filter":"raw","term_order":"0"}],"_links":{"self":[{"href":"https:\/\/napoleon-armengol.com\/en\/wp-json\/wp\/v2\/posts\/511","targetHints":{"allow":["GET"]}}],"collection":[{"href":"https:\/\/napoleon-armengol.com\/en\/wp-json\/wp\/v2\/posts"}],"about":[{"href":"https:\/\/napoleon-armengol.com\/en\/wp-json\/wp\/v2\/types\/post"}],"author":[{"embeddable":true,"href":"https:\/\/napoleon-armengol.com\/en\/wp-json\/wp\/v2\/users\/1"}],"replies":[{"embeddable":true,"href":"https:\/\/napoleon-armengol.com\/en\/wp-json\/wp\/v2\/comments?post=511"}],"version-history":[{"count":1,"href":"https:\/\/napoleon-armengol.com\/en\/wp-json\/wp\/v2\/posts\/511\/revisions"}],"predecessor-version":[{"id":2299,"href":"https:\/\/napoleon-armengol.com\/en\/wp-json\/wp\/v2\/posts\/511\/revisions\/2299"}],"wp:featuredmedia":[{"embeddable":true,"href":"https:\/\/napoleon-armengol.com\/en\/wp-json\/wp\/v2\/media\/512"}],"wp:attachment":[{"href":"https:\/\/napoleon-armengol.com\/en\/wp-json\/wp\/v2\/media?parent=511"}],"wp:term":[{"taxonomy":"category","embeddable":true,"href":"https:\/\/napoleon-armengol.com\/en\/wp-json\/wp\/v2\/categories?post=511"},{"taxonomy":"post_tag","embeddable":true,"href":"https:\/\/napoleon-armengol.com\/en\/wp-json\/wp\/v2\/tags?post=511"}],"curies":[{"name":"wp","href":"https:\/\/api.w.org\/{rel}","templated":true}]}}