{"id":556,"date":"2019-11-25T12:27:04","date_gmt":"2019-11-25T12:27:04","guid":{"rendered":"http:\/\/blog-napoleon-armengol.com\/?p=556"},"modified":"2024-03-06T11:41:57","modified_gmt":"2024-03-06T10:41:57","slug":"comienza-la-produccion-del-volkswagen-id-3","status":"publish","type":"post","link":"https:\/\/napoleon-armengol.com\/en\/comienza-la-produccion-del-volkswagen-id-3\/","title":{"rendered":"Production of the Volkswagen ID.3 begins"},"content":{"rendered":"<p>Start the <a href=\"http:\/\/blog-napoleon-armengol.com\/category\/coche-eletrico\/\">it was electric<\/a> of Volkswagen, investing 1.2 billion euros to renovate and transform the Zwickau plant into modern facilities adapted to the new times in which only electric cars will be manufactured and which will become the largest electric car factory in all of Europe. It will play a very important role, because Volkswagen plans to sell 22 million electric cars worldwide between today and 2028. This is great news for the environment, since production of 100,000 cars is expected to be reached during the year. next year, which is very significant for the transformation towards electric and sustainable mobility.<\/p>\n\n\n\n<figure class=\"wp-block-image\"><img decoding=\"async\" src=\"http:\/\/blog-napoleon-armengol.com\/wp-content\/uploads\/2019\/11\/coche-el\u00e9ctrico-4-1.jpg\" alt=\"\" class=\"wp-image-559\"\/><\/figure>\n\n\n\n<p>Volkswagen ID.3 is the first model of this new generation of electric models from the popular automobile brand, which is white and is based on the group&#039;s MEB modular electric platform. It has dimensions similar to those of a Golf, with a length of 4.26 meters, 1.8 wide and 1.55 high. It will be available with three options regarding the size of its battery: 45kWh (with 330 kilometers of autonomy), 58 kWh (with 420 kilometers of autonomy) and 77 kWh (with 550 kilometers of autonomy). The simplest version will cost about 30,000 euros in Germany and can be purchased almost simultaneously in markets throughout Europe, by summer 2020.<\/p>\n\n\n\n<p>This is the first time that Volkswagen will transform its entire factory to focus on electric mobility. In the final expansion phase, which will take place in 2021, six models from three brands of the group will be built in Zwickau, which by then expects to have 8,000 workers, specially trained for the production of electric cars, with the help of 1,700 robots. .<\/p>\n\n\n\n<h2 class=\"wp-block-heading\"><strong>Sustainable project<\/strong><\/h2>\n\n\n\n<p>It is expected that up to 100,000 electric vehicles will be produced next year and that this figure will reach 330,000 units annually from 2021, making this plant the largest in Europe. According to Volkswagen, the carbon footprint generated by the production of the car is neutral, that is, the inevitable emissions produced during the manufacturing process are offset by the investments made in the \u201cKatingan Mataya Forest Protection\u201d project in Borneo (Indonesia). It is a project that uses carbon revenues to ensure the restoration and protection of natural forests, through activities aligned with the United Nations Sustainable Development Goals.<\/p>","protected":false},"excerpt":{"rendered":"<p>Arranca la era el\u00e9ctrica de Volkswagen, invirtiendo 1.200 millones de euros para reformar y transformar la planta de Zwickau, en unas instalaciones modernas y adaptadas a los nuevos tiempos en la que se fabricar\u00e1n \u00fanicamente coches el\u00e9ctricos y que se convertir\u00e1 en la mayor f\u00e1brica de coches el\u00e9ctricos de toda Europa.\u00a0 Jugar\u00e1 un papel muy&#8230;<\/p>","protected":false},"author":1,"featured_media":557,"comment_status":"closed","ping_status":"closed","sticky":false,"template":"","format":"standard","meta":{"_acf_changed":false,"_kad_blocks_custom_css":"","_kad_blocks_head_custom_js":"","_kad_blocks_body_custom_js":"","_kad_blocks_footer_custom_js":"","_kad_post_transparent":"","_kad_post_title":"","_kad_post_layout":"","_kad_post_sidebar_id":"","_kad_post_content_style":"","_kad_post_vertical_padding":"","_kad_post_feature":"","_kad_post_feature_position":"","_kad_post_header":false,"_kad_post_footer":false,"footnotes":""},"categories":[68],"tags":[95,100,415],"class_list":["post-556","post","type-post","status-publish","format-standard","has-post-thumbnail","hentry","category-coche-eletrico","tag-coche-electrico","tag-movilidad-electrica","tag-volkswagen"],"acf":[],"yoast_head":"<!-- This site is optimized with the Yoast SEO plugin v27.4 - https:\/\/yoast.com\/product\/yoast-seo-wordpress\/ -->\n<title>Comienza la producci\u00f3n del Volkswagen ID.3 - Armengol<\/title>\n<meta name=\"robots\" content=\"index, follow, max-snippet:-1, max-image-preview:large, max-video-preview:-1\" \/>\n<link rel=\"canonical\" href=\"https:\/\/napoleon-armengol.com\/en\/comienza-la-produccion-del-volkswagen-id-3\/\" \/>\n<meta property=\"og:locale\" content=\"en_GB\" \/>\n<meta property=\"og:type\" content=\"article\" \/>\n<meta property=\"og:title\" content=\"Comienza la producci\u00f3n del Volkswagen ID.3 - Armengol\" \/>\n<meta property=\"og:description\" content=\"Arranca la era el\u00e9ctrica de Volkswagen, invirtiendo 1.200 millones de euros para reformar y transformar la planta de Zwickau, en unas instalaciones modernas y adaptadas a los nuevos tiempos en la que se fabricar\u00e1n \u00fanicamente coches el\u00e9ctricos y que se convertir\u00e1 en la mayor f\u00e1brica de coches el\u00e9ctricos de toda Europa.\u00a0 Jugar\u00e1 un papel muy...\" \/>\n<meta property=\"og:url\" content=\"https:\/\/napoleon-armengol.com\/en\/comienza-la-produccion-del-volkswagen-id-3\/\" \/>\n<meta property=\"og:site_name\" content=\"Armengol\" \/>\n<meta property=\"article:published_time\" content=\"2019-11-25T12:27:04+00:00\" \/>\n<meta property=\"article:modified_time\" content=\"2024-03-06T10:41:57+00:00\" \/>\n<meta property=\"og:image\" content=\"https:\/\/napoleon-armengol.com\/wp-content\/uploads\/2019\/11\/coche-eletrico-3.jpg\" \/>\n\t<meta property=\"og:image:width\" content=\"626\" \/>\n\t<meta property=\"og:image:height\" content=\"320\" \/>\n\t<meta property=\"og:image:type\" content=\"image\/jpeg\" \/>\n<meta name=\"author\" content=\"admin\" \/>\n<meta name=\"twitter:card\" content=\"summary_large_image\" \/>\n<meta name=\"twitter:label1\" content=\"Written by\" \/>\n\t<meta name=\"twitter:data1\" content=\"admin\" \/>\n\t<meta name=\"twitter:label2\" content=\"Estimated reading time\" \/>\n\t<meta name=\"twitter:data2\" content=\"3 minutes\" \/>\n<script type=\"application\/ld+json\" class=\"yoast-schema-graph\">{\"@context\":\"https:\\\/\\\/schema.org\",\"@graph\":[{\"@type\":\"Article\",\"@id\":\"https:\\\/\\\/napoleon-armengol.com\\\/comienza-la-produccion-del-volkswagen-id-3\\\/#article\",\"isPartOf\":{\"@id\":\"https:\\\/\\\/napoleon-armengol.com\\\/comienza-la-produccion-del-volkswagen-id-3\\\/\"},\"author\":{\"name\":\"admin\",\"@id\":\"https:\\\/\\\/napoleon-armengol.com\\\/#\\\/schema\\\/person\\\/e558fc54676c8886a95c89646b733a67\"},\"headline\":\"Comienza la producci\u00f3n del Volkswagen ID.3\",\"datePublished\":\"2019-11-25T12:27:04+00:00\",\"dateModified\":\"2024-03-06T10:41:57+00:00\",\"mainEntityOfPage\":{\"@id\":\"https:\\\/\\\/napoleon-armengol.com\\\/comienza-la-produccion-del-volkswagen-id-3\\\/\"},\"wordCount\":444,\"publisher\":{\"@id\":\"https:\\\/\\\/napoleon-armengol.com\\\/#organization\"},\"image\":{\"@id\":\"https:\\\/\\\/napoleon-armengol.com\\\/comienza-la-produccion-del-volkswagen-id-3\\\/#primaryimage\"},\"thumbnailUrl\":\"https:\\\/\\\/napoleon-armengol.com\\\/wp-content\\\/uploads\\\/2019\\\/11\\\/coche-eletrico-3.jpg\",\"keywords\":[\"Coche el\u00e9ctrico\",\"movilidad el\u00e9ctrica\",\"Volkswagen\"],\"articleSection\":[\"Coche el\u00e9trico\"],\"inLanguage\":\"en-GB\"},{\"@type\":\"WebPage\",\"@id\":\"https:\\\/\\\/napoleon-armengol.com\\\/comienza-la-produccion-del-volkswagen-id-3\\\/\",\"url\":\"https:\\\/\\\/napoleon-armengol.com\\\/comienza-la-produccion-del-volkswagen-id-3\\\/\",\"name\":\"Comienza la producci\u00f3n del Volkswagen ID.3 - Armengol\",\"isPartOf\":{\"@id\":\"https:\\\/\\\/napoleon-armengol.com\\\/#website\"},\"primaryImageOfPage\":{\"@id\":\"https:\\\/\\\/napoleon-armengol.com\\\/comienza-la-produccion-del-volkswagen-id-3\\\/#primaryimage\"},\"image\":{\"@id\":\"https:\\\/\\\/napoleon-armengol.com\\\/comienza-la-produccion-del-volkswagen-id-3\\\/#primaryimage\"},\"thumbnailUrl\":\"https:\\\/\\\/napoleon-armengol.com\\\/wp-content\\\/uploads\\\/2019\\\/11\\\/coche-eletrico-3.jpg\",\"datePublished\":\"2019-11-25T12:27:04+00:00\",\"dateModified\":\"2024-03-06T10:41:57+00:00\",\"breadcrumb\":{\"@id\":\"https:\\\/\\\/napoleon-armengol.com\\\/comienza-la-produccion-del-volkswagen-id-3\\\/#breadcrumb\"},\"inLanguage\":\"en-GB\",\"potentialAction\":[{\"@type\":\"ReadAction\",\"target\":[\"https:\\\/\\\/napoleon-armengol.com\\\/comienza-la-produccion-del-volkswagen-id-3\\\/\"]}]},{\"@type\":\"ImageObject\",\"inLanguage\":\"en-GB\",\"@id\":\"https:\\\/\\\/napoleon-armengol.com\\\/comienza-la-produccion-del-volkswagen-id-3\\\/#primaryimage\",\"url\":\"https:\\\/\\\/napoleon-armengol.com\\\/wp-content\\\/uploads\\\/2019\\\/11\\\/coche-eletrico-3.jpg\",\"contentUrl\":\"https:\\\/\\\/napoleon-armengol.com\\\/wp-content\\\/uploads\\\/2019\\\/11\\\/coche-eletrico-3.jpg\",\"width\":626,\"height\":320},{\"@type\":\"BreadcrumbList\",\"@id\":\"https:\\\/\\\/napoleon-armengol.com\\\/comienza-la-produccion-del-volkswagen-id-3\\\/#breadcrumb\",\"itemListElement\":[{\"@type\":\"ListItem\",\"position\":1,\"name\":\"Portada\",\"item\":\"https:\\\/\\\/napoleon-armengol.com\\\/\"},{\"@type\":\"ListItem\",\"position\":2,\"name\":\"Comienza la producci\u00f3n del Volkswagen ID.3\"}]},{\"@type\":\"WebSite\",\"@id\":\"https:\\\/\\\/napoleon-armengol.com\\\/#website\",\"url\":\"https:\\\/\\\/napoleon-armengol.com\\\/\",\"name\":\"Armengol\",\"description\":\"Seguridad y especializaci\u00f3n\",\"publisher\":{\"@id\":\"https:\\\/\\\/napoleon-armengol.com\\\/#organization\"},\"potentialAction\":[{\"@type\":\"SearchAction\",\"target\":{\"@type\":\"EntryPoint\",\"urlTemplate\":\"https:\\\/\\\/napoleon-armengol.com\\\/?s={search_term_string}\"},\"query-input\":{\"@type\":\"PropertyValueSpecification\",\"valueRequired\":true,\"valueName\":\"search_term_string\"}}],\"inLanguage\":\"en-GB\"},{\"@type\":\"Organization\",\"@id\":\"https:\\\/\\\/napoleon-armengol.com\\\/#organization\",\"name\":\"Armengol\",\"url\":\"https:\\\/\\\/napoleon-armengol.com\\\/\",\"logo\":{\"@type\":\"ImageObject\",\"inLanguage\":\"en-GB\",\"@id\":\"https:\\\/\\\/napoleon-armengol.com\\\/#\\\/schema\\\/logo\\\/image\\\/\",\"url\":\"https:\\\/\\\/napoleon-armengol.com\\\/wp-content\\\/uploads\\\/2023\\\/04\\\/LOGO-ARMENGOL.png\",\"contentUrl\":\"https:\\\/\\\/napoleon-armengol.com\\\/wp-content\\\/uploads\\\/2023\\\/04\\\/LOGO-ARMENGOL.png\",\"width\":460,\"height\":81,\"caption\":\"Armengol\"},\"image\":{\"@id\":\"https:\\\/\\\/napoleon-armengol.com\\\/#\\\/schema\\\/logo\\\/image\\\/\"}},{\"@type\":\"Person\",\"@id\":\"https:\\\/\\\/napoleon-armengol.com\\\/#\\\/schema\\\/person\\\/e558fc54676c8886a95c89646b733a67\",\"name\":\"admin\",\"sameAs\":[\"http:\\\/\\\/napoleon-armengol.com\"],\"url\":\"https:\\\/\\\/napoleon-armengol.com\\\/en\\\/author\\\/admin_5wnh1vf4\\\/\"}]}<\/script>\n<!-- \/ Yoast SEO plugin. -->","yoast_head_json":{"title":"Comienza la producci\u00f3n del Volkswagen ID.3 - Armengol","robots":{"index":"index","follow":"follow","max-snippet":"max-snippet:-1","max-image-preview":"max-image-preview:large","max-video-preview":"max-video-preview:-1"},"canonical":"https:\/\/napoleon-armengol.com\/en\/comienza-la-produccion-del-volkswagen-id-3\/","og_locale":"en_GB","og_type":"article","og_title":"Comienza la producci\u00f3n del Volkswagen ID.3 - Armengol","og_description":"Arranca la era el\u00e9ctrica de Volkswagen, invirtiendo 1.200 millones de euros para reformar y transformar la planta de Zwickau, en unas instalaciones modernas y adaptadas a los nuevos tiempos en la que se fabricar\u00e1n \u00fanicamente coches el\u00e9ctricos y que se convertir\u00e1 en la mayor f\u00e1brica de coches el\u00e9ctricos de toda Europa.\u00a0 Jugar\u00e1 un papel muy...","og_url":"https:\/\/napoleon-armengol.com\/en\/comienza-la-produccion-del-volkswagen-id-3\/","og_site_name":"Armengol","article_published_time":"2019-11-25T12:27:04+00:00","article_modified_time":"2024-03-06T10:41:57+00:00","og_image":[{"width":626,"height":320,"url":"https:\/\/napoleon-armengol.com\/wp-content\/uploads\/2019\/11\/coche-eletrico-3.jpg","type":"image\/jpeg"}],"author":"admin","twitter_card":"summary_large_image","twitter_misc":{"Written by":"admin","Estimated reading time":"3 minutes"},"schema":{"@context":"https:\/\/schema.org","@graph":[{"@type":"Article","@id":"https:\/\/napoleon-armengol.com\/comienza-la-produccion-del-volkswagen-id-3\/#article","isPartOf":{"@id":"https:\/\/napoleon-armengol.com\/comienza-la-produccion-del-volkswagen-id-3\/"},"author":{"name":"admin","@id":"https:\/\/napoleon-armengol.com\/#\/schema\/person\/e558fc54676c8886a95c89646b733a67"},"headline":"Comienza la producci\u00f3n del Volkswagen ID.3","datePublished":"2019-11-25T12:27:04+00:00","dateModified":"2024-03-06T10:41:57+00:00","mainEntityOfPage":{"@id":"https:\/\/napoleon-armengol.com\/comienza-la-produccion-del-volkswagen-id-3\/"},"wordCount":444,"publisher":{"@id":"https:\/\/napoleon-armengol.com\/#organization"},"image":{"@id":"https:\/\/napoleon-armengol.com\/comienza-la-produccion-del-volkswagen-id-3\/#primaryimage"},"thumbnailUrl":"https:\/\/napoleon-armengol.com\/wp-content\/uploads\/2019\/11\/coche-eletrico-3.jpg","keywords":["Coche el\u00e9ctrico","movilidad el\u00e9ctrica","Volkswagen"],"articleSection":["Coche el\u00e9trico"],"inLanguage":"en-GB"},{"@type":"WebPage","@id":"https:\/\/napoleon-armengol.com\/comienza-la-produccion-del-volkswagen-id-3\/","url":"https:\/\/napoleon-armengol.com\/comienza-la-produccion-del-volkswagen-id-3\/","name":"Comienza la producci\u00f3n del Volkswagen ID.3 - Armengol","isPartOf":{"@id":"https:\/\/napoleon-armengol.com\/#website"},"primaryImageOfPage":{"@id":"https:\/\/napoleon-armengol.com\/comienza-la-produccion-del-volkswagen-id-3\/#primaryimage"},"image":{"@id":"https:\/\/napoleon-armengol.com\/comienza-la-produccion-del-volkswagen-id-3\/#primaryimage"},"thumbnailUrl":"https:\/\/napoleon-armengol.com\/wp-content\/uploads\/2019\/11\/coche-eletrico-3.jpg","datePublished":"2019-11-25T12:27:04+00:00","dateModified":"2024-03-06T10:41:57+00:00","breadcrumb":{"@id":"https:\/\/napoleon-armengol.com\/comienza-la-produccion-del-volkswagen-id-3\/#breadcrumb"},"inLanguage":"en-GB","potentialAction":[{"@type":"ReadAction","target":["https:\/\/napoleon-armengol.com\/comienza-la-produccion-del-volkswagen-id-3\/"]}]},{"@type":"ImageObject","inLanguage":"en-GB","@id":"https:\/\/napoleon-armengol.com\/comienza-la-produccion-del-volkswagen-id-3\/#primaryimage","url":"https:\/\/napoleon-armengol.com\/wp-content\/uploads\/2019\/11\/coche-eletrico-3.jpg","contentUrl":"https:\/\/napoleon-armengol.com\/wp-content\/uploads\/2019\/11\/coche-eletrico-3.jpg","width":626,"height":320},{"@type":"BreadcrumbList","@id":"https:\/\/napoleon-armengol.com\/comienza-la-produccion-del-volkswagen-id-3\/#breadcrumb","itemListElement":[{"@type":"ListItem","position":1,"name":"Portada","item":"https:\/\/napoleon-armengol.com\/"},{"@type":"ListItem","position":2,"name":"Comienza la producci\u00f3n del Volkswagen ID.3"}]},{"@type":"WebSite","@id":"https:\/\/napoleon-armengol.com\/#website","url":"https:\/\/napoleon-armengol.com\/","name":"Armengol","description":"Seguridad y especializaci\u00f3n","publisher":{"@id":"https:\/\/napoleon-armengol.com\/#organization"},"potentialAction":[{"@type":"SearchAction","target":{"@type":"EntryPoint","urlTemplate":"https:\/\/napoleon-armengol.com\/?s={search_term_string}"},"query-input":{"@type":"PropertyValueSpecification","valueRequired":true,"valueName":"search_term_string"}}],"inLanguage":"en-GB"},{"@type":"Organization","@id":"https:\/\/napoleon-armengol.com\/#organization","name":"Armengol","url":"https:\/\/napoleon-armengol.com\/","logo":{"@type":"ImageObject","inLanguage":"en-GB","@id":"https:\/\/napoleon-armengol.com\/#\/schema\/logo\/image\/","url":"https:\/\/napoleon-armengol.com\/wp-content\/uploads\/2023\/04\/LOGO-ARMENGOL.png","contentUrl":"https:\/\/napoleon-armengol.com\/wp-content\/uploads\/2023\/04\/LOGO-ARMENGOL.png","width":460,"height":81,"caption":"Armengol"},"image":{"@id":"https:\/\/napoleon-armengol.com\/#\/schema\/logo\/image\/"}},{"@type":"Person","@id":"https:\/\/napoleon-armengol.com\/#\/schema\/person\/e558fc54676c8886a95c89646b733a67","name":"admin","sameAs":["http:\/\/napoleon-armengol.com"],"url":"https:\/\/napoleon-armengol.com\/en\/author\/admin_5wnh1vf4\/"}]}},"taxonomy_info":{"category":[{"value":68,"label":"Coche el\u00e9trico"}],"post_tag":[{"value":95,"label":"Coche el\u00e9ctrico"},{"value":100,"label":"movilidad el\u00e9ctrica"},{"value":415,"label":"Volkswagen"}]},"featured_image_src_large":["https:\/\/napoleon-armengol.com\/wp-content\/uploads\/2019\/11\/coche-eletrico-3.jpg",626,320,false],"author_info":{"display_name":"admin","author_link":"https:\/\/napoleon-armengol.com\/en\/author\/admin_5wnh1vf4\/"},"comment_info":0,"category_info":[{"term_id":68,"name":"Coche el\u00e9trico","slug":"coche-eletrico","term_group":0,"term_taxonomy_id":68,"taxonomy":"category","description":"","parent":0,"count":63,"filter":"raw","term_order":"0","cat_ID":68,"category_count":63,"category_description":"","cat_name":"Coche el\u00e9trico","category_nicename":"coche-eletrico","category_parent":0}],"tag_info":[{"term_id":95,"name":"Coche el\u00e9ctrico","slug":"coche-electrico","term_group":0,"term_taxonomy_id":95,"taxonomy":"post_tag","description":"","parent":0,"count":45,"filter":"raw","term_order":"0"},{"term_id":100,"name":"movilidad el\u00e9ctrica","slug":"movilidad-electrica","term_group":0,"term_taxonomy_id":100,"taxonomy":"post_tag","description":"","parent":0,"count":41,"filter":"raw","term_order":"0"},{"term_id":415,"name":"Volkswagen","slug":"volkswagen","term_group":0,"term_taxonomy_id":415,"taxonomy":"post_tag","description":"","parent":0,"count":1,"filter":"raw","term_order":"0"}],"_links":{"self":[{"href":"https:\/\/napoleon-armengol.com\/en\/wp-json\/wp\/v2\/posts\/556","targetHints":{"allow":["GET"]}}],"collection":[{"href":"https:\/\/napoleon-armengol.com\/en\/wp-json\/wp\/v2\/posts"}],"about":[{"href":"https:\/\/napoleon-armengol.com\/en\/wp-json\/wp\/v2\/types\/post"}],"author":[{"embeddable":true,"href":"https:\/\/napoleon-armengol.com\/en\/wp-json\/wp\/v2\/users\/1"}],"replies":[{"embeddable":true,"href":"https:\/\/napoleon-armengol.com\/en\/wp-json\/wp\/v2\/comments?post=556"}],"version-history":[{"count":1,"href":"https:\/\/napoleon-armengol.com\/en\/wp-json\/wp\/v2\/posts\/556\/revisions"}],"predecessor-version":[{"id":2427,"href":"https:\/\/napoleon-armengol.com\/en\/wp-json\/wp\/v2\/posts\/556\/revisions\/2427"}],"wp:featuredmedia":[{"embeddable":true,"href":"https:\/\/napoleon-armengol.com\/en\/wp-json\/wp\/v2\/media\/557"}],"wp:attachment":[{"href":"https:\/\/napoleon-armengol.com\/en\/wp-json\/wp\/v2\/media?parent=556"}],"wp:term":[{"taxonomy":"category","embeddable":true,"href":"https:\/\/napoleon-armengol.com\/en\/wp-json\/wp\/v2\/categories?post=556"},{"taxonomy":"post_tag","embeddable":true,"href":"https:\/\/napoleon-armengol.com\/en\/wp-json\/wp\/v2\/tags?post=556"}],"curies":[{"name":"wp","href":"https:\/\/api.w.org\/{rel}","templated":true}]}}