{"id":1992,"date":"2019-12-05T08:22:10","date_gmt":"2019-12-05T08:22:10","guid":{"rendered":"http:\/\/blog-napoleon-armengol.com\/?p=563"},"modified":"2024-03-06T11:39:44","modified_gmt":"2024-03-06T10:39:44","slug":"cataluna-apuesta-por-los-puntos-de-recarga-domesticos-para-coches-electricos","status":"publish","type":"post","link":"https:\/\/napoleon-armengol.com\/fr\/cataluna-apuesta-por-los-puntos-de-recarga-domesticos-para-coches-electricos\/","title":{"rendered":"La Catalogne s&#039;engage dans les bornes de recharge domestiques pour voitures \u00e9lectriques"},"content":{"rendered":"<p>Lors de l&#039;\u00e9v\u00e9nement important <a href=\"https:\/\/www.hibridosyelectricos.com\/tags\/expoelectric\">Expo\u00e9lectrique<\/a>, le ministre de l&#039;Entreprise et de la Connaissance, \u00c0ngels Chac\u00f3n, a annonc\u00e9, dans le discours d&#039;ouverture de cet important \u00e9v\u00e9nement sur les v\u00e9hicules \u00e9lectriques et les \u00e9nergies renouvelables, que le gouvernement investirait huit millions d&#039;euros pour installer des points de recharge domestiques pour voitures \u00e9lectriques, afin de promouvoir l&#039;\u00e9lectricit\u00e9. mobilit\u00e9. Il s&#039;agira d&#039;un r\u00e9seau de bornes de recharge \u00e0 usage domestique et sa gestion commencera une fois termin\u00e9 le d\u00e9ploiement du r\u00e9seau de bornes de recharge rapide (qui permettent \u00e0 l&#039;utilisateur de recharger sa voiture \u00e9lectrique pendant son voyage), qui ont \u00e9t\u00e9 install\u00e9es par l&#039;ensemble de l&#039;entreprise. Territoire catalan. Chac\u00f3n a expliqu\u00e9 l&#039;importance de parier sur la mobilit\u00e9 propre et a d\u00e9clar\u00e9 que la promotion des \u00e9nergies renouvelables, la d\u00e9mocratisation de l&#039;\u00e9nergie et l&#039;efficacit\u00e9 \u00e9nerg\u00e9tique sont les trois piliers de la politique \u00e9nerg\u00e9tique men\u00e9e par le Gouvernement de Catalogne.<\/p>\n\n\n\n<figure class=\"wp-block-image\"><img decoding=\"async\" src=\"http:\/\/blog-napoleon-armengol.com\/wp-content\/uploads\/2019\/12\/movilidad-el\u00e9ctrica-4-1.jpg\" alt=\"\" class=\"wp-image-566\"\/><\/figure>\n\n\n\n<p>55 exposants li\u00e9s au secteur ont particip\u00e9 \u00e0 la neuvi\u00e8me \u00e9dition d&#039;Expoelectric, pour pr\u00e9senter de nouveaux d\u00e9veloppements et propositions qui nous permettent d&#039;avancer vers une mobilit\u00e9 et des v\u00e9hicules plus durables, gr\u00e2ce \u00e0 l&#039;utilisation de la mobilit\u00e9 \u00e9lectrique.<\/p>\n\n\n\n<h2 class=\"wp-block-heading\"><strong>L\u2019importance de la mobilit\u00e9 \u00e9lectrique<\/strong><\/h2>\n\n\n\n<p>Le ministre Chac\u00f3n a \u00e9galement revendiqu\u00e9 une collaboration public-priv\u00e9 et \u00e9galement \u00ab trans-institutionnelle \u00bb entre les administrations, afin que les objectifs de mobilit\u00e9 \u00e9lectrique soient possibles et qu&#039;une mobilit\u00e9 plus durable et plus s\u00fbre soit obtenue pour tous. Ces derni\u00e8res ann\u00e9es, le Gouvernement de Catalogne a investi 2,5 millions d&#039;euros dans des points de recharge rapide, qui seront accessibles \u00e0 tous les conducteurs voyageant sur le territoire catalan et qui ont besoin d&#039;un point de ravitaillement en \u00e9nergie tous les 30 km, selon le conseiller Chac\u00f3n.<\/p>\n\n\n\n<p>Le directeur d&#039;Expoelectric, Ramon Caus, a d\u00e9clar\u00e9 que le v\u00e9hicule \u00e9lectrique ne repr\u00e9sente plus un \u00e9l\u00e9ment du futur, mais plut\u00f4t du pr\u00e9sent et a \u00e9galement soulign\u00e9 la vari\u00e9t\u00e9 de l&#039;offre que l&#039;on peut trouver dans ce secteur, afin que les utilisateurs puissent d\u00e9cidez de l\u2019option ou du mod\u00e8le qui correspond le mieux \u00e0 leurs besoins ou \u00e0 leur style de vie. Il a \u00e9galement indiqu\u00e9 qu&#039;il existe de multiples options pour parier sur la mobilit\u00e9 durable et que cela implique non seulement l&#039;achat d&#039;une voiture \u00e9lectrique, mais peut \u00e9galement \u00eatre appr\u00e9ci\u00e9 \u00e0 travers l&#039;utilisation du scooter \u00e9lectrique comme moyen de transport durable et efficace, pour effectuer des d\u00e9placements urbains.<\/p>\n\n\n\n<p>Rosa Alarc\u00f3n, conseill\u00e8re \u00e0 la mobilit\u00e9 de la Mairie de Barcelone, a salu\u00e9 le travail r\u00e9alis\u00e9 conjointement par les acteurs priv\u00e9s et les administrations pour promouvoir des mesures de r\u00e9duction de la pollution dans les villes afin d&#039;am\u00e9liorer la sant\u00e9 de l&#039;air et, par cons\u00e9quent, la sant\u00e9 des habitants. les habitants et la plan\u00e8te.<\/p>\n\n\n\n<p>Xesco Gomar, pr\u00e9sident d\u00e9l\u00e9gu\u00e9 de l&#039;Action Climat \u00e0 la D\u00e9putation Forale de Barcelone, a soulign\u00e9 qu&#039;il est essentiel d&#039;avoir une sensibilisation citoyenne et une action politique pour lutter contre le changement climatique.<\/p>","protected":false},"excerpt":{"rendered":"<p>En el importante evento Expoelectric, la consejera de Empresa y Conocimiento, \u00c0ngels Chac\u00f3n, anunci\u00f3, en el discurso inaugural de esta importante cita sobre veh\u00edculos el\u00e9ctricos y energ\u00edas renovables, que el Govern invertir\u00e1 ocho millones de euros para instalar puntos de recarga dom\u00e9sticos para coches el\u00e9ctricos, con el fin de promover la movilidad el\u00e9ctrica. Se tratar\u00e1&#8230;<\/p>","protected":false},"author":1,"featured_media":1804,"comment_status":"closed","ping_status":"closed","sticky":false,"template":"","format":"standard","meta":{"_acf_changed":false,"_kad_blocks_custom_css":"","_kad_blocks_head_custom_js":"","_kad_blocks_body_custom_js":"","_kad_blocks_footer_custom_js":"","_kad_post_transparent":"","_kad_post_title":"","_kad_post_layout":"","_kad_post_sidebar_id":"","_kad_post_content_style":"","_kad_post_vertical_padding":"","_kad_post_feature":"","_kad_post_feature_position":"","_kad_post_header":false,"_kad_post_footer":false,"footnotes":""},"categories":[68],"tags":[416,100,351,417],"class_list":["post-1992","post","type-post","status-publish","format-standard","has-post-thumbnail","hentry","category-coche-eletrico","tag-expoelectric","tag-movilidad-electrica","tag-punto-de-recarga","tag-repostar-vehiculo-electrico"],"acf":[],"yoast_head":"<!-- This site is optimized with the Yoast SEO plugin v27.4 - https:\/\/yoast.com\/product\/yoast-seo-wordpress\/ -->\n<title>Catalu\u00f1a apuesta por los puntos de recarga dom\u00e9sticos para coches el\u00e9ctricos - Armengol<\/title>\n<meta name=\"robots\" content=\"index, follow, max-snippet:-1, max-image-preview:large, max-video-preview:-1\" \/>\n<link rel=\"canonical\" href=\"https:\/\/napoleon-armengol.com\/fr\/cataluna-apuesta-por-los-puntos-de-recarga-domesticos-para-coches-electricos\/\" \/>\n<meta property=\"og:locale\" content=\"fr_FR\" \/>\n<meta property=\"og:type\" content=\"article\" \/>\n<meta property=\"og:title\" content=\"Catalu\u00f1a apuesta por los puntos de recarga dom\u00e9sticos para coches el\u00e9ctricos - Armengol\" \/>\n<meta property=\"og:description\" content=\"En el importante evento Expoelectric, la consejera de Empresa y Conocimiento, \u00c0ngels Chac\u00f3n, anunci\u00f3, en el discurso inaugural de esta importante cita sobre veh\u00edculos el\u00e9ctricos y energ\u00edas renovables, que el Govern invertir\u00e1 ocho millones de euros para instalar puntos de recarga dom\u00e9sticos para coches el\u00e9ctricos, con el fin de promover la movilidad el\u00e9ctrica. Se tratar\u00e1...\" \/>\n<meta property=\"og:url\" content=\"https:\/\/napoleon-armengol.com\/fr\/cataluna-apuesta-por-los-puntos-de-recarga-domesticos-para-coches-electricos\/\" \/>\n<meta property=\"og:site_name\" content=\"Armengol\" \/>\n<meta property=\"article:published_time\" content=\"2019-12-05T08:22:10+00:00\" \/>\n<meta property=\"article:modified_time\" content=\"2024-03-06T10:39:44+00:00\" \/>\n<meta property=\"og:image\" content=\"https:\/\/napoleon-armengol.com\/wp-content\/uploads\/2019\/12\/movilidad-electrica-3.jpg\" \/>\n\t<meta property=\"og:image:width\" content=\"626\" \/>\n\t<meta property=\"og:image:height\" content=\"417\" \/>\n\t<meta property=\"og:image:type\" content=\"image\/jpeg\" \/>\n<meta name=\"author\" content=\"admin\" \/>\n<meta name=\"twitter:card\" content=\"summary_large_image\" \/>\n<meta name=\"twitter:label1\" content=\"\u00c9crit par\" \/>\n\t<meta name=\"twitter:data1\" content=\"admin\" \/>\n\t<meta name=\"twitter:label2\" content=\"Dur\u00e9e de lecture estim\u00e9e\" \/>\n\t<meta name=\"twitter:data2\" content=\"3 minutes\" \/>\n<script type=\"application\/ld+json\" class=\"yoast-schema-graph\">{\"@context\":\"https:\\\/\\\/schema.org\",\"@graph\":[{\"@type\":\"Article\",\"@id\":\"https:\\\/\\\/napoleon-armengol.com\\\/cataluna-apuesta-por-los-puntos-de-recarga-domesticos-para-coches-electricos\\\/#article\",\"isPartOf\":{\"@id\":\"https:\\\/\\\/napoleon-armengol.com\\\/cataluna-apuesta-por-los-puntos-de-recarga-domesticos-para-coches-electricos\\\/\"},\"author\":{\"name\":\"admin\",\"@id\":\"https:\\\/\\\/napoleon-armengol.com\\\/#\\\/schema\\\/person\\\/e558fc54676c8886a95c89646b733a67\"},\"headline\":\"Catalu\u00f1a apuesta por los puntos de recarga dom\u00e9sticos para coches el\u00e9ctricos\",\"datePublished\":\"2019-12-05T08:22:10+00:00\",\"dateModified\":\"2024-03-06T10:39:44+00:00\",\"mainEntityOfPage\":{\"@id\":\"https:\\\/\\\/napoleon-armengol.com\\\/cataluna-apuesta-por-los-puntos-de-recarga-domesticos-para-coches-electricos\\\/\"},\"wordCount\":547,\"publisher\":{\"@id\":\"https:\\\/\\\/napoleon-armengol.com\\\/#organization\"},\"image\":{\"@id\":\"https:\\\/\\\/napoleon-armengol.com\\\/cataluna-apuesta-por-los-puntos-de-recarga-domesticos-para-coches-electricos\\\/#primaryimage\"},\"thumbnailUrl\":\"https:\\\/\\\/napoleon-armengol.com\\\/wp-content\\\/uploads\\\/2019\\\/12\\\/movilidad-electrica-3.jpg\",\"keywords\":[\"Expoel\u00e9ctric\",\"movilidad el\u00e9ctrica\",\"punto de recarga\",\"repostar veh\u00edculo el\u00e9ctrico\"],\"articleSection\":[\"Coche el\u00e9trico\"],\"inLanguage\":\"fr-FR\"},{\"@type\":\"WebPage\",\"@id\":\"https:\\\/\\\/napoleon-armengol.com\\\/cataluna-apuesta-por-los-puntos-de-recarga-domesticos-para-coches-electricos\\\/\",\"url\":\"https:\\\/\\\/napoleon-armengol.com\\\/cataluna-apuesta-por-los-puntos-de-recarga-domesticos-para-coches-electricos\\\/\",\"name\":\"Catalu\u00f1a apuesta por los puntos de recarga dom\u00e9sticos para coches el\u00e9ctricos - Armengol\",\"isPartOf\":{\"@id\":\"https:\\\/\\\/napoleon-armengol.com\\\/#website\"},\"primaryImageOfPage\":{\"@id\":\"https:\\\/\\\/napoleon-armengol.com\\\/cataluna-apuesta-por-los-puntos-de-recarga-domesticos-para-coches-electricos\\\/#primaryimage\"},\"image\":{\"@id\":\"https:\\\/\\\/napoleon-armengol.com\\\/cataluna-apuesta-por-los-puntos-de-recarga-domesticos-para-coches-electricos\\\/#primaryimage\"},\"thumbnailUrl\":\"https:\\\/\\\/napoleon-armengol.com\\\/wp-content\\\/uploads\\\/2019\\\/12\\\/movilidad-electrica-3.jpg\",\"datePublished\":\"2019-12-05T08:22:10+00:00\",\"dateModified\":\"2024-03-06T10:39:44+00:00\",\"breadcrumb\":{\"@id\":\"https:\\\/\\\/napoleon-armengol.com\\\/cataluna-apuesta-por-los-puntos-de-recarga-domesticos-para-coches-electricos\\\/#breadcrumb\"},\"inLanguage\":\"fr-FR\",\"potentialAction\":[{\"@type\":\"ReadAction\",\"target\":[\"https:\\\/\\\/napoleon-armengol.com\\\/cataluna-apuesta-por-los-puntos-de-recarga-domesticos-para-coches-electricos\\\/\"]}]},{\"@type\":\"ImageObject\",\"inLanguage\":\"fr-FR\",\"@id\":\"https:\\\/\\\/napoleon-armengol.com\\\/cataluna-apuesta-por-los-puntos-de-recarga-domesticos-para-coches-electricos\\\/#primaryimage\",\"url\":\"https:\\\/\\\/napoleon-armengol.com\\\/wp-content\\\/uploads\\\/2019\\\/12\\\/movilidad-electrica-3.jpg\",\"contentUrl\":\"https:\\\/\\\/napoleon-armengol.com\\\/wp-content\\\/uploads\\\/2019\\\/12\\\/movilidad-electrica-3.jpg\",\"width\":626,\"height\":417},{\"@type\":\"BreadcrumbList\",\"@id\":\"https:\\\/\\\/napoleon-armengol.com\\\/cataluna-apuesta-por-los-puntos-de-recarga-domesticos-para-coches-electricos\\\/#breadcrumb\",\"itemListElement\":[{\"@type\":\"ListItem\",\"position\":1,\"name\":\"Portada\",\"item\":\"https:\\\/\\\/napoleon-armengol.com\\\/\"},{\"@type\":\"ListItem\",\"position\":2,\"name\":\"Catalu\u00f1a apuesta por los puntos de recarga dom\u00e9sticos para coches el\u00e9ctricos\"}]},{\"@type\":\"WebSite\",\"@id\":\"https:\\\/\\\/napoleon-armengol.com\\\/#website\",\"url\":\"https:\\\/\\\/napoleon-armengol.com\\\/\",\"name\":\"Armengol\",\"description\":\"Seguridad y especializaci\u00f3n\",\"publisher\":{\"@id\":\"https:\\\/\\\/napoleon-armengol.com\\\/#organization\"},\"potentialAction\":[{\"@type\":\"SearchAction\",\"target\":{\"@type\":\"EntryPoint\",\"urlTemplate\":\"https:\\\/\\\/napoleon-armengol.com\\\/?s={search_term_string}\"},\"query-input\":{\"@type\":\"PropertyValueSpecification\",\"valueRequired\":true,\"valueName\":\"search_term_string\"}}],\"inLanguage\":\"fr-FR\"},{\"@type\":\"Organization\",\"@id\":\"https:\\\/\\\/napoleon-armengol.com\\\/#organization\",\"name\":\"Armengol\",\"url\":\"https:\\\/\\\/napoleon-armengol.com\\\/\",\"logo\":{\"@type\":\"ImageObject\",\"inLanguage\":\"fr-FR\",\"@id\":\"https:\\\/\\\/napoleon-armengol.com\\\/#\\\/schema\\\/logo\\\/image\\\/\",\"url\":\"https:\\\/\\\/napoleon-armengol.com\\\/wp-content\\\/uploads\\\/2023\\\/04\\\/LOGO-ARMENGOL.png\",\"contentUrl\":\"https:\\\/\\\/napoleon-armengol.com\\\/wp-content\\\/uploads\\\/2023\\\/04\\\/LOGO-ARMENGOL.png\",\"width\":460,\"height\":81,\"caption\":\"Armengol\"},\"image\":{\"@id\":\"https:\\\/\\\/napoleon-armengol.com\\\/#\\\/schema\\\/logo\\\/image\\\/\"}},{\"@type\":\"Person\",\"@id\":\"https:\\\/\\\/napoleon-armengol.com\\\/#\\\/schema\\\/person\\\/e558fc54676c8886a95c89646b733a67\",\"name\":\"admin\",\"sameAs\":[\"http:\\\/\\\/napoleon-armengol.com\"],\"url\":\"https:\\\/\\\/napoleon-armengol.com\\\/fr\\\/author\\\/admin_5wnh1vf4\\\/\"}]}<\/script>\n<!-- \/ Yoast SEO plugin. -->","yoast_head_json":{"title":"Catalu\u00f1a apuesta por los puntos de recarga dom\u00e9sticos para coches el\u00e9ctricos - Armengol","robots":{"index":"index","follow":"follow","max-snippet":"max-snippet:-1","max-image-preview":"max-image-preview:large","max-video-preview":"max-video-preview:-1"},"canonical":"https:\/\/napoleon-armengol.com\/fr\/cataluna-apuesta-por-los-puntos-de-recarga-domesticos-para-coches-electricos\/","og_locale":"fr_FR","og_type":"article","og_title":"Catalu\u00f1a apuesta por los puntos de recarga dom\u00e9sticos para coches el\u00e9ctricos - Armengol","og_description":"En el importante evento Expoelectric, la consejera de Empresa y Conocimiento, \u00c0ngels Chac\u00f3n, anunci\u00f3, en el discurso inaugural de esta importante cita sobre veh\u00edculos el\u00e9ctricos y energ\u00edas renovables, que el Govern invertir\u00e1 ocho millones de euros para instalar puntos de recarga dom\u00e9sticos para coches el\u00e9ctricos, con el fin de promover la movilidad el\u00e9ctrica. Se tratar\u00e1...","og_url":"https:\/\/napoleon-armengol.com\/fr\/cataluna-apuesta-por-los-puntos-de-recarga-domesticos-para-coches-electricos\/","og_site_name":"Armengol","article_published_time":"2019-12-05T08:22:10+00:00","article_modified_time":"2024-03-06T10:39:44+00:00","og_image":[{"width":626,"height":417,"url":"https:\/\/napoleon-armengol.com\/wp-content\/uploads\/2019\/12\/movilidad-electrica-3.jpg","type":"image\/jpeg"}],"author":"admin","twitter_card":"summary_large_image","twitter_misc":{"\u00c9crit par":"admin","Dur\u00e9e de lecture estim\u00e9e":"3 minutes"},"schema":{"@context":"https:\/\/schema.org","@graph":[{"@type":"Article","@id":"https:\/\/napoleon-armengol.com\/cataluna-apuesta-por-los-puntos-de-recarga-domesticos-para-coches-electricos\/#article","isPartOf":{"@id":"https:\/\/napoleon-armengol.com\/cataluna-apuesta-por-los-puntos-de-recarga-domesticos-para-coches-electricos\/"},"author":{"name":"admin","@id":"https:\/\/napoleon-armengol.com\/#\/schema\/person\/e558fc54676c8886a95c89646b733a67"},"headline":"Catalu\u00f1a apuesta por los puntos de recarga dom\u00e9sticos para coches el\u00e9ctricos","datePublished":"2019-12-05T08:22:10+00:00","dateModified":"2024-03-06T10:39:44+00:00","mainEntityOfPage":{"@id":"https:\/\/napoleon-armengol.com\/cataluna-apuesta-por-los-puntos-de-recarga-domesticos-para-coches-electricos\/"},"wordCount":547,"publisher":{"@id":"https:\/\/napoleon-armengol.com\/#organization"},"image":{"@id":"https:\/\/napoleon-armengol.com\/cataluna-apuesta-por-los-puntos-de-recarga-domesticos-para-coches-electricos\/#primaryimage"},"thumbnailUrl":"https:\/\/napoleon-armengol.com\/wp-content\/uploads\/2019\/12\/movilidad-electrica-3.jpg","keywords":["Expoel\u00e9ctric","movilidad el\u00e9ctrica","punto de recarga","repostar veh\u00edculo el\u00e9ctrico"],"articleSection":["Coche el\u00e9trico"],"inLanguage":"fr-FR"},{"@type":"WebPage","@id":"https:\/\/napoleon-armengol.com\/cataluna-apuesta-por-los-puntos-de-recarga-domesticos-para-coches-electricos\/","url":"https:\/\/napoleon-armengol.com\/cataluna-apuesta-por-los-puntos-de-recarga-domesticos-para-coches-electricos\/","name":"Catalu\u00f1a apuesta por los puntos de recarga dom\u00e9sticos para coches el\u00e9ctricos - Armengol","isPartOf":{"@id":"https:\/\/napoleon-armengol.com\/#website"},"primaryImageOfPage":{"@id":"https:\/\/napoleon-armengol.com\/cataluna-apuesta-por-los-puntos-de-recarga-domesticos-para-coches-electricos\/#primaryimage"},"image":{"@id":"https:\/\/napoleon-armengol.com\/cataluna-apuesta-por-los-puntos-de-recarga-domesticos-para-coches-electricos\/#primaryimage"},"thumbnailUrl":"https:\/\/napoleon-armengol.com\/wp-content\/uploads\/2019\/12\/movilidad-electrica-3.jpg","datePublished":"2019-12-05T08:22:10+00:00","dateModified":"2024-03-06T10:39:44+00:00","breadcrumb":{"@id":"https:\/\/napoleon-armengol.com\/cataluna-apuesta-por-los-puntos-de-recarga-domesticos-para-coches-electricos\/#breadcrumb"},"inLanguage":"fr-FR","potentialAction":[{"@type":"ReadAction","target":["https:\/\/napoleon-armengol.com\/cataluna-apuesta-por-los-puntos-de-recarga-domesticos-para-coches-electricos\/"]}]},{"@type":"ImageObject","inLanguage":"fr-FR","@id":"https:\/\/napoleon-armengol.com\/cataluna-apuesta-por-los-puntos-de-recarga-domesticos-para-coches-electricos\/#primaryimage","url":"https:\/\/napoleon-armengol.com\/wp-content\/uploads\/2019\/12\/movilidad-electrica-3.jpg","contentUrl":"https:\/\/napoleon-armengol.com\/wp-content\/uploads\/2019\/12\/movilidad-electrica-3.jpg","width":626,"height":417},{"@type":"BreadcrumbList","@id":"https:\/\/napoleon-armengol.com\/cataluna-apuesta-por-los-puntos-de-recarga-domesticos-para-coches-electricos\/#breadcrumb","itemListElement":[{"@type":"ListItem","position":1,"name":"Portada","item":"https:\/\/napoleon-armengol.com\/"},{"@type":"ListItem","position":2,"name":"Catalu\u00f1a apuesta por los puntos de recarga dom\u00e9sticos para coches el\u00e9ctricos"}]},{"@type":"WebSite","@id":"https:\/\/napoleon-armengol.com\/#website","url":"https:\/\/napoleon-armengol.com\/","name":"Armengol","description":"Seguridad y especializaci\u00f3n","publisher":{"@id":"https:\/\/napoleon-armengol.com\/#organization"},"potentialAction":[{"@type":"SearchAction","target":{"@type":"EntryPoint","urlTemplate":"https:\/\/napoleon-armengol.com\/?s={search_term_string}"},"query-input":{"@type":"PropertyValueSpecification","valueRequired":true,"valueName":"search_term_string"}}],"inLanguage":"fr-FR"},{"@type":"Organization","@id":"https:\/\/napoleon-armengol.com\/#organization","name":"Armengol","url":"https:\/\/napoleon-armengol.com\/","logo":{"@type":"ImageObject","inLanguage":"fr-FR","@id":"https:\/\/napoleon-armengol.com\/#\/schema\/logo\/image\/","url":"https:\/\/napoleon-armengol.com\/wp-content\/uploads\/2023\/04\/LOGO-ARMENGOL.png","contentUrl":"https:\/\/napoleon-armengol.com\/wp-content\/uploads\/2023\/04\/LOGO-ARMENGOL.png","width":460,"height":81,"caption":"Armengol"},"image":{"@id":"https:\/\/napoleon-armengol.com\/#\/schema\/logo\/image\/"}},{"@type":"Person","@id":"https:\/\/napoleon-armengol.com\/#\/schema\/person\/e558fc54676c8886a95c89646b733a67","name":"admin","sameAs":["http:\/\/napoleon-armengol.com"],"url":"https:\/\/napoleon-armengol.com\/fr\/author\/admin_5wnh1vf4\/"}]}},"taxonomy_info":{"category":[{"value":68,"label":"Coche el\u00e9trico"}],"post_tag":[{"value":416,"label":"Expoel\u00e9ctric"},{"value":100,"label":"movilidad el\u00e9ctrica"},{"value":351,"label":"punto de recarga"},{"value":417,"label":"repostar veh\u00edculo el\u00e9ctrico"}]},"featured_image_src_large":["https:\/\/napoleon-armengol.com\/wp-content\/uploads\/2019\/12\/movilidad-electrica-3.jpg",626,417,false],"author_info":{"display_name":"admin","author_link":"https:\/\/napoleon-armengol.com\/fr\/author\/admin_5wnh1vf4\/"},"comment_info":0,"category_info":[{"term_id":68,"name":"Coche el\u00e9trico","slug":"coche-eletrico","term_group":0,"term_taxonomy_id":68,"taxonomy":"category","description":"","parent":0,"count":63,"filter":"raw","term_order":"0","cat_ID":68,"category_count":63,"category_description":"","cat_name":"Coche el\u00e9trico","category_nicename":"coche-eletrico","category_parent":0}],"tag_info":[{"term_id":416,"name":"Expoel\u00e9ctric","slug":"expoelectric","term_group":0,"term_taxonomy_id":416,"taxonomy":"post_tag","description":"","parent":0,"count":1,"filter":"raw","term_order":"0"},{"term_id":100,"name":"movilidad el\u00e9ctrica","slug":"movilidad-electrica","term_group":0,"term_taxonomy_id":100,"taxonomy":"post_tag","description":"","parent":0,"count":41,"filter":"raw","term_order":"0"},{"term_id":351,"name":"punto de recarga","slug":"punto-de-recarga","term_group":0,"term_taxonomy_id":351,"taxonomy":"post_tag","description":"","parent":0,"count":2,"filter":"raw","term_order":"0"},{"term_id":417,"name":"repostar veh\u00edculo el\u00e9ctrico","slug":"repostar-vehiculo-electrico","term_group":0,"term_taxonomy_id":417,"taxonomy":"post_tag","description":"","parent":0,"count":1,"filter":"raw","term_order":"0"}],"_links":{"self":[{"href":"https:\/\/napoleon-armengol.com\/fr\/wp-json\/wp\/v2\/posts\/1992","targetHints":{"allow":["GET"]}}],"collection":[{"href":"https:\/\/napoleon-armengol.com\/fr\/wp-json\/wp\/v2\/posts"}],"about":[{"href":"https:\/\/napoleon-armengol.com\/fr\/wp-json\/wp\/v2\/types\/post"}],"author":[{"embeddable":true,"href":"https:\/\/napoleon-armengol.com\/fr\/wp-json\/wp\/v2\/users\/1"}],"replies":[{"embeddable":true,"href":"https:\/\/napoleon-armengol.com\/fr\/wp-json\/wp\/v2\/comments?post=1992"}],"version-history":[{"count":1,"href":"https:\/\/napoleon-armengol.com\/fr\/wp-json\/wp\/v2\/posts\/1992\/revisions"}],"predecessor-version":[{"id":2291,"href":"https:\/\/napoleon-armengol.com\/fr\/wp-json\/wp\/v2\/posts\/1992\/revisions\/2291"}],"wp:featuredmedia":[{"embeddable":true,"href":"https:\/\/napoleon-armengol.com\/fr\/wp-json\/wp\/v2\/media\/1804"}],"wp:attachment":[{"href":"https:\/\/napoleon-armengol.com\/fr\/wp-json\/wp\/v2\/media?parent=1992"}],"wp:term":[{"taxonomy":"category","embeddable":true,"href":"https:\/\/napoleon-armengol.com\/fr\/wp-json\/wp\/v2\/categories?post=1992"},{"taxonomy":"post_tag","embeddable":true,"href":"https:\/\/napoleon-armengol.com\/fr\/wp-json\/wp\/v2\/tags?post=1992"}],"curies":[{"name":"wp","href":"https:\/\/api.w.org\/{rel}","templated":true}]}}