{"id":2016,"date":"2020-09-17T07:43:21","date_gmt":"2020-09-17T07:43:21","guid":{"rendered":"http:\/\/blog-napoleon-armengol.com\/?p=678"},"modified":"2024-01-24T12:20:25","modified_gmt":"2024-01-24T11:20:25","slug":"conseguira-superar-el-coche-electrico-la-crisis-del-covid-19","status":"publish","type":"post","link":"https:\/\/napoleon-armengol.com\/fr\/conseguira-superar-el-coche-electrico-la-crisis-del-covid-19\/","title":{"rendered":"La voiture \u00e9lectrique parviendra-t-elle \u00e0 surmonter la crise du COVID-19 ?"},"content":{"rendered":"<p>Cette ann\u00e9e 2020 a \u00e9t\u00e9 un tournant pour de nombreux secteurs, puisqu\u2019ils ont \u00e9t\u00e9 touch\u00e9s d\u2019une mani\u00e8re ou d\u2019une autre. Il <strong>Voiture \u00e9lectrique<\/strong> Elle a \u00e9galement souffert de la crise sanitaire et \u00e9conomique qui s&#039;est produite, puisque la vente de v\u00e9hicules \u00e9lectriques, bien qu&#039;en croissance fin 2019, a \u00e9t\u00e9 affect\u00e9e par cette pand\u00e9mie.<\/p>\n\n\n\n<p>Au premier trimestre de cette ann\u00e9e 2020, la vente de v\u00e9hicules conventionnels a diminu\u00e9 de 25,6%, mais la vente de voitures \u00e9lectriques a continu\u00e9 de cro\u00eetre, en effet, en mars de cette m\u00eame ann\u00e9e, le <strong>Voiture \u00e9lectrique<\/strong>\na atteint 12% de part de march\u00e9 en France, quadruplant ses donn\u00e9es si on la compare \u00e0 l&#039;ann\u00e9e pr\u00e9c\u00e9dente. L&#039;Allemagne a atteint 9,2% et le Royaume-Uni a atteint 7,3%.<\/p>\n\n\n\n<h2 class=\"wp-block-heading\"><strong>Comment le COVD-19 a-t-il affect\u00e9 la voiture \u00e9lectrique ?<\/strong><\/h2>\n\n\n\n<p>Avec la crise du coronavirus a commenc\u00e9 un confinement qui a entra\u00een\u00e9 une crise \u00e9conomique pour de nombreux secteurs, provoquant des situations telles que l&#039;interruption d&#039;une multitude de cha\u00eenes d&#039;approvisionnement et la fermeture de nombreuses usines et entreprises. La production de voitures conventionnelles a \u00e9t\u00e9 r\u00e9duite, mais la voiture \u00e9lectrique, malgr\u00e9 les pertes provoqu\u00e9es par cette crise, est rest\u00e9e \u00e0 flot.<\/p>\n\n\n\n<p>L&#039;ann\u00e9e 2020 devait \u00eatre l&#039;ann\u00e9e de la voiture \u00e9lectrique en Europe, mais avec le coronavirus, la production de v\u00e9hicules \u00e9lectriques a \u00e9t\u00e9 affect\u00e9e, mais pas autant que celle des v\u00e9hicules conventionnels, car la majorit\u00e9 des constructeurs de voitures \u00e9lectriques pr\u00e9voyaient d\u00e9j\u00e0 une augmentation de la production. production au second semestre 2020 et il y avait de nouveaux mod\u00e8les de <strong>Voiture \u00e9lectrique<\/strong> la fabrication ne commencerait qu&#039;apr\u00e8s juillet. Maintenant que des mesures de relance ont \u00e9t\u00e9 mises en place dans toute l\u2019Europe, elles devraient permettre aux constructeurs automobiles de donner la priorit\u00e9 \u00e0 la construction automobile. <strong>Voiture \u00e9lectrique<\/strong>, offrant des garanties de pr\u00eat et des liquidit\u00e9s, pour promouvoir les technologies z\u00e9ro \u00e9mission et garantir le d\u00e9veloppement de la mobilit\u00e9 durable.<\/p>\n\n\n\n<p>Compte tenu de l&#039;objectif obligatoire d&#039;\u00e9missions de CO2 de l&#039;UE pour 2020-2021, la vente de voitures \u00e9lectriques ne peut pas diminuer. Le principal moteur de la demande de voitures \u00e9lectriques en Europe pendant cette crise post-COVID-19 est le canal des entreprises. Il est donc important de garantir que les entreprises re\u00e7oivent un soutien pour continuer \u00e0 louer des voitures \u00e9lectriques.<\/p>\n\n\n\n<p>Une fois cette crise surmont\u00e9e, de grands programmes de relance devront \u00eatre men\u00e9s pour contribuer \u00e0 sauver cette situation et garantir le respect des objectifs climatiques, ainsi que la relance \u00e9cologique. Il est essentiel d\u2019orienter les efforts \u00e0 cet \u00e9gard vers les \u00e9nergies renouvelables et la mobilit\u00e9 durable, afin que la plan\u00e8te reste en bon \u00e9tat et que tous les efforts en valent la peine.<\/p>","protected":false},"excerpt":{"rendered":"<p>Este a\u00f1o 2020 ha supuesto un punto de inflexi\u00f3n para muchos sectores, ya que se han visto afectados de una u otra manera. El coche el\u00e9ctrico tambi\u00e9n se ha visto perjudicado por la crisis sanitaria y econ\u00f3mica que se ha producido, ya que la venta de veh\u00edculos el\u00e9ctricos, pese a haber crecido a finales de&#8230;<\/p>","protected":false},"author":1,"featured_media":1845,"comment_status":"closed","ping_status":"closed","sticky":false,"template":"","format":"standard","meta":{"_acf_changed":false,"_kad_blocks_custom_css":"","_kad_blocks_head_custom_js":"","_kad_blocks_body_custom_js":"","_kad_blocks_footer_custom_js":"","_kad_post_transparent":"","_kad_post_title":"","_kad_post_layout":"","_kad_post_sidebar_id":"","_kad_post_content_style":"","_kad_post_vertical_padding":"","_kad_post_feature":"","_kad_post_feature_position":"","_kad_post_header":false,"_kad_post_footer":false,"footnotes":""},"categories":[68],"tags":[95,431,159,100],"class_list":["post-2016","post","type-post","status-publish","format-standard","has-post-thumbnail","hentry","category-coche-eletrico","tag-coche-electrico","tag-coronavirus","tag-economia","tag-movilidad-electrica"],"acf":[],"yoast_head":"<!-- This site is optimized with the Yoast SEO plugin v27.4 - https:\/\/yoast.com\/product\/yoast-seo-wordpress\/ -->\n<title>\u00bfConseguir\u00e1 superar el coche el\u00e9ctrico la crisis del COVID-19? - Armengol<\/title>\n<meta name=\"robots\" content=\"index, follow, max-snippet:-1, max-image-preview:large, max-video-preview:-1\" \/>\n<link rel=\"canonical\" href=\"https:\/\/napoleon-armengol.com\/fr\/conseguira-superar-el-coche-electrico-la-crisis-del-covid-19\/\" \/>\n<meta property=\"og:locale\" content=\"fr_FR\" \/>\n<meta property=\"og:type\" content=\"article\" \/>\n<meta property=\"og:title\" content=\"\u00bfConseguir\u00e1 superar el coche el\u00e9ctrico la crisis del COVID-19? - Armengol\" \/>\n<meta property=\"og:description\" content=\"Este a\u00f1o 2020 ha supuesto un punto de inflexi\u00f3n para muchos sectores, ya que se han visto afectados de una u otra manera. El coche el\u00e9ctrico tambi\u00e9n se ha visto perjudicado por la crisis sanitaria y econ\u00f3mica que se ha producido, ya que la venta de veh\u00edculos el\u00e9ctricos, pese a haber crecido a finales de...\" \/>\n<meta property=\"og:url\" content=\"https:\/\/napoleon-armengol.com\/fr\/conseguira-superar-el-coche-electrico-la-crisis-del-covid-19\/\" \/>\n<meta property=\"og:site_name\" content=\"Armengol\" \/>\n<meta property=\"article:published_time\" content=\"2020-09-17T07:43:21+00:00\" \/>\n<meta property=\"article:modified_time\" content=\"2024-01-24T11:20:25+00:00\" \/>\n<meta property=\"og:image\" content=\"https:\/\/napoleon-armengol.com\/wp-content\/uploads\/2020\/09\/coche-electrico.jpg\" \/>\n\t<meta property=\"og:image:width\" content=\"626\" \/>\n\t<meta property=\"og:image:height\" content=\"352\" \/>\n\t<meta property=\"og:image:type\" content=\"image\/jpeg\" \/>\n<meta name=\"author\" content=\"admin\" \/>\n<meta name=\"twitter:card\" content=\"summary_large_image\" \/>\n<meta name=\"twitter:label1\" content=\"\u00c9crit par\" \/>\n\t<meta name=\"twitter:data1\" content=\"admin\" \/>\n\t<meta name=\"twitter:label2\" content=\"Dur\u00e9e de lecture estim\u00e9e\" \/>\n\t<meta name=\"twitter:data2\" content=\"2 minutes\" \/>\n<script type=\"application\/ld+json\" class=\"yoast-schema-graph\">{\"@context\":\"https:\\\/\\\/schema.org\",\"@graph\":[{\"@type\":\"Article\",\"@id\":\"https:\\\/\\\/napoleon-armengol.com\\\/conseguira-superar-el-coche-electrico-la-crisis-del-covid-19\\\/#article\",\"isPartOf\":{\"@id\":\"https:\\\/\\\/napoleon-armengol.com\\\/conseguira-superar-el-coche-electrico-la-crisis-del-covid-19\\\/\"},\"author\":{\"name\":\"admin\",\"@id\":\"https:\\\/\\\/napoleon-armengol.com\\\/#\\\/schema\\\/person\\\/e558fc54676c8886a95c89646b733a67\"},\"headline\":\"\u00bfConseguir\u00e1 superar el coche el\u00e9ctrico la crisis del COVID-19?\",\"datePublished\":\"2020-09-17T07:43:21+00:00\",\"dateModified\":\"2024-01-24T11:20:25+00:00\",\"mainEntityOfPage\":{\"@id\":\"https:\\\/\\\/napoleon-armengol.com\\\/conseguira-superar-el-coche-electrico-la-crisis-del-covid-19\\\/\"},\"wordCount\":508,\"publisher\":{\"@id\":\"https:\\\/\\\/napoleon-armengol.com\\\/#organization\"},\"image\":{\"@id\":\"https:\\\/\\\/napoleon-armengol.com\\\/conseguira-superar-el-coche-electrico-la-crisis-del-covid-19\\\/#primaryimage\"},\"thumbnailUrl\":\"https:\\\/\\\/napoleon-armengol.com\\\/wp-content\\\/uploads\\\/2020\\\/09\\\/coche-electrico.jpg\",\"keywords\":[\"Coche el\u00e9ctrico\",\"coronavirus\",\"econom\u00eda\",\"movilidad el\u00e9ctrica\"],\"articleSection\":[\"Coche el\u00e9trico\"],\"inLanguage\":\"fr-FR\"},{\"@type\":\"WebPage\",\"@id\":\"https:\\\/\\\/napoleon-armengol.com\\\/conseguira-superar-el-coche-electrico-la-crisis-del-covid-19\\\/\",\"url\":\"https:\\\/\\\/napoleon-armengol.com\\\/conseguira-superar-el-coche-electrico-la-crisis-del-covid-19\\\/\",\"name\":\"\u00bfConseguir\u00e1 superar el coche el\u00e9ctrico la crisis del COVID-19? - Armengol\",\"isPartOf\":{\"@id\":\"https:\\\/\\\/napoleon-armengol.com\\\/#website\"},\"primaryImageOfPage\":{\"@id\":\"https:\\\/\\\/napoleon-armengol.com\\\/conseguira-superar-el-coche-electrico-la-crisis-del-covid-19\\\/#primaryimage\"},\"image\":{\"@id\":\"https:\\\/\\\/napoleon-armengol.com\\\/conseguira-superar-el-coche-electrico-la-crisis-del-covid-19\\\/#primaryimage\"},\"thumbnailUrl\":\"https:\\\/\\\/napoleon-armengol.com\\\/wp-content\\\/uploads\\\/2020\\\/09\\\/coche-electrico.jpg\",\"datePublished\":\"2020-09-17T07:43:21+00:00\",\"dateModified\":\"2024-01-24T11:20:25+00:00\",\"breadcrumb\":{\"@id\":\"https:\\\/\\\/napoleon-armengol.com\\\/conseguira-superar-el-coche-electrico-la-crisis-del-covid-19\\\/#breadcrumb\"},\"inLanguage\":\"fr-FR\",\"potentialAction\":[{\"@type\":\"ReadAction\",\"target\":[\"https:\\\/\\\/napoleon-armengol.com\\\/conseguira-superar-el-coche-electrico-la-crisis-del-covid-19\\\/\"]}]},{\"@type\":\"ImageObject\",\"inLanguage\":\"fr-FR\",\"@id\":\"https:\\\/\\\/napoleon-armengol.com\\\/conseguira-superar-el-coche-electrico-la-crisis-del-covid-19\\\/#primaryimage\",\"url\":\"https:\\\/\\\/napoleon-armengol.com\\\/wp-content\\\/uploads\\\/2020\\\/09\\\/coche-electrico.jpg\",\"contentUrl\":\"https:\\\/\\\/napoleon-armengol.com\\\/wp-content\\\/uploads\\\/2020\\\/09\\\/coche-electrico.jpg\",\"width\":626,\"height\":352},{\"@type\":\"BreadcrumbList\",\"@id\":\"https:\\\/\\\/napoleon-armengol.com\\\/conseguira-superar-el-coche-electrico-la-crisis-del-covid-19\\\/#breadcrumb\",\"itemListElement\":[{\"@type\":\"ListItem\",\"position\":1,\"name\":\"Portada\",\"item\":\"https:\\\/\\\/napoleon-armengol.com\\\/\"},{\"@type\":\"ListItem\",\"position\":2,\"name\":\"\u00bfConseguir\u00e1 superar el coche el\u00e9ctrico la crisis del COVID-19?\"}]},{\"@type\":\"WebSite\",\"@id\":\"https:\\\/\\\/napoleon-armengol.com\\\/#website\",\"url\":\"https:\\\/\\\/napoleon-armengol.com\\\/\",\"name\":\"Armengol\",\"description\":\"Seguridad y especializaci\u00f3n\",\"publisher\":{\"@id\":\"https:\\\/\\\/napoleon-armengol.com\\\/#organization\"},\"potentialAction\":[{\"@type\":\"SearchAction\",\"target\":{\"@type\":\"EntryPoint\",\"urlTemplate\":\"https:\\\/\\\/napoleon-armengol.com\\\/?s={search_term_string}\"},\"query-input\":{\"@type\":\"PropertyValueSpecification\",\"valueRequired\":true,\"valueName\":\"search_term_string\"}}],\"inLanguage\":\"fr-FR\"},{\"@type\":\"Organization\",\"@id\":\"https:\\\/\\\/napoleon-armengol.com\\\/#organization\",\"name\":\"Armengol\",\"url\":\"https:\\\/\\\/napoleon-armengol.com\\\/\",\"logo\":{\"@type\":\"ImageObject\",\"inLanguage\":\"fr-FR\",\"@id\":\"https:\\\/\\\/napoleon-armengol.com\\\/#\\\/schema\\\/logo\\\/image\\\/\",\"url\":\"https:\\\/\\\/napoleon-armengol.com\\\/wp-content\\\/uploads\\\/2023\\\/04\\\/LOGO-ARMENGOL.png\",\"contentUrl\":\"https:\\\/\\\/napoleon-armengol.com\\\/wp-content\\\/uploads\\\/2023\\\/04\\\/LOGO-ARMENGOL.png\",\"width\":460,\"height\":81,\"caption\":\"Armengol\"},\"image\":{\"@id\":\"https:\\\/\\\/napoleon-armengol.com\\\/#\\\/schema\\\/logo\\\/image\\\/\"}},{\"@type\":\"Person\",\"@id\":\"https:\\\/\\\/napoleon-armengol.com\\\/#\\\/schema\\\/person\\\/e558fc54676c8886a95c89646b733a67\",\"name\":\"admin\",\"sameAs\":[\"http:\\\/\\\/napoleon-armengol.com\"],\"url\":\"https:\\\/\\\/napoleon-armengol.com\\\/fr\\\/author\\\/admin_5wnh1vf4\\\/\"}]}<\/script>\n<!-- \/ Yoast SEO plugin. -->","yoast_head_json":{"title":"\u00bfConseguir\u00e1 superar el coche el\u00e9ctrico la crisis del COVID-19? - Armengol","robots":{"index":"index","follow":"follow","max-snippet":"max-snippet:-1","max-image-preview":"max-image-preview:large","max-video-preview":"max-video-preview:-1"},"canonical":"https:\/\/napoleon-armengol.com\/fr\/conseguira-superar-el-coche-electrico-la-crisis-del-covid-19\/","og_locale":"fr_FR","og_type":"article","og_title":"\u00bfConseguir\u00e1 superar el coche el\u00e9ctrico la crisis del COVID-19? - Armengol","og_description":"Este a\u00f1o 2020 ha supuesto un punto de inflexi\u00f3n para muchos sectores, ya que se han visto afectados de una u otra manera. El coche el\u00e9ctrico tambi\u00e9n se ha visto perjudicado por la crisis sanitaria y econ\u00f3mica que se ha producido, ya que la venta de veh\u00edculos el\u00e9ctricos, pese a haber crecido a finales de...","og_url":"https:\/\/napoleon-armengol.com\/fr\/conseguira-superar-el-coche-electrico-la-crisis-del-covid-19\/","og_site_name":"Armengol","article_published_time":"2020-09-17T07:43:21+00:00","article_modified_time":"2024-01-24T11:20:25+00:00","og_image":[{"width":626,"height":352,"url":"https:\/\/napoleon-armengol.com\/wp-content\/uploads\/2020\/09\/coche-electrico.jpg","type":"image\/jpeg"}],"author":"admin","twitter_card":"summary_large_image","twitter_misc":{"\u00c9crit par":"admin","Dur\u00e9e de lecture estim\u00e9e":"2 minutes"},"schema":{"@context":"https:\/\/schema.org","@graph":[{"@type":"Article","@id":"https:\/\/napoleon-armengol.com\/conseguira-superar-el-coche-electrico-la-crisis-del-covid-19\/#article","isPartOf":{"@id":"https:\/\/napoleon-armengol.com\/conseguira-superar-el-coche-electrico-la-crisis-del-covid-19\/"},"author":{"name":"admin","@id":"https:\/\/napoleon-armengol.com\/#\/schema\/person\/e558fc54676c8886a95c89646b733a67"},"headline":"\u00bfConseguir\u00e1 superar el coche el\u00e9ctrico la crisis del COVID-19?","datePublished":"2020-09-17T07:43:21+00:00","dateModified":"2024-01-24T11:20:25+00:00","mainEntityOfPage":{"@id":"https:\/\/napoleon-armengol.com\/conseguira-superar-el-coche-electrico-la-crisis-del-covid-19\/"},"wordCount":508,"publisher":{"@id":"https:\/\/napoleon-armengol.com\/#organization"},"image":{"@id":"https:\/\/napoleon-armengol.com\/conseguira-superar-el-coche-electrico-la-crisis-del-covid-19\/#primaryimage"},"thumbnailUrl":"https:\/\/napoleon-armengol.com\/wp-content\/uploads\/2020\/09\/coche-electrico.jpg","keywords":["Coche el\u00e9ctrico","coronavirus","econom\u00eda","movilidad el\u00e9ctrica"],"articleSection":["Coche el\u00e9trico"],"inLanguage":"fr-FR"},{"@type":"WebPage","@id":"https:\/\/napoleon-armengol.com\/conseguira-superar-el-coche-electrico-la-crisis-del-covid-19\/","url":"https:\/\/napoleon-armengol.com\/conseguira-superar-el-coche-electrico-la-crisis-del-covid-19\/","name":"\u00bfConseguir\u00e1 superar el coche el\u00e9ctrico la crisis del COVID-19? - Armengol","isPartOf":{"@id":"https:\/\/napoleon-armengol.com\/#website"},"primaryImageOfPage":{"@id":"https:\/\/napoleon-armengol.com\/conseguira-superar-el-coche-electrico-la-crisis-del-covid-19\/#primaryimage"},"image":{"@id":"https:\/\/napoleon-armengol.com\/conseguira-superar-el-coche-electrico-la-crisis-del-covid-19\/#primaryimage"},"thumbnailUrl":"https:\/\/napoleon-armengol.com\/wp-content\/uploads\/2020\/09\/coche-electrico.jpg","datePublished":"2020-09-17T07:43:21+00:00","dateModified":"2024-01-24T11:20:25+00:00","breadcrumb":{"@id":"https:\/\/napoleon-armengol.com\/conseguira-superar-el-coche-electrico-la-crisis-del-covid-19\/#breadcrumb"},"inLanguage":"fr-FR","potentialAction":[{"@type":"ReadAction","target":["https:\/\/napoleon-armengol.com\/conseguira-superar-el-coche-electrico-la-crisis-del-covid-19\/"]}]},{"@type":"ImageObject","inLanguage":"fr-FR","@id":"https:\/\/napoleon-armengol.com\/conseguira-superar-el-coche-electrico-la-crisis-del-covid-19\/#primaryimage","url":"https:\/\/napoleon-armengol.com\/wp-content\/uploads\/2020\/09\/coche-electrico.jpg","contentUrl":"https:\/\/napoleon-armengol.com\/wp-content\/uploads\/2020\/09\/coche-electrico.jpg","width":626,"height":352},{"@type":"BreadcrumbList","@id":"https:\/\/napoleon-armengol.com\/conseguira-superar-el-coche-electrico-la-crisis-del-covid-19\/#breadcrumb","itemListElement":[{"@type":"ListItem","position":1,"name":"Portada","item":"https:\/\/napoleon-armengol.com\/"},{"@type":"ListItem","position":2,"name":"\u00bfConseguir\u00e1 superar el coche el\u00e9ctrico la crisis del COVID-19?"}]},{"@type":"WebSite","@id":"https:\/\/napoleon-armengol.com\/#website","url":"https:\/\/napoleon-armengol.com\/","name":"Armengol","description":"Seguridad y especializaci\u00f3n","publisher":{"@id":"https:\/\/napoleon-armengol.com\/#organization"},"potentialAction":[{"@type":"SearchAction","target":{"@type":"EntryPoint","urlTemplate":"https:\/\/napoleon-armengol.com\/?s={search_term_string}"},"query-input":{"@type":"PropertyValueSpecification","valueRequired":true,"valueName":"search_term_string"}}],"inLanguage":"fr-FR"},{"@type":"Organization","@id":"https:\/\/napoleon-armengol.com\/#organization","name":"Armengol","url":"https:\/\/napoleon-armengol.com\/","logo":{"@type":"ImageObject","inLanguage":"fr-FR","@id":"https:\/\/napoleon-armengol.com\/#\/schema\/logo\/image\/","url":"https:\/\/napoleon-armengol.com\/wp-content\/uploads\/2023\/04\/LOGO-ARMENGOL.png","contentUrl":"https:\/\/napoleon-armengol.com\/wp-content\/uploads\/2023\/04\/LOGO-ARMENGOL.png","width":460,"height":81,"caption":"Armengol"},"image":{"@id":"https:\/\/napoleon-armengol.com\/#\/schema\/logo\/image\/"}},{"@type":"Person","@id":"https:\/\/napoleon-armengol.com\/#\/schema\/person\/e558fc54676c8886a95c89646b733a67","name":"admin","sameAs":["http:\/\/napoleon-armengol.com"],"url":"https:\/\/napoleon-armengol.com\/fr\/author\/admin_5wnh1vf4\/"}]}},"taxonomy_info":{"category":[{"value":68,"label":"Coche el\u00e9trico"}],"post_tag":[{"value":95,"label":"Coche el\u00e9ctrico"},{"value":431,"label":"coronavirus"},{"value":159,"label":"econom\u00eda"},{"value":100,"label":"movilidad el\u00e9ctrica"}]},"featured_image_src_large":["https:\/\/napoleon-armengol.com\/wp-content\/uploads\/2020\/09\/coche-electrico.jpg",626,352,false],"author_info":{"display_name":"admin","author_link":"https:\/\/napoleon-armengol.com\/fr\/author\/admin_5wnh1vf4\/"},"comment_info":0,"category_info":[{"term_id":68,"name":"Coche el\u00e9trico","slug":"coche-eletrico","term_group":0,"term_taxonomy_id":68,"taxonomy":"category","description":"","parent":0,"count":63,"filter":"raw","term_order":"0","cat_ID":68,"category_count":63,"category_description":"","cat_name":"Coche el\u00e9trico","category_nicename":"coche-eletrico","category_parent":0}],"tag_info":[{"term_id":95,"name":"Coche el\u00e9ctrico","slug":"coche-electrico","term_group":0,"term_taxonomy_id":95,"taxonomy":"post_tag","description":"","parent":0,"count":45,"filter":"raw","term_order":"0"},{"term_id":431,"name":"coronavirus","slug":"coronavirus","term_group":0,"term_taxonomy_id":431,"taxonomy":"post_tag","description":"","parent":0,"count":3,"filter":"raw","term_order":"0"},{"term_id":159,"name":"econom\u00eda","slug":"economia","term_group":0,"term_taxonomy_id":159,"taxonomy":"post_tag","description":"","parent":0,"count":11,"filter":"raw","term_order":"0"},{"term_id":100,"name":"movilidad el\u00e9ctrica","slug":"movilidad-electrica","term_group":0,"term_taxonomy_id":100,"taxonomy":"post_tag","description":"","parent":0,"count":41,"filter":"raw","term_order":"0"}],"_links":{"self":[{"href":"https:\/\/napoleon-armengol.com\/fr\/wp-json\/wp\/v2\/posts\/2016","targetHints":{"allow":["GET"]}}],"collection":[{"href":"https:\/\/napoleon-armengol.com\/fr\/wp-json\/wp\/v2\/posts"}],"about":[{"href":"https:\/\/napoleon-armengol.com\/fr\/wp-json\/wp\/v2\/types\/post"}],"author":[{"embeddable":true,"href":"https:\/\/napoleon-armengol.com\/fr\/wp-json\/wp\/v2\/users\/1"}],"replies":[{"embeddable":true,"href":"https:\/\/napoleon-armengol.com\/fr\/wp-json\/wp\/v2\/comments?post=2016"}],"version-history":[{"count":1,"href":"https:\/\/napoleon-armengol.com\/fr\/wp-json\/wp\/v2\/posts\/2016\/revisions"}],"predecessor-version":[{"id":2266,"href":"https:\/\/napoleon-armengol.com\/fr\/wp-json\/wp\/v2\/posts\/2016\/revisions\/2266"}],"wp:featuredmedia":[{"embeddable":true,"href":"https:\/\/napoleon-armengol.com\/fr\/wp-json\/wp\/v2\/media\/1845"}],"wp:attachment":[{"href":"https:\/\/napoleon-armengol.com\/fr\/wp-json\/wp\/v2\/media?parent=2016"}],"wp:term":[{"taxonomy":"category","embeddable":true,"href":"https:\/\/napoleon-armengol.com\/fr\/wp-json\/wp\/v2\/categories?post=2016"},{"taxonomy":"post_tag","embeddable":true,"href":"https:\/\/napoleon-armengol.com\/fr\/wp-json\/wp\/v2\/tags?post=2016"}],"curies":[{"name":"wp","href":"https:\/\/api.w.org\/{rel}","templated":true}]}}