{"id":2021,"date":"2020-11-06T12:11:02","date_gmt":"2020-11-06T12:11:02","guid":{"rendered":"http:\/\/blog-napoleon-armengol.com\/?p=694"},"modified":"2024-01-24T12:20:04","modified_gmt":"2024-01-24T11:20:04","slug":"como-es-la-plataforma-para-coches-electricos-de-renault","status":"publish","type":"post","link":"https:\/\/napoleon-armengol.com\/fr\/como-es-la-plataforma-para-coches-electricos-de-renault\/","title":{"rendered":"\u00c0 quoi ressemble la plateforme de voitures \u00e9lectriques de Renault ?"},"content":{"rendered":"<p>Aujourd&#039;hui, nous parlons de Renault et de sa plateforme pour voitures \u00e9lectriques, qui s&#039;engage \u00e0 red\u00e9finir les cat\u00e9gories avec une proposition compacte et innovante. Nous parlons de M\u00e9gane eVision et de la nouvelle plateforme Renault CMF-EV, qui sont un excellent exemple de la fa\u00e7on dont les v\u00e9hicules \u00e9lectriques vont modifier les cat\u00e9gories que nous connaissions jusqu&#039;\u00e0 pr\u00e9sent, en \u00e9liminant le besoin de certains composants et en jouant avec l&#039;espace pour le moment. concevoir ce type de v\u00e9hicules.<\/p>\n\n\n\n<p>De par les dimensions qu&#039;il pr\u00e9sente, c&#039;est un coup\u00e9 compact, mais si l&#039;on parle de l&#039;int\u00e9rieur, il est digne du segment C. C&#039;est un mod\u00e8le compl\u00e8tement innovant, qui peut changer le paradigme de la construction de v\u00e9hicules \u00e9lectriques et qui a la batterie la plus fine du march\u00e9 que nous connaissions \u00e0 ce jour. Sa carrosserie est tr\u00e8s compacte, mesurant 4,21 m\u00e8tres, mais son espace est typique d&#039;un v\u00e9hicule du segment C.<\/p>\n\n\n\n<p>Il s&#039;agit d&#039;un v\u00e9hicule \u00e9lectrique qui m\u00e9lange concepts urbains, coup\u00e9s et SUV, avec un design similaire \u00e0 l&#039;actuelle M\u00e9gane, mais avec des lignes plus modernes. L&#039;eVision pr\u00e9sente une augmentation de 10 centim\u00e8tres entre l&#039;entraxe si on la compare \u00e0 la M\u00e9gane actuelle, \u00e9tant \u00e9galement un mod\u00e8le plus court, avec une longueur de 4,21 m\u00e8tres par rapport aux 4,36 m\u00e8tres de la M\u00e9gane \u00e0 combustion. Sa largeur est de 1,8 m\u00e8tres et son habitabilit\u00e9 est digne de mod\u00e8les plus longs, c&#039;est pourquoi il forme un design diff\u00e9rent et innovant qui attire l&#039;attention.<\/p>\n\n\n\n<h2 class=\"wp-block-heading\"><strong>Une plateforme tr\u00e8s innovante<\/strong><\/h2>\n\n\n\n<p>La plate-forme modulaire CMF-EV est responsable de cette nouvelle conception, qui promet des propositions v\u00e9ritablement innovantes telles que les batteries les plus fines et des dimensions compl\u00e8tement nouvelles des mod\u00e8les que l&#039;entreprise pr\u00e9sente habituellement. Cela permettra de produire des voitures \u00e9lectriques de diff\u00e9rentes tailles, en installant des batteries \u00e0 diff\u00e9rentes hauteurs afin de d\u00e9velopper des SUV ou des berlines surbaiss\u00e9es.<\/p>\n\n\n\n<p>La M\u00e9gane eVision dispose d&#039;une autonomie de 450 km\/heure, de 214 ch et d&#039;une batterie de 60 kWh, m\u00eame si elle peut \u00eatre adapt\u00e9e selon les pr\u00e9f\u00e9rences du constructeur. Il s&#039;agit d&#039;un design plat sans syst\u00e8me d&#039;\u00e9chappement qui offre un maximum d&#039;espace pour l&#039;int\u00e9rieur. La batterie est plac\u00e9e sous le plancher de la cabine et on obtient un int\u00e9rieur beaucoup plus spacieux dans le v\u00e9hicule, rendant possible plus de formats et de tailles et la redistribution de certains composants, \u00e9tant un mod\u00e8le qui promet un espace jusqu&#039;\u00e0 60% plus grand que le conventionnel. une voiture du segment A.<\/p>\n\n\n\n<p>Cette plateforme CMF-EV apporte \u00e9galement des avantages en termes de performances, avec un centre de gravit\u00e9 plus bas et une direction am\u00e9lior\u00e9e pour offrir une conduite beaucoup plus douce et plus l\u00e9g\u00e8re. Avec le d\u00e9fi d\u2019optimiser la r\u00e9partition de l\u2019espace et du poids et de fabriquer des batteries plus fines, Renault se positionne comme l\u2019une des marques leaders dans la fabrication de v\u00e9hicules \u00e9lectriques.<\/p>","protected":false},"excerpt":{"rendered":"<p>Hoy hablamos de Renault y de su plataforma para coches el\u00e9ctricos, la cual apuesta por redefinir las categor\u00edas con una propuesta compacta e innovadora. Hablamos de M\u00e9gane eVision y la nueva plataforma de Renault CMF-EV, las cuales son un gran ejemplo de c\u00f3mo los veh\u00edculos el\u00e9ctricos van a modificar las categor\u00edas que conoc\u00edamos hasta la&#8230;<\/p>","protected":false},"author":1,"featured_media":1850,"comment_status":"closed","ping_status":"closed","sticky":false,"template":"","format":"standard","meta":{"_acf_changed":false,"_kad_blocks_custom_css":"","_kad_blocks_head_custom_js":"","_kad_blocks_body_custom_js":"","_kad_blocks_footer_custom_js":"","_kad_post_transparent":"","_kad_post_title":"","_kad_post_layout":"","_kad_post_sidebar_id":"","_kad_post_content_style":"","_kad_post_vertical_padding":"","_kad_post_feature":"","_kad_post_feature_position":"","_kad_post_header":false,"_kad_post_footer":false,"footnotes":""},"categories":[68],"tags":[95,468,469,100],"class_list":["post-2021","post","type-post","status-publish","format-standard","has-post-thumbnail","hentry","category-coche-eletrico","tag-coche-electrico","tag-fabricacion-coche-electrico","tag-megane-evision","tag-movilidad-electrica"],"acf":[],"yoast_head":"<!-- This site is optimized with the Yoast SEO plugin v27.4 - https:\/\/yoast.com\/product\/yoast-seo-wordpress\/ -->\n<title>\u00bfC\u00f3mo es la plataforma para coches el\u00e9ctricos de Renault? - Armengol<\/title>\n<meta name=\"robots\" content=\"index, follow, max-snippet:-1, max-image-preview:large, max-video-preview:-1\" \/>\n<link rel=\"canonical\" href=\"https:\/\/napoleon-armengol.com\/fr\/como-es-la-plataforma-para-coches-electricos-de-renault\/\" \/>\n<meta property=\"og:locale\" content=\"fr_FR\" \/>\n<meta property=\"og:type\" content=\"article\" \/>\n<meta property=\"og:title\" content=\"\u00bfC\u00f3mo es la plataforma para coches el\u00e9ctricos de Renault? - Armengol\" \/>\n<meta property=\"og:description\" content=\"Hoy hablamos de Renault y de su plataforma para coches el\u00e9ctricos, la cual apuesta por redefinir las categor\u00edas con una propuesta compacta e innovadora. Hablamos de M\u00e9gane eVision y la nueva plataforma de Renault CMF-EV, las cuales son un gran ejemplo de c\u00f3mo los veh\u00edculos el\u00e9ctricos van a modificar las categor\u00edas que conoc\u00edamos hasta la...\" \/>\n<meta property=\"og:url\" content=\"https:\/\/napoleon-armengol.com\/fr\/como-es-la-plataforma-para-coches-electricos-de-renault\/\" \/>\n<meta property=\"og:site_name\" content=\"Armengol\" \/>\n<meta property=\"article:published_time\" content=\"2020-11-06T12:11:02+00:00\" \/>\n<meta property=\"article:modified_time\" content=\"2024-01-24T11:20:04+00:00\" \/>\n<meta property=\"og:image\" content=\"https:\/\/napoleon-armengol.com\/wp-content\/uploads\/2020\/11\/megane.png\" \/>\n\t<meta property=\"og:image:width\" content=\"1280\" \/>\n\t<meta property=\"og:image:height\" content=\"699\" \/>\n\t<meta property=\"og:image:type\" content=\"image\/png\" \/>\n<meta name=\"author\" content=\"admin\" \/>\n<meta name=\"twitter:card\" content=\"summary_large_image\" \/>\n<meta name=\"twitter:label1\" content=\"\u00c9crit par\" \/>\n\t<meta name=\"twitter:data1\" content=\"admin\" \/>\n\t<meta name=\"twitter:label2\" content=\"Dur\u00e9e de lecture estim\u00e9e\" \/>\n\t<meta name=\"twitter:data2\" content=\"3 minutes\" \/>\n<script type=\"application\/ld+json\" class=\"yoast-schema-graph\">{\"@context\":\"https:\\\/\\\/schema.org\",\"@graph\":[{\"@type\":\"Article\",\"@id\":\"https:\\\/\\\/napoleon-armengol.com\\\/como-es-la-plataforma-para-coches-electricos-de-renault\\\/#article\",\"isPartOf\":{\"@id\":\"https:\\\/\\\/napoleon-armengol.com\\\/como-es-la-plataforma-para-coches-electricos-de-renault\\\/\"},\"author\":{\"name\":\"admin\",\"@id\":\"https:\\\/\\\/napoleon-armengol.com\\\/#\\\/schema\\\/person\\\/e558fc54676c8886a95c89646b733a67\"},\"headline\":\"\u00bfC\u00f3mo es la plataforma para coches el\u00e9ctricos de Renault?\",\"datePublished\":\"2020-11-06T12:11:02+00:00\",\"dateModified\":\"2024-01-24T11:20:04+00:00\",\"mainEntityOfPage\":{\"@id\":\"https:\\\/\\\/napoleon-armengol.com\\\/como-es-la-plataforma-para-coches-electricos-de-renault\\\/\"},\"wordCount\":534,\"publisher\":{\"@id\":\"https:\\\/\\\/napoleon-armengol.com\\\/#organization\"},\"image\":{\"@id\":\"https:\\\/\\\/napoleon-armengol.com\\\/como-es-la-plataforma-para-coches-electricos-de-renault\\\/#primaryimage\"},\"thumbnailUrl\":\"https:\\\/\\\/napoleon-armengol.com\\\/wp-content\\\/uploads\\\/2020\\\/11\\\/megane.png\",\"keywords\":[\"Coche el\u00e9ctrico\",\"fabricaci\u00f3n coche el\u00e9ctrico\",\"M\u00e9gane eVision\",\"movilidad el\u00e9ctrica\"],\"articleSection\":[\"Coche el\u00e9trico\"],\"inLanguage\":\"fr-FR\"},{\"@type\":\"WebPage\",\"@id\":\"https:\\\/\\\/napoleon-armengol.com\\\/como-es-la-plataforma-para-coches-electricos-de-renault\\\/\",\"url\":\"https:\\\/\\\/napoleon-armengol.com\\\/como-es-la-plataforma-para-coches-electricos-de-renault\\\/\",\"name\":\"\u00bfC\u00f3mo es la plataforma para coches el\u00e9ctricos de Renault? - Armengol\",\"isPartOf\":{\"@id\":\"https:\\\/\\\/napoleon-armengol.com\\\/#website\"},\"primaryImageOfPage\":{\"@id\":\"https:\\\/\\\/napoleon-armengol.com\\\/como-es-la-plataforma-para-coches-electricos-de-renault\\\/#primaryimage\"},\"image\":{\"@id\":\"https:\\\/\\\/napoleon-armengol.com\\\/como-es-la-plataforma-para-coches-electricos-de-renault\\\/#primaryimage\"},\"thumbnailUrl\":\"https:\\\/\\\/napoleon-armengol.com\\\/wp-content\\\/uploads\\\/2020\\\/11\\\/megane.png\",\"datePublished\":\"2020-11-06T12:11:02+00:00\",\"dateModified\":\"2024-01-24T11:20:04+00:00\",\"breadcrumb\":{\"@id\":\"https:\\\/\\\/napoleon-armengol.com\\\/como-es-la-plataforma-para-coches-electricos-de-renault\\\/#breadcrumb\"},\"inLanguage\":\"fr-FR\",\"potentialAction\":[{\"@type\":\"ReadAction\",\"target\":[\"https:\\\/\\\/napoleon-armengol.com\\\/como-es-la-plataforma-para-coches-electricos-de-renault\\\/\"]}]},{\"@type\":\"ImageObject\",\"inLanguage\":\"fr-FR\",\"@id\":\"https:\\\/\\\/napoleon-armengol.com\\\/como-es-la-plataforma-para-coches-electricos-de-renault\\\/#primaryimage\",\"url\":\"https:\\\/\\\/napoleon-armengol.com\\\/wp-content\\\/uploads\\\/2020\\\/11\\\/megane.png\",\"contentUrl\":\"https:\\\/\\\/napoleon-armengol.com\\\/wp-content\\\/uploads\\\/2020\\\/11\\\/megane.png\",\"width\":1280,\"height\":699},{\"@type\":\"BreadcrumbList\",\"@id\":\"https:\\\/\\\/napoleon-armengol.com\\\/como-es-la-plataforma-para-coches-electricos-de-renault\\\/#breadcrumb\",\"itemListElement\":[{\"@type\":\"ListItem\",\"position\":1,\"name\":\"Portada\",\"item\":\"https:\\\/\\\/napoleon-armengol.com\\\/\"},{\"@type\":\"ListItem\",\"position\":2,\"name\":\"\u00bfC\u00f3mo es la plataforma para coches el\u00e9ctricos de Renault?\"}]},{\"@type\":\"WebSite\",\"@id\":\"https:\\\/\\\/napoleon-armengol.com\\\/#website\",\"url\":\"https:\\\/\\\/napoleon-armengol.com\\\/\",\"name\":\"Armengol\",\"description\":\"Seguridad y especializaci\u00f3n\",\"publisher\":{\"@id\":\"https:\\\/\\\/napoleon-armengol.com\\\/#organization\"},\"potentialAction\":[{\"@type\":\"SearchAction\",\"target\":{\"@type\":\"EntryPoint\",\"urlTemplate\":\"https:\\\/\\\/napoleon-armengol.com\\\/?s={search_term_string}\"},\"query-input\":{\"@type\":\"PropertyValueSpecification\",\"valueRequired\":true,\"valueName\":\"search_term_string\"}}],\"inLanguage\":\"fr-FR\"},{\"@type\":\"Organization\",\"@id\":\"https:\\\/\\\/napoleon-armengol.com\\\/#organization\",\"name\":\"Armengol\",\"url\":\"https:\\\/\\\/napoleon-armengol.com\\\/\",\"logo\":{\"@type\":\"ImageObject\",\"inLanguage\":\"fr-FR\",\"@id\":\"https:\\\/\\\/napoleon-armengol.com\\\/#\\\/schema\\\/logo\\\/image\\\/\",\"url\":\"https:\\\/\\\/napoleon-armengol.com\\\/wp-content\\\/uploads\\\/2023\\\/04\\\/LOGO-ARMENGOL.png\",\"contentUrl\":\"https:\\\/\\\/napoleon-armengol.com\\\/wp-content\\\/uploads\\\/2023\\\/04\\\/LOGO-ARMENGOL.png\",\"width\":460,\"height\":81,\"caption\":\"Armengol\"},\"image\":{\"@id\":\"https:\\\/\\\/napoleon-armengol.com\\\/#\\\/schema\\\/logo\\\/image\\\/\"}},{\"@type\":\"Person\",\"@id\":\"https:\\\/\\\/napoleon-armengol.com\\\/#\\\/schema\\\/person\\\/e558fc54676c8886a95c89646b733a67\",\"name\":\"admin\",\"sameAs\":[\"http:\\\/\\\/napoleon-armengol.com\"],\"url\":\"https:\\\/\\\/napoleon-armengol.com\\\/fr\\\/author\\\/admin_5wnh1vf4\\\/\"}]}<\/script>\n<!-- \/ Yoast SEO plugin. -->","yoast_head_json":{"title":"\u00bfC\u00f3mo es la plataforma para coches el\u00e9ctricos de Renault? - Armengol","robots":{"index":"index","follow":"follow","max-snippet":"max-snippet:-1","max-image-preview":"max-image-preview:large","max-video-preview":"max-video-preview:-1"},"canonical":"https:\/\/napoleon-armengol.com\/fr\/como-es-la-plataforma-para-coches-electricos-de-renault\/","og_locale":"fr_FR","og_type":"article","og_title":"\u00bfC\u00f3mo es la plataforma para coches el\u00e9ctricos de Renault? - Armengol","og_description":"Hoy hablamos de Renault y de su plataforma para coches el\u00e9ctricos, la cual apuesta por redefinir las categor\u00edas con una propuesta compacta e innovadora. Hablamos de M\u00e9gane eVision y la nueva plataforma de Renault CMF-EV, las cuales son un gran ejemplo de c\u00f3mo los veh\u00edculos el\u00e9ctricos van a modificar las categor\u00edas que conoc\u00edamos hasta la...","og_url":"https:\/\/napoleon-armengol.com\/fr\/como-es-la-plataforma-para-coches-electricos-de-renault\/","og_site_name":"Armengol","article_published_time":"2020-11-06T12:11:02+00:00","article_modified_time":"2024-01-24T11:20:04+00:00","og_image":[{"width":1280,"height":699,"url":"https:\/\/napoleon-armengol.com\/wp-content\/uploads\/2020\/11\/megane.png","type":"image\/png"}],"author":"admin","twitter_card":"summary_large_image","twitter_misc":{"\u00c9crit par":"admin","Dur\u00e9e de lecture estim\u00e9e":"3 minutes"},"schema":{"@context":"https:\/\/schema.org","@graph":[{"@type":"Article","@id":"https:\/\/napoleon-armengol.com\/como-es-la-plataforma-para-coches-electricos-de-renault\/#article","isPartOf":{"@id":"https:\/\/napoleon-armengol.com\/como-es-la-plataforma-para-coches-electricos-de-renault\/"},"author":{"name":"admin","@id":"https:\/\/napoleon-armengol.com\/#\/schema\/person\/e558fc54676c8886a95c89646b733a67"},"headline":"\u00bfC\u00f3mo es la plataforma para coches el\u00e9ctricos de Renault?","datePublished":"2020-11-06T12:11:02+00:00","dateModified":"2024-01-24T11:20:04+00:00","mainEntityOfPage":{"@id":"https:\/\/napoleon-armengol.com\/como-es-la-plataforma-para-coches-electricos-de-renault\/"},"wordCount":534,"publisher":{"@id":"https:\/\/napoleon-armengol.com\/#organization"},"image":{"@id":"https:\/\/napoleon-armengol.com\/como-es-la-plataforma-para-coches-electricos-de-renault\/#primaryimage"},"thumbnailUrl":"https:\/\/napoleon-armengol.com\/wp-content\/uploads\/2020\/11\/megane.png","keywords":["Coche el\u00e9ctrico","fabricaci\u00f3n coche el\u00e9ctrico","M\u00e9gane eVision","movilidad el\u00e9ctrica"],"articleSection":["Coche el\u00e9trico"],"inLanguage":"fr-FR"},{"@type":"WebPage","@id":"https:\/\/napoleon-armengol.com\/como-es-la-plataforma-para-coches-electricos-de-renault\/","url":"https:\/\/napoleon-armengol.com\/como-es-la-plataforma-para-coches-electricos-de-renault\/","name":"\u00bfC\u00f3mo es la plataforma para coches el\u00e9ctricos de Renault? - Armengol","isPartOf":{"@id":"https:\/\/napoleon-armengol.com\/#website"},"primaryImageOfPage":{"@id":"https:\/\/napoleon-armengol.com\/como-es-la-plataforma-para-coches-electricos-de-renault\/#primaryimage"},"image":{"@id":"https:\/\/napoleon-armengol.com\/como-es-la-plataforma-para-coches-electricos-de-renault\/#primaryimage"},"thumbnailUrl":"https:\/\/napoleon-armengol.com\/wp-content\/uploads\/2020\/11\/megane.png","datePublished":"2020-11-06T12:11:02+00:00","dateModified":"2024-01-24T11:20:04+00:00","breadcrumb":{"@id":"https:\/\/napoleon-armengol.com\/como-es-la-plataforma-para-coches-electricos-de-renault\/#breadcrumb"},"inLanguage":"fr-FR","potentialAction":[{"@type":"ReadAction","target":["https:\/\/napoleon-armengol.com\/como-es-la-plataforma-para-coches-electricos-de-renault\/"]}]},{"@type":"ImageObject","inLanguage":"fr-FR","@id":"https:\/\/napoleon-armengol.com\/como-es-la-plataforma-para-coches-electricos-de-renault\/#primaryimage","url":"https:\/\/napoleon-armengol.com\/wp-content\/uploads\/2020\/11\/megane.png","contentUrl":"https:\/\/napoleon-armengol.com\/wp-content\/uploads\/2020\/11\/megane.png","width":1280,"height":699},{"@type":"BreadcrumbList","@id":"https:\/\/napoleon-armengol.com\/como-es-la-plataforma-para-coches-electricos-de-renault\/#breadcrumb","itemListElement":[{"@type":"ListItem","position":1,"name":"Portada","item":"https:\/\/napoleon-armengol.com\/"},{"@type":"ListItem","position":2,"name":"\u00bfC\u00f3mo es la plataforma para coches el\u00e9ctricos de Renault?"}]},{"@type":"WebSite","@id":"https:\/\/napoleon-armengol.com\/#website","url":"https:\/\/napoleon-armengol.com\/","name":"Armengol","description":"Seguridad y especializaci\u00f3n","publisher":{"@id":"https:\/\/napoleon-armengol.com\/#organization"},"potentialAction":[{"@type":"SearchAction","target":{"@type":"EntryPoint","urlTemplate":"https:\/\/napoleon-armengol.com\/?s={search_term_string}"},"query-input":{"@type":"PropertyValueSpecification","valueRequired":true,"valueName":"search_term_string"}}],"inLanguage":"fr-FR"},{"@type":"Organization","@id":"https:\/\/napoleon-armengol.com\/#organization","name":"Armengol","url":"https:\/\/napoleon-armengol.com\/","logo":{"@type":"ImageObject","inLanguage":"fr-FR","@id":"https:\/\/napoleon-armengol.com\/#\/schema\/logo\/image\/","url":"https:\/\/napoleon-armengol.com\/wp-content\/uploads\/2023\/04\/LOGO-ARMENGOL.png","contentUrl":"https:\/\/napoleon-armengol.com\/wp-content\/uploads\/2023\/04\/LOGO-ARMENGOL.png","width":460,"height":81,"caption":"Armengol"},"image":{"@id":"https:\/\/napoleon-armengol.com\/#\/schema\/logo\/image\/"}},{"@type":"Person","@id":"https:\/\/napoleon-armengol.com\/#\/schema\/person\/e558fc54676c8886a95c89646b733a67","name":"admin","sameAs":["http:\/\/napoleon-armengol.com"],"url":"https:\/\/napoleon-armengol.com\/fr\/author\/admin_5wnh1vf4\/"}]}},"taxonomy_info":{"category":[{"value":68,"label":"Coche el\u00e9trico"}],"post_tag":[{"value":95,"label":"Coche el\u00e9ctrico"},{"value":468,"label":"fabricaci\u00f3n coche el\u00e9ctrico"},{"value":469,"label":"M\u00e9gane eVision"},{"value":100,"label":"movilidad el\u00e9ctrica"}]},"featured_image_src_large":["https:\/\/napoleon-armengol.com\/wp-content\/uploads\/2020\/11\/megane-1024x559.png",1024,559,true],"author_info":{"display_name":"admin","author_link":"https:\/\/napoleon-armengol.com\/fr\/author\/admin_5wnh1vf4\/"},"comment_info":0,"category_info":[{"term_id":68,"name":"Coche el\u00e9trico","slug":"coche-eletrico","term_group":0,"term_taxonomy_id":68,"taxonomy":"category","description":"","parent":0,"count":63,"filter":"raw","term_order":"0","cat_ID":68,"category_count":63,"category_description":"","cat_name":"Coche el\u00e9trico","category_nicename":"coche-eletrico","category_parent":0}],"tag_info":[{"term_id":95,"name":"Coche el\u00e9ctrico","slug":"coche-electrico","term_group":0,"term_taxonomy_id":95,"taxonomy":"post_tag","description":"","parent":0,"count":45,"filter":"raw","term_order":"0"},{"term_id":468,"name":"fabricaci\u00f3n coche el\u00e9ctrico","slug":"fabricacion-coche-electrico","term_group":0,"term_taxonomy_id":468,"taxonomy":"post_tag","description":"","parent":0,"count":1,"filter":"raw","term_order":"0"},{"term_id":469,"name":"M\u00e9gane eVision","slug":"megane-evision","term_group":0,"term_taxonomy_id":469,"taxonomy":"post_tag","description":"","parent":0,"count":1,"filter":"raw","term_order":"0"},{"term_id":100,"name":"movilidad el\u00e9ctrica","slug":"movilidad-electrica","term_group":0,"term_taxonomy_id":100,"taxonomy":"post_tag","description":"","parent":0,"count":41,"filter":"raw","term_order":"0"}],"_links":{"self":[{"href":"https:\/\/napoleon-armengol.com\/fr\/wp-json\/wp\/v2\/posts\/2021","targetHints":{"allow":["GET"]}}],"collection":[{"href":"https:\/\/napoleon-armengol.com\/fr\/wp-json\/wp\/v2\/posts"}],"about":[{"href":"https:\/\/napoleon-armengol.com\/fr\/wp-json\/wp\/v2\/types\/post"}],"author":[{"embeddable":true,"href":"https:\/\/napoleon-armengol.com\/fr\/wp-json\/wp\/v2\/users\/1"}],"replies":[{"embeddable":true,"href":"https:\/\/napoleon-armengol.com\/fr\/wp-json\/wp\/v2\/comments?post=2021"}],"version-history":[{"count":1,"href":"https:\/\/napoleon-armengol.com\/fr\/wp-json\/wp\/v2\/posts\/2021\/revisions"}],"predecessor-version":[{"id":2261,"href":"https:\/\/napoleon-armengol.com\/fr\/wp-json\/wp\/v2\/posts\/2021\/revisions\/2261"}],"wp:featuredmedia":[{"embeddable":true,"href":"https:\/\/napoleon-armengol.com\/fr\/wp-json\/wp\/v2\/media\/1850"}],"wp:attachment":[{"href":"https:\/\/napoleon-armengol.com\/fr\/wp-json\/wp\/v2\/media?parent=2021"}],"wp:term":[{"taxonomy":"category","embeddable":true,"href":"https:\/\/napoleon-armengol.com\/fr\/wp-json\/wp\/v2\/categories?post=2021"},{"taxonomy":"post_tag","embeddable":true,"href":"https:\/\/napoleon-armengol.com\/fr\/wp-json\/wp\/v2\/tags?post=2021"}],"curies":[{"name":"wp","href":"https:\/\/api.w.org\/{rel}","templated":true}]}}