{"id":2022,"date":"2020-11-06T13:24:05","date_gmt":"2020-11-06T13:24:05","guid":{"rendered":"http:\/\/blog-napoleon-armengol.com\/?p=697"},"modified":"2024-01-24T12:20:00","modified_gmt":"2024-01-24T11:20:00","slug":"el-fabricante-de-automoviles-frances-psa-alerta-al-gobierno-de-la-necesidad-de-apostar-por-el-coche-electrico","status":"publish","type":"post","link":"https:\/\/napoleon-armengol.com\/fr\/el-fabricante-de-automoviles-frances-psa-alerta-al-gobierno-de-la-necesidad-de-apostar-por-el-coche-electrico\/","title":{"rendered":"Le constructeur automobile fran\u00e7ais PSA alerte le Gouvernement sur la n\u00e9cessit\u00e9 de miser sur la voiture \u00e9lectrique"},"content":{"rendered":"<p>Pour se conformer \u00e0 la r\u00e9glementation europ\u00e9enne sur les \u00e9missions de Co2 qui a d\u00e9j\u00e0 commenc\u00e9 en 2020, la fabrication de voitures \u00e9lectriques est une priorit\u00e9 absolue pour atteindre les objectifs fix\u00e9s et prot\u00e9ger l&#039;environnement. De cette mani\u00e8re, il s&#039;agit \u00e9galement de changer notre fa\u00e7on de nous d\u00e9placer, pour opter pour des options plus efficaces, durables et saines, comme les v\u00e9hicules \u00e9lectriques, les transports en commun, les v\u00e9los...<\/p>\n\n\n\n<p>Actuellement, seuls Renault et le Groupe PSA respectent la r\u00e9glementation des 95 g\/km fix\u00e9e pour cette ann\u00e9e et il est n\u00e9cessaire que davantage d&#039;entreprises rejoignent cette tendance, pour r\u00e9duire encore plus les \u00e9missions, si possible, pour atteindre 47,5 g\/km en 2030, ce qui signifierait la disparition des voitures \u00e0 essence et diesel.<\/p>\n\n\n\n<h2 class=\"wp-block-heading\"><strong>Quelle est la strat\u00e9gie de PSA pour atteindre ces objectifs ?<\/strong><\/h2>\n\n\n\n<p>Ils n&#039;ont pas encore expliqu\u00e9 exactement comment y parvenir, mais ils ont inform\u00e9 le gouvernement espagnol de la n\u00e9cessit\u00e9 d&#039;investir dans la voiture \u00e9lectrique et continuent d&#039;avancer dans leur fusion avec FCA, sous le nom de Stellantis, et les francs allemands progressent \u00e9galement. dans leur strat\u00e9gie d&#039;\u00e9lectrification, sachant que l&#039;une des deux options sera la cl\u00e9 pour se conformer \u00e0 la r\u00e9glementation sur les \u00e9missions de CO2 et ainsi atteindre une valeur diff\u00e9rentielle dans un avenir pas trop lointain.<\/p>\n\n\n\n<p>Actuellement, dans la gamme Citro\u00ebn, Peugot, Opel et SD Automobiles, nous pouvons trouver jusqu&#039;\u00e0 15 mod\u00e8les \u00e9lectrifi\u00e9s diff\u00e9rents, y compris des v\u00e9hicules utilitaires et des voitures particuli\u00e8res, il y a donc une grande vari\u00e9t\u00e9 de choix parmi un v\u00e9hicule \u00e9lectrique adapt\u00e9 \u00e0 vos besoins.<\/p>\n\n\n\n<p>Le travail de r\u00e9alisation de cette transition vers la mobilit\u00e9 appartient \u00e0 tous, pas seulement aux constructeurs, car le Groupe PSA est confront\u00e9 \u00e0 un probl\u00e8me, car la mise en \u0153uvre de ces technologies se heurte \u00e0 certains obstacles, dont certains proviennent de l&#039;inaction en mati\u00e8re d&#039;\u00e9lectromobilit\u00e9 en ce qui concerne le \u00c9tat.<\/p>\n\n\n\n<p>Il est n\u00e9cessaire de bien conna\u00eetre tous les avantages et caract\u00e9ristiques qu&#039;offre la voiture \u00e9lectrique pour que sa vente soit encourag\u00e9e, car actuellement il y a encore beaucoup de scepticisme en Espagne et beaucoup de gens h\u00e9sitent \u00e0 acheter un v\u00e9hicule \u00e9lectrique.<\/p>\n\n\n\n<p>Avec le changement de mentalit\u00e9 vers la mobilit\u00e9 durable et en r\u00e9alisant un investissement important pour cr\u00e9er des points de recharge en Espagne et tous types d&#039;aides li\u00e9es \u00e0 cet objectif, comme cela a \u00e9t\u00e9 r\u00e9alis\u00e9 avec le plan MOVESII, ils veilleront \u00e0 ce que l&#039;utilisation du v\u00e9hicule \u00e9lectrique devienne plus pr\u00e9sent. Et cela se traduit clairement par une excellente nouvelle pour l\u2019environnement : adopter un changement de mentalit\u00e9 dans l\u2019utilisation des transports lorsque nous voyageons, en connaissant le moyen de d\u00e9placement le plus durable et le plus efficace.<\/p>","protected":false},"excerpt":{"rendered":"<p>Para cumplir con las normativas de emisiones de Co2 en Europa que ya han comenzado este 2020, fabricar coches el\u00e9ctricos es una absoluta prioridad para conseguir los objetivos establecidos y proteger el medio ambiente. De este modo, se pretende tambi\u00e9n cambiar nuestra manera de desplazarnos, para optar por opciones m\u00e1s eficientes, sostenibles y saludables, como&#8230;<\/p>","protected":false},"author":1,"featured_media":1776,"comment_status":"closed","ping_status":"closed","sticky":false,"template":"","format":"standard","meta":{"_acf_changed":false,"_kad_blocks_custom_css":"","_kad_blocks_head_custom_js":"","_kad_blocks_body_custom_js":"","_kad_blocks_footer_custom_js":"","_kad_post_transparent":"","_kad_post_title":"","_kad_post_layout":"","_kad_post_sidebar_id":"","_kad_post_content_style":"","_kad_post_vertical_padding":"","_kad_post_feature":"","_kad_post_feature_position":"","_kad_post_header":false,"_kad_post_footer":false,"footnotes":""},"categories":[68],"tags":[95,98,100],"class_list":["post-2022","post","type-post","status-publish","format-standard","has-post-thumbnail","hentry","category-coche-eletrico","tag-coche-electrico","tag-eficiencia-energetica","tag-movilidad-electrica"],"acf":[],"yoast_head":"<!-- This site is optimized with the Yoast SEO plugin v27.5 - https:\/\/yoast.com\/product\/yoast-seo-wordpress\/ -->\n<title>El fabricante de autom\u00f3viles franc\u00e9s PSA alerta al Gobierno de la necesidad de apostar por el coche el\u00e9ctrico - Armengol<\/title>\n<meta name=\"robots\" content=\"index, follow, max-snippet:-1, max-image-preview:large, max-video-preview:-1\" \/>\n<link rel=\"canonical\" href=\"https:\/\/napoleon-armengol.com\/fr\/el-fabricante-de-automoviles-frances-psa-alerta-al-gobierno-de-la-necesidad-de-apostar-por-el-coche-electrico\/\" \/>\n<meta property=\"og:locale\" content=\"fr_FR\" \/>\n<meta property=\"og:type\" content=\"article\" \/>\n<meta property=\"og:title\" content=\"El fabricante de autom\u00f3viles franc\u00e9s PSA alerta al Gobierno de la necesidad de apostar por el coche el\u00e9ctrico - Armengol\" \/>\n<meta property=\"og:description\" content=\"Para cumplir con las normativas de emisiones de Co2 en Europa que ya han comenzado este 2020, fabricar coches el\u00e9ctricos es una absoluta prioridad para conseguir los objetivos establecidos y proteger el medio ambiente. De este modo, se pretende tambi\u00e9n cambiar nuestra manera de desplazarnos, para optar por opciones m\u00e1s eficientes, sostenibles y saludables, como...\" \/>\n<meta property=\"og:url\" content=\"https:\/\/napoleon-armengol.com\/fr\/el-fabricante-de-automoviles-frances-psa-alerta-al-gobierno-de-la-necesidad-de-apostar-por-el-coche-electrico\/\" \/>\n<meta property=\"og:site_name\" content=\"Armengol\" \/>\n<meta property=\"article:published_time\" content=\"2020-11-06T13:24:05+00:00\" \/>\n<meta property=\"article:modified_time\" content=\"2024-01-24T11:20:00+00:00\" \/>\n<meta property=\"og:image\" content=\"https:\/\/napoleon-armengol.com\/wp-content\/uploads\/2019\/04\/coche-electrico-2.jpg\" \/>\n\t<meta property=\"og:image:width\" content=\"960\" \/>\n\t<meta property=\"og:image:height\" content=\"705\" \/>\n\t<meta property=\"og:image:type\" content=\"image\/jpeg\" \/>\n<meta name=\"author\" content=\"admin\" \/>\n<meta name=\"twitter:card\" content=\"summary_large_image\" \/>\n<meta name=\"twitter:label1\" content=\"\u00c9crit par\" \/>\n\t<meta name=\"twitter:data1\" content=\"admin\" \/>\n\t<meta name=\"twitter:label2\" content=\"Dur\u00e9e de lecture estim\u00e9e\" \/>\n\t<meta name=\"twitter:data2\" content=\"2 minutes\" \/>\n<script type=\"application\/ld+json\" class=\"yoast-schema-graph\">{\"@context\":\"https:\\\/\\\/schema.org\",\"@graph\":[{\"@type\":\"Article\",\"@id\":\"https:\\\/\\\/napoleon-armengol.com\\\/el-fabricante-de-automoviles-frances-psa-alerta-al-gobierno-de-la-necesidad-de-apostar-por-el-coche-electrico\\\/#article\",\"isPartOf\":{\"@id\":\"https:\\\/\\\/napoleon-armengol.com\\\/el-fabricante-de-automoviles-frances-psa-alerta-al-gobierno-de-la-necesidad-de-apostar-por-el-coche-electrico\\\/\"},\"author\":{\"name\":\"admin\",\"@id\":\"https:\\\/\\\/napoleon-armengol.com\\\/#\\\/schema\\\/person\\\/e558fc54676c8886a95c89646b733a67\"},\"headline\":\"El fabricante de autom\u00f3viles franc\u00e9s PSA alerta al Gobierno de la necesidad de apostar por el coche el\u00e9ctrico\",\"datePublished\":\"2020-11-06T13:24:05+00:00\",\"dateModified\":\"2024-01-24T11:20:00+00:00\",\"mainEntityOfPage\":{\"@id\":\"https:\\\/\\\/napoleon-armengol.com\\\/el-fabricante-de-automoviles-frances-psa-alerta-al-gobierno-de-la-necesidad-de-apostar-por-el-coche-electrico\\\/\"},\"wordCount\":499,\"publisher\":{\"@id\":\"https:\\\/\\\/napoleon-armengol.com\\\/#organization\"},\"image\":{\"@id\":\"https:\\\/\\\/napoleon-armengol.com\\\/el-fabricante-de-automoviles-frances-psa-alerta-al-gobierno-de-la-necesidad-de-apostar-por-el-coche-electrico\\\/#primaryimage\"},\"thumbnailUrl\":\"https:\\\/\\\/napoleon-armengol.com\\\/wp-content\\\/uploads\\\/2019\\\/04\\\/coche-electrico-2.jpg\",\"keywords\":[\"Coche el\u00e9ctrico\",\"eficiencia energ\u00e9tica\",\"movilidad el\u00e9ctrica\"],\"articleSection\":[\"Coche el\u00e9trico\"],\"inLanguage\":\"fr-FR\"},{\"@type\":\"WebPage\",\"@id\":\"https:\\\/\\\/napoleon-armengol.com\\\/el-fabricante-de-automoviles-frances-psa-alerta-al-gobierno-de-la-necesidad-de-apostar-por-el-coche-electrico\\\/\",\"url\":\"https:\\\/\\\/napoleon-armengol.com\\\/el-fabricante-de-automoviles-frances-psa-alerta-al-gobierno-de-la-necesidad-de-apostar-por-el-coche-electrico\\\/\",\"name\":\"El fabricante de autom\u00f3viles franc\u00e9s PSA alerta al Gobierno de la necesidad de apostar por el coche el\u00e9ctrico - Armengol\",\"isPartOf\":{\"@id\":\"https:\\\/\\\/napoleon-armengol.com\\\/#website\"},\"primaryImageOfPage\":{\"@id\":\"https:\\\/\\\/napoleon-armengol.com\\\/el-fabricante-de-automoviles-frances-psa-alerta-al-gobierno-de-la-necesidad-de-apostar-por-el-coche-electrico\\\/#primaryimage\"},\"image\":{\"@id\":\"https:\\\/\\\/napoleon-armengol.com\\\/el-fabricante-de-automoviles-frances-psa-alerta-al-gobierno-de-la-necesidad-de-apostar-por-el-coche-electrico\\\/#primaryimage\"},\"thumbnailUrl\":\"https:\\\/\\\/napoleon-armengol.com\\\/wp-content\\\/uploads\\\/2019\\\/04\\\/coche-electrico-2.jpg\",\"datePublished\":\"2020-11-06T13:24:05+00:00\",\"dateModified\":\"2024-01-24T11:20:00+00:00\",\"breadcrumb\":{\"@id\":\"https:\\\/\\\/napoleon-armengol.com\\\/el-fabricante-de-automoviles-frances-psa-alerta-al-gobierno-de-la-necesidad-de-apostar-por-el-coche-electrico\\\/#breadcrumb\"},\"inLanguage\":\"fr-FR\",\"potentialAction\":[{\"@type\":\"ReadAction\",\"target\":[\"https:\\\/\\\/napoleon-armengol.com\\\/el-fabricante-de-automoviles-frances-psa-alerta-al-gobierno-de-la-necesidad-de-apostar-por-el-coche-electrico\\\/\"]}]},{\"@type\":\"ImageObject\",\"inLanguage\":\"fr-FR\",\"@id\":\"https:\\\/\\\/napoleon-armengol.com\\\/el-fabricante-de-automoviles-frances-psa-alerta-al-gobierno-de-la-necesidad-de-apostar-por-el-coche-electrico\\\/#primaryimage\",\"url\":\"https:\\\/\\\/napoleon-armengol.com\\\/wp-content\\\/uploads\\\/2019\\\/04\\\/coche-electrico-2.jpg\",\"contentUrl\":\"https:\\\/\\\/napoleon-armengol.com\\\/wp-content\\\/uploads\\\/2019\\\/04\\\/coche-electrico-2.jpg\",\"width\":960,\"height\":705},{\"@type\":\"BreadcrumbList\",\"@id\":\"https:\\\/\\\/napoleon-armengol.com\\\/el-fabricante-de-automoviles-frances-psa-alerta-al-gobierno-de-la-necesidad-de-apostar-por-el-coche-electrico\\\/#breadcrumb\",\"itemListElement\":[{\"@type\":\"ListItem\",\"position\":1,\"name\":\"Portada\",\"item\":\"https:\\\/\\\/napoleon-armengol.com\\\/\"},{\"@type\":\"ListItem\",\"position\":2,\"name\":\"El fabricante de autom\u00f3viles franc\u00e9s PSA alerta al Gobierno de la necesidad de apostar por el coche el\u00e9ctrico\"}]},{\"@type\":\"WebSite\",\"@id\":\"https:\\\/\\\/napoleon-armengol.com\\\/#website\",\"url\":\"https:\\\/\\\/napoleon-armengol.com\\\/\",\"name\":\"Armengol\",\"description\":\"Seguridad y especializaci\u00f3n\",\"publisher\":{\"@id\":\"https:\\\/\\\/napoleon-armengol.com\\\/#organization\"},\"potentialAction\":[{\"@type\":\"SearchAction\",\"target\":{\"@type\":\"EntryPoint\",\"urlTemplate\":\"https:\\\/\\\/napoleon-armengol.com\\\/?s={search_term_string}\"},\"query-input\":{\"@type\":\"PropertyValueSpecification\",\"valueRequired\":true,\"valueName\":\"search_term_string\"}}],\"inLanguage\":\"fr-FR\"},{\"@type\":\"Organization\",\"@id\":\"https:\\\/\\\/napoleon-armengol.com\\\/#organization\",\"name\":\"Armengol\",\"url\":\"https:\\\/\\\/napoleon-armengol.com\\\/\",\"logo\":{\"@type\":\"ImageObject\",\"inLanguage\":\"fr-FR\",\"@id\":\"https:\\\/\\\/napoleon-armengol.com\\\/#\\\/schema\\\/logo\\\/image\\\/\",\"url\":\"https:\\\/\\\/napoleon-armengol.com\\\/wp-content\\\/uploads\\\/2023\\\/04\\\/LOGO-ARMENGOL.png\",\"contentUrl\":\"https:\\\/\\\/napoleon-armengol.com\\\/wp-content\\\/uploads\\\/2023\\\/04\\\/LOGO-ARMENGOL.png\",\"width\":460,\"height\":81,\"caption\":\"Armengol\"},\"image\":{\"@id\":\"https:\\\/\\\/napoleon-armengol.com\\\/#\\\/schema\\\/logo\\\/image\\\/\"}},{\"@type\":\"Person\",\"@id\":\"https:\\\/\\\/napoleon-armengol.com\\\/#\\\/schema\\\/person\\\/e558fc54676c8886a95c89646b733a67\",\"name\":\"admin\",\"sameAs\":[\"http:\\\/\\\/napoleon-armengol.com\"],\"url\":\"https:\\\/\\\/napoleon-armengol.com\\\/fr\\\/author\\\/admin_5wnh1vf4\\\/\"}]}<\/script>\n<!-- \/ Yoast SEO plugin. -->","yoast_head_json":{"title":"El fabricante de autom\u00f3viles franc\u00e9s PSA alerta al Gobierno de la necesidad de apostar por el coche el\u00e9ctrico - Armengol","robots":{"index":"index","follow":"follow","max-snippet":"max-snippet:-1","max-image-preview":"max-image-preview:large","max-video-preview":"max-video-preview:-1"},"canonical":"https:\/\/napoleon-armengol.com\/fr\/el-fabricante-de-automoviles-frances-psa-alerta-al-gobierno-de-la-necesidad-de-apostar-por-el-coche-electrico\/","og_locale":"fr_FR","og_type":"article","og_title":"El fabricante de autom\u00f3viles franc\u00e9s PSA alerta al Gobierno de la necesidad de apostar por el coche el\u00e9ctrico - Armengol","og_description":"Para cumplir con las normativas de emisiones de Co2 en Europa que ya han comenzado este 2020, fabricar coches el\u00e9ctricos es una absoluta prioridad para conseguir los objetivos establecidos y proteger el medio ambiente. De este modo, se pretende tambi\u00e9n cambiar nuestra manera de desplazarnos, para optar por opciones m\u00e1s eficientes, sostenibles y saludables, como...","og_url":"https:\/\/napoleon-armengol.com\/fr\/el-fabricante-de-automoviles-frances-psa-alerta-al-gobierno-de-la-necesidad-de-apostar-por-el-coche-electrico\/","og_site_name":"Armengol","article_published_time":"2020-11-06T13:24:05+00:00","article_modified_time":"2024-01-24T11:20:00+00:00","og_image":[{"width":960,"height":705,"url":"https:\/\/napoleon-armengol.com\/wp-content\/uploads\/2019\/04\/coche-electrico-2.jpg","type":"image\/jpeg"}],"author":"admin","twitter_card":"summary_large_image","twitter_misc":{"\u00c9crit par":"admin","Dur\u00e9e de lecture estim\u00e9e":"2 minutes"},"schema":{"@context":"https:\/\/schema.org","@graph":[{"@type":"Article","@id":"https:\/\/napoleon-armengol.com\/el-fabricante-de-automoviles-frances-psa-alerta-al-gobierno-de-la-necesidad-de-apostar-por-el-coche-electrico\/#article","isPartOf":{"@id":"https:\/\/napoleon-armengol.com\/el-fabricante-de-automoviles-frances-psa-alerta-al-gobierno-de-la-necesidad-de-apostar-por-el-coche-electrico\/"},"author":{"name":"admin","@id":"https:\/\/napoleon-armengol.com\/#\/schema\/person\/e558fc54676c8886a95c89646b733a67"},"headline":"El fabricante de autom\u00f3viles franc\u00e9s PSA alerta al Gobierno de la necesidad de apostar por el coche el\u00e9ctrico","datePublished":"2020-11-06T13:24:05+00:00","dateModified":"2024-01-24T11:20:00+00:00","mainEntityOfPage":{"@id":"https:\/\/napoleon-armengol.com\/el-fabricante-de-automoviles-frances-psa-alerta-al-gobierno-de-la-necesidad-de-apostar-por-el-coche-electrico\/"},"wordCount":499,"publisher":{"@id":"https:\/\/napoleon-armengol.com\/#organization"},"image":{"@id":"https:\/\/napoleon-armengol.com\/el-fabricante-de-automoviles-frances-psa-alerta-al-gobierno-de-la-necesidad-de-apostar-por-el-coche-electrico\/#primaryimage"},"thumbnailUrl":"https:\/\/napoleon-armengol.com\/wp-content\/uploads\/2019\/04\/coche-electrico-2.jpg","keywords":["Coche el\u00e9ctrico","eficiencia energ\u00e9tica","movilidad el\u00e9ctrica"],"articleSection":["Coche el\u00e9trico"],"inLanguage":"fr-FR"},{"@type":"WebPage","@id":"https:\/\/napoleon-armengol.com\/el-fabricante-de-automoviles-frances-psa-alerta-al-gobierno-de-la-necesidad-de-apostar-por-el-coche-electrico\/","url":"https:\/\/napoleon-armengol.com\/el-fabricante-de-automoviles-frances-psa-alerta-al-gobierno-de-la-necesidad-de-apostar-por-el-coche-electrico\/","name":"El fabricante de autom\u00f3viles franc\u00e9s PSA alerta al Gobierno de la necesidad de apostar por el coche el\u00e9ctrico - Armengol","isPartOf":{"@id":"https:\/\/napoleon-armengol.com\/#website"},"primaryImageOfPage":{"@id":"https:\/\/napoleon-armengol.com\/el-fabricante-de-automoviles-frances-psa-alerta-al-gobierno-de-la-necesidad-de-apostar-por-el-coche-electrico\/#primaryimage"},"image":{"@id":"https:\/\/napoleon-armengol.com\/el-fabricante-de-automoviles-frances-psa-alerta-al-gobierno-de-la-necesidad-de-apostar-por-el-coche-electrico\/#primaryimage"},"thumbnailUrl":"https:\/\/napoleon-armengol.com\/wp-content\/uploads\/2019\/04\/coche-electrico-2.jpg","datePublished":"2020-11-06T13:24:05+00:00","dateModified":"2024-01-24T11:20:00+00:00","breadcrumb":{"@id":"https:\/\/napoleon-armengol.com\/el-fabricante-de-automoviles-frances-psa-alerta-al-gobierno-de-la-necesidad-de-apostar-por-el-coche-electrico\/#breadcrumb"},"inLanguage":"fr-FR","potentialAction":[{"@type":"ReadAction","target":["https:\/\/napoleon-armengol.com\/el-fabricante-de-automoviles-frances-psa-alerta-al-gobierno-de-la-necesidad-de-apostar-por-el-coche-electrico\/"]}]},{"@type":"ImageObject","inLanguage":"fr-FR","@id":"https:\/\/napoleon-armengol.com\/el-fabricante-de-automoviles-frances-psa-alerta-al-gobierno-de-la-necesidad-de-apostar-por-el-coche-electrico\/#primaryimage","url":"https:\/\/napoleon-armengol.com\/wp-content\/uploads\/2019\/04\/coche-electrico-2.jpg","contentUrl":"https:\/\/napoleon-armengol.com\/wp-content\/uploads\/2019\/04\/coche-electrico-2.jpg","width":960,"height":705},{"@type":"BreadcrumbList","@id":"https:\/\/napoleon-armengol.com\/el-fabricante-de-automoviles-frances-psa-alerta-al-gobierno-de-la-necesidad-de-apostar-por-el-coche-electrico\/#breadcrumb","itemListElement":[{"@type":"ListItem","position":1,"name":"Portada","item":"https:\/\/napoleon-armengol.com\/"},{"@type":"ListItem","position":2,"name":"El fabricante de autom\u00f3viles franc\u00e9s PSA alerta al Gobierno de la necesidad de apostar por el coche el\u00e9ctrico"}]},{"@type":"WebSite","@id":"https:\/\/napoleon-armengol.com\/#website","url":"https:\/\/napoleon-armengol.com\/","name":"Armengol","description":"Seguridad y especializaci\u00f3n","publisher":{"@id":"https:\/\/napoleon-armengol.com\/#organization"},"potentialAction":[{"@type":"SearchAction","target":{"@type":"EntryPoint","urlTemplate":"https:\/\/napoleon-armengol.com\/?s={search_term_string}"},"query-input":{"@type":"PropertyValueSpecification","valueRequired":true,"valueName":"search_term_string"}}],"inLanguage":"fr-FR"},{"@type":"Organization","@id":"https:\/\/napoleon-armengol.com\/#organization","name":"Armengol","url":"https:\/\/napoleon-armengol.com\/","logo":{"@type":"ImageObject","inLanguage":"fr-FR","@id":"https:\/\/napoleon-armengol.com\/#\/schema\/logo\/image\/","url":"https:\/\/napoleon-armengol.com\/wp-content\/uploads\/2023\/04\/LOGO-ARMENGOL.png","contentUrl":"https:\/\/napoleon-armengol.com\/wp-content\/uploads\/2023\/04\/LOGO-ARMENGOL.png","width":460,"height":81,"caption":"Armengol"},"image":{"@id":"https:\/\/napoleon-armengol.com\/#\/schema\/logo\/image\/"}},{"@type":"Person","@id":"https:\/\/napoleon-armengol.com\/#\/schema\/person\/e558fc54676c8886a95c89646b733a67","name":"admin","sameAs":["http:\/\/napoleon-armengol.com"],"url":"https:\/\/napoleon-armengol.com\/fr\/author\/admin_5wnh1vf4\/"}]}},"taxonomy_info":{"category":[{"value":68,"label":"Coche el\u00e9trico"}],"post_tag":[{"value":95,"label":"Coche el\u00e9ctrico"},{"value":98,"label":"eficiencia energ\u00e9tica"},{"value":100,"label":"movilidad el\u00e9ctrica"}]},"featured_image_src_large":["https:\/\/napoleon-armengol.com\/wp-content\/uploads\/2019\/04\/coche-electrico-2.jpg",960,705,false],"author_info":{"display_name":"admin","author_link":"https:\/\/napoleon-armengol.com\/fr\/author\/admin_5wnh1vf4\/"},"comment_info":0,"category_info":[{"term_id":68,"name":"Coche el\u00e9trico","slug":"coche-eletrico","term_group":0,"term_taxonomy_id":68,"taxonomy":"category","description":"","parent":0,"count":63,"filter":"raw","term_order":"0","cat_ID":68,"category_count":63,"category_description":"","cat_name":"Coche el\u00e9trico","category_nicename":"coche-eletrico","category_parent":0}],"tag_info":[{"term_id":95,"name":"Coche el\u00e9ctrico","slug":"coche-electrico","term_group":0,"term_taxonomy_id":95,"taxonomy":"post_tag","description":"","parent":0,"count":45,"filter":"raw","term_order":"0"},{"term_id":98,"name":"eficiencia energ\u00e9tica","slug":"eficiencia-energetica","term_group":0,"term_taxonomy_id":98,"taxonomy":"post_tag","description":"","parent":0,"count":36,"filter":"raw","term_order":"0"},{"term_id":100,"name":"movilidad el\u00e9ctrica","slug":"movilidad-electrica","term_group":0,"term_taxonomy_id":100,"taxonomy":"post_tag","description":"","parent":0,"count":41,"filter":"raw","term_order":"0"}],"_links":{"self":[{"href":"https:\/\/napoleon-armengol.com\/fr\/wp-json\/wp\/v2\/posts\/2022","targetHints":{"allow":["GET"]}}],"collection":[{"href":"https:\/\/napoleon-armengol.com\/fr\/wp-json\/wp\/v2\/posts"}],"about":[{"href":"https:\/\/napoleon-armengol.com\/fr\/wp-json\/wp\/v2\/types\/post"}],"author":[{"embeddable":true,"href":"https:\/\/napoleon-armengol.com\/fr\/wp-json\/wp\/v2\/users\/1"}],"replies":[{"embeddable":true,"href":"https:\/\/napoleon-armengol.com\/fr\/wp-json\/wp\/v2\/comments?post=2022"}],"version-history":[{"count":1,"href":"https:\/\/napoleon-armengol.com\/fr\/wp-json\/wp\/v2\/posts\/2022\/revisions"}],"predecessor-version":[{"id":2260,"href":"https:\/\/napoleon-armengol.com\/fr\/wp-json\/wp\/v2\/posts\/2022\/revisions\/2260"}],"wp:featuredmedia":[{"embeddable":true,"href":"https:\/\/napoleon-armengol.com\/fr\/wp-json\/wp\/v2\/media\/1776"}],"wp:attachment":[{"href":"https:\/\/napoleon-armengol.com\/fr\/wp-json\/wp\/v2\/media?parent=2022"}],"wp:term":[{"taxonomy":"category","embeddable":true,"href":"https:\/\/napoleon-armengol.com\/fr\/wp-json\/wp\/v2\/categories?post=2022"},{"taxonomy":"post_tag","embeddable":true,"href":"https:\/\/napoleon-armengol.com\/fr\/wp-json\/wp\/v2\/tags?post=2022"}],"curies":[{"name":"wp","href":"https:\/\/api.w.org\/{rel}","templated":true}]}}