{"id":2026,"date":"2021-01-19T13:32:13","date_gmt":"2021-01-19T13:32:13","guid":{"rendered":"https:\/\/blog-napoleon-armengol.com\/?p=717"},"modified":"2024-01-24T12:19:35","modified_gmt":"2024-01-24T11:19:35","slug":"cargar-el-coche-electrico-en-barcelona-deja-de-ser-gratuito","status":"publish","type":"post","link":"https:\/\/napoleon-armengol.com\/fr\/cargar-el-coche-electrico-en-barcelona-deja-de-ser-gratuito\/","title":{"rendered":"Recharger les voitures \u00e9lectriques \u00e0 Barcelone n\u2019est plus gratuit"},"content":{"rendered":"<p>\u00c0 partir de cette semaine, les bornes de recharge publiques pour voitures \u00e9lectriques de Barcelone ne seront plus gratuites et les utilisateurs devront payer pour ce service dans l&#039;une des 512 bornes de recharge de la ville.<\/p>\n\n\n\n<p>Cette mesure vise \u00e0 promouvoir une utilisation plus responsable et durable de l&#039;\u00e9nergie et \u00e9galement \u00e0 \u00e9tendre les infrastructures pour atteindre 1 000 points de recharge d&#039;ici 2024.<\/p>\n\n\n\n<p>D\u00e9sormais, le paiement de la recharge de la voiture \u00e9lectrique s&#039;effectuera \u00e0 des tarifs diff\u00e9rents selon le type d&#039;utilisateur ; particuliers, flottes professionnelles, motos... Les prix varieront selon qu&#039;il s&#039;agit d&#039;une borne de recharge situ\u00e9e dans un parking ou dans la rue, \u00e9tant obligatoire dans tous les cas d&#039;effectuer une recharge minimale qui d\u00e9pendra du type d&#039;utilisateur et le type de v\u00e9hicule.<\/p>\n\n\n\n<p>Pour les utilisateurs qui rechargent leur voiture \u00e9lectrique sur une borne de recharge classique, ils peuvent obtenir un abonnement annuel de 50 euros et 100 euros pour les professionnels et 25 euros pour les motos, \u00e0 moiti\u00e9 prix la premi\u00e8re ann\u00e9e.<\/p>\n\n\n\n<p>Le co\u00fbt de l&#039;\u00e9nergie sera pay\u00e9 plus tard en fonction du tarif choisi, mais il se situera entre 22 et 50 centimes, \u00e9galement en fonction de l&#039;heure \u00e0 laquelle la recharge est effectu\u00e9e, \u00e9tant moins cher de le faire la nuit que le jour et \u00e9galement selon le lieu, \u00e9tant moins cher dans les parkings B:SM. (responsable des services municipaux de la Mairie de Barcelone).<\/p>\n\n\n\n<h2 class=\"wp-block-heading\"><strong>16 nouvelles bornes de recharge sont pr\u00e9vues en 2021<\/strong><\/h2>\n\n\n\n<p>Actuellement, les services municipaux de Barcelone g\u00e8rent 512 points de recharge dans les espaces publics : 367 d&#039;entre eux se trouvent dans des parkings g\u00e9r\u00e9s par la municipalit\u00e9, dont 196 pour les v\u00e9hicules \u00e9lectriques et 173 pour les motos \u00e9lectriques) ; Les 145 bornes restantes sont situ\u00e9es sur la voie publique (25 pour les voitures et 120 pour les motos).<\/p>\n\n\n\n<p>En termes de puissance, sur les 145 points install\u00e9s sur la voie publique, 25 sont des recharges rapides, qui permettent de r\u00e9cup\u00e9rer jusqu&#039;\u00e0 80% de capacit\u00e9 de batterie en seulement une demi-heure. La Mairie de Barcelone s&#039;attend \u00e0 ce que ce chiffre augmente \u00e0 55 bornes de recharge rapide en 2024. Il est pr\u00e9vu que 16 nouvelles bornes de recharge entreront en service en 2021, auxquelles s&#039;ajouteront cinq bornes de recharge chaque ann\u00e9e jusqu&#039;en 2024.<\/p>\n\n\n\n<p>Les plans de services municipaux de la ville de Barcelone pr\u00e9voient \u00e9galement l&#039;installation de 57 bornes de recharge situ\u00e9es dans les parkings municipaux, pour lesquelles un investissement de 3,5 millions d&#039;euros est estim\u00e9.<\/p>","protected":false},"excerpt":{"rendered":"<p>A partir de esta semana los puntos de recarga p\u00fablicos de Barcelona para el coche el\u00e9ctrico dejan de ser gratis y los usuarios deber\u00e1n pagar por este servicio en cualquiera de los 512 puntos de recarga de la ciudad condal. Esta medida pretende promover un uso m\u00e1s responsable y sostenible de la energ\u00eda y tambi\u00e9n&#8230;<\/p>","protected":false},"author":1,"featured_media":1854,"comment_status":"closed","ping_status":"closed","sticky":false,"template":"","format":"standard","meta":{"_acf_changed":false,"_kad_blocks_custom_css":"","_kad_blocks_head_custom_js":"","_kad_blocks_body_custom_js":"","_kad_blocks_footer_custom_js":"","_kad_post_transparent":"","_kad_post_title":"","_kad_post_layout":"","_kad_post_sidebar_id":"","_kad_post_content_style":"","_kad_post_vertical_padding":"","_kad_post_feature":"","_kad_post_feature_position":"","_kad_post_header":false,"_kad_post_footer":false,"footnotes":""},"categories":[68],"tags":[95,100,472],"class_list":["post-2026","post","type-post","status-publish","format-standard","has-post-thumbnail","hentry","category-coche-eletrico","tag-coche-electrico","tag-movilidad-electrica","tag-movilidad-electrica-barcelona"],"acf":[],"yoast_head":"<!-- This site is optimized with the Yoast SEO plugin v27.4 - https:\/\/yoast.com\/product\/yoast-seo-wordpress\/ -->\n<title>Cargar el coche el\u00e9ctrico en Barcelona deja de ser gratuito - Armengol<\/title>\n<meta name=\"robots\" content=\"index, follow, max-snippet:-1, max-image-preview:large, max-video-preview:-1\" \/>\n<link rel=\"canonical\" href=\"https:\/\/napoleon-armengol.com\/fr\/cargar-el-coche-electrico-en-barcelona-deja-de-ser-gratuito\/\" \/>\n<meta property=\"og:locale\" content=\"fr_FR\" \/>\n<meta property=\"og:type\" content=\"article\" \/>\n<meta property=\"og:title\" content=\"Cargar el coche el\u00e9ctrico en Barcelona deja de ser gratuito - Armengol\" \/>\n<meta property=\"og:description\" content=\"A partir de esta semana los puntos de recarga p\u00fablicos de Barcelona para el coche el\u00e9ctrico dejan de ser gratis y los usuarios deber\u00e1n pagar por este servicio en cualquiera de los 512 puntos de recarga de la ciudad condal. Esta medida pretende promover un uso m\u00e1s responsable y sostenible de la energ\u00eda y tambi\u00e9n...\" \/>\n<meta property=\"og:url\" content=\"https:\/\/napoleon-armengol.com\/fr\/cargar-el-coche-electrico-en-barcelona-deja-de-ser-gratuito\/\" \/>\n<meta property=\"og:site_name\" content=\"Armengol\" \/>\n<meta property=\"article:published_time\" content=\"2021-01-19T13:32:13+00:00\" \/>\n<meta property=\"article:modified_time\" content=\"2024-01-24T11:19:35+00:00\" \/>\n<meta property=\"og:image\" content=\"https:\/\/napoleon-armengol.com\/wp-content\/uploads\/2021\/01\/coche-electrico.jpg\" \/>\n\t<meta property=\"og:image:width\" content=\"626\" \/>\n\t<meta property=\"og:image:height\" content=\"417\" \/>\n\t<meta property=\"og:image:type\" content=\"image\/jpeg\" \/>\n<meta name=\"author\" content=\"admin\" \/>\n<meta name=\"twitter:card\" content=\"summary_large_image\" \/>\n<meta name=\"twitter:label1\" content=\"\u00c9crit par\" \/>\n\t<meta name=\"twitter:data1\" content=\"admin\" \/>\n\t<meta name=\"twitter:label2\" content=\"Dur\u00e9e de lecture estim\u00e9e\" \/>\n\t<meta name=\"twitter:data2\" content=\"2 minutes\" \/>\n<script type=\"application\/ld+json\" class=\"yoast-schema-graph\">{\"@context\":\"https:\\\/\\\/schema.org\",\"@graph\":[{\"@type\":\"Article\",\"@id\":\"https:\\\/\\\/napoleon-armengol.com\\\/cargar-el-coche-electrico-en-barcelona-deja-de-ser-gratuito\\\/#article\",\"isPartOf\":{\"@id\":\"https:\\\/\\\/napoleon-armengol.com\\\/cargar-el-coche-electrico-en-barcelona-deja-de-ser-gratuito\\\/\"},\"author\":{\"name\":\"admin\",\"@id\":\"https:\\\/\\\/napoleon-armengol.com\\\/#\\\/schema\\\/person\\\/e558fc54676c8886a95c89646b733a67\"},\"headline\":\"Cargar el coche el\u00e9ctrico en Barcelona deja de ser gratuito\",\"datePublished\":\"2021-01-19T13:32:13+00:00\",\"dateModified\":\"2024-01-24T11:19:35+00:00\",\"mainEntityOfPage\":{\"@id\":\"https:\\\/\\\/napoleon-armengol.com\\\/cargar-el-coche-electrico-en-barcelona-deja-de-ser-gratuito\\\/\"},\"wordCount\":468,\"publisher\":{\"@id\":\"https:\\\/\\\/napoleon-armengol.com\\\/#organization\"},\"image\":{\"@id\":\"https:\\\/\\\/napoleon-armengol.com\\\/cargar-el-coche-electrico-en-barcelona-deja-de-ser-gratuito\\\/#primaryimage\"},\"thumbnailUrl\":\"https:\\\/\\\/napoleon-armengol.com\\\/wp-content\\\/uploads\\\/2021\\\/01\\\/coche-electrico.jpg\",\"keywords\":[\"Coche el\u00e9ctrico\",\"movilidad el\u00e9ctrica\",\"movilidad el\u00e9ctrica Barcelona\"],\"articleSection\":[\"Coche el\u00e9trico\"],\"inLanguage\":\"fr-FR\"},{\"@type\":\"WebPage\",\"@id\":\"https:\\\/\\\/napoleon-armengol.com\\\/cargar-el-coche-electrico-en-barcelona-deja-de-ser-gratuito\\\/\",\"url\":\"https:\\\/\\\/napoleon-armengol.com\\\/cargar-el-coche-electrico-en-barcelona-deja-de-ser-gratuito\\\/\",\"name\":\"Cargar el coche el\u00e9ctrico en Barcelona deja de ser gratuito - Armengol\",\"isPartOf\":{\"@id\":\"https:\\\/\\\/napoleon-armengol.com\\\/#website\"},\"primaryImageOfPage\":{\"@id\":\"https:\\\/\\\/napoleon-armengol.com\\\/cargar-el-coche-electrico-en-barcelona-deja-de-ser-gratuito\\\/#primaryimage\"},\"image\":{\"@id\":\"https:\\\/\\\/napoleon-armengol.com\\\/cargar-el-coche-electrico-en-barcelona-deja-de-ser-gratuito\\\/#primaryimage\"},\"thumbnailUrl\":\"https:\\\/\\\/napoleon-armengol.com\\\/wp-content\\\/uploads\\\/2021\\\/01\\\/coche-electrico.jpg\",\"datePublished\":\"2021-01-19T13:32:13+00:00\",\"dateModified\":\"2024-01-24T11:19:35+00:00\",\"breadcrumb\":{\"@id\":\"https:\\\/\\\/napoleon-armengol.com\\\/cargar-el-coche-electrico-en-barcelona-deja-de-ser-gratuito\\\/#breadcrumb\"},\"inLanguage\":\"fr-FR\",\"potentialAction\":[{\"@type\":\"ReadAction\",\"target\":[\"https:\\\/\\\/napoleon-armengol.com\\\/cargar-el-coche-electrico-en-barcelona-deja-de-ser-gratuito\\\/\"]}]},{\"@type\":\"ImageObject\",\"inLanguage\":\"fr-FR\",\"@id\":\"https:\\\/\\\/napoleon-armengol.com\\\/cargar-el-coche-electrico-en-barcelona-deja-de-ser-gratuito\\\/#primaryimage\",\"url\":\"https:\\\/\\\/napoleon-armengol.com\\\/wp-content\\\/uploads\\\/2021\\\/01\\\/coche-electrico.jpg\",\"contentUrl\":\"https:\\\/\\\/napoleon-armengol.com\\\/wp-content\\\/uploads\\\/2021\\\/01\\\/coche-electrico.jpg\",\"width\":626,\"height\":417},{\"@type\":\"BreadcrumbList\",\"@id\":\"https:\\\/\\\/napoleon-armengol.com\\\/cargar-el-coche-electrico-en-barcelona-deja-de-ser-gratuito\\\/#breadcrumb\",\"itemListElement\":[{\"@type\":\"ListItem\",\"position\":1,\"name\":\"Portada\",\"item\":\"https:\\\/\\\/napoleon-armengol.com\\\/\"},{\"@type\":\"ListItem\",\"position\":2,\"name\":\"Cargar el coche el\u00e9ctrico en Barcelona deja de ser gratuito\"}]},{\"@type\":\"WebSite\",\"@id\":\"https:\\\/\\\/napoleon-armengol.com\\\/#website\",\"url\":\"https:\\\/\\\/napoleon-armengol.com\\\/\",\"name\":\"Armengol\",\"description\":\"Seguridad y especializaci\u00f3n\",\"publisher\":{\"@id\":\"https:\\\/\\\/napoleon-armengol.com\\\/#organization\"},\"potentialAction\":[{\"@type\":\"SearchAction\",\"target\":{\"@type\":\"EntryPoint\",\"urlTemplate\":\"https:\\\/\\\/napoleon-armengol.com\\\/?s={search_term_string}\"},\"query-input\":{\"@type\":\"PropertyValueSpecification\",\"valueRequired\":true,\"valueName\":\"search_term_string\"}}],\"inLanguage\":\"fr-FR\"},{\"@type\":\"Organization\",\"@id\":\"https:\\\/\\\/napoleon-armengol.com\\\/#organization\",\"name\":\"Armengol\",\"url\":\"https:\\\/\\\/napoleon-armengol.com\\\/\",\"logo\":{\"@type\":\"ImageObject\",\"inLanguage\":\"fr-FR\",\"@id\":\"https:\\\/\\\/napoleon-armengol.com\\\/#\\\/schema\\\/logo\\\/image\\\/\",\"url\":\"https:\\\/\\\/napoleon-armengol.com\\\/wp-content\\\/uploads\\\/2023\\\/04\\\/LOGO-ARMENGOL.png\",\"contentUrl\":\"https:\\\/\\\/napoleon-armengol.com\\\/wp-content\\\/uploads\\\/2023\\\/04\\\/LOGO-ARMENGOL.png\",\"width\":460,\"height\":81,\"caption\":\"Armengol\"},\"image\":{\"@id\":\"https:\\\/\\\/napoleon-armengol.com\\\/#\\\/schema\\\/logo\\\/image\\\/\"}},{\"@type\":\"Person\",\"@id\":\"https:\\\/\\\/napoleon-armengol.com\\\/#\\\/schema\\\/person\\\/e558fc54676c8886a95c89646b733a67\",\"name\":\"admin\",\"sameAs\":[\"http:\\\/\\\/napoleon-armengol.com\"],\"url\":\"https:\\\/\\\/napoleon-armengol.com\\\/fr\\\/author\\\/admin_5wnh1vf4\\\/\"}]}<\/script>\n<!-- \/ Yoast SEO plugin. -->","yoast_head_json":{"title":"Cargar el coche el\u00e9ctrico en Barcelona deja de ser gratuito - Armengol","robots":{"index":"index","follow":"follow","max-snippet":"max-snippet:-1","max-image-preview":"max-image-preview:large","max-video-preview":"max-video-preview:-1"},"canonical":"https:\/\/napoleon-armengol.com\/fr\/cargar-el-coche-electrico-en-barcelona-deja-de-ser-gratuito\/","og_locale":"fr_FR","og_type":"article","og_title":"Cargar el coche el\u00e9ctrico en Barcelona deja de ser gratuito - Armengol","og_description":"A partir de esta semana los puntos de recarga p\u00fablicos de Barcelona para el coche el\u00e9ctrico dejan de ser gratis y los usuarios deber\u00e1n pagar por este servicio en cualquiera de los 512 puntos de recarga de la ciudad condal. Esta medida pretende promover un uso m\u00e1s responsable y sostenible de la energ\u00eda y tambi\u00e9n...","og_url":"https:\/\/napoleon-armengol.com\/fr\/cargar-el-coche-electrico-en-barcelona-deja-de-ser-gratuito\/","og_site_name":"Armengol","article_published_time":"2021-01-19T13:32:13+00:00","article_modified_time":"2024-01-24T11:19:35+00:00","og_image":[{"width":626,"height":417,"url":"https:\/\/napoleon-armengol.com\/wp-content\/uploads\/2021\/01\/coche-electrico.jpg","type":"image\/jpeg"}],"author":"admin","twitter_card":"summary_large_image","twitter_misc":{"\u00c9crit par":"admin","Dur\u00e9e de lecture estim\u00e9e":"2 minutes"},"schema":{"@context":"https:\/\/schema.org","@graph":[{"@type":"Article","@id":"https:\/\/napoleon-armengol.com\/cargar-el-coche-electrico-en-barcelona-deja-de-ser-gratuito\/#article","isPartOf":{"@id":"https:\/\/napoleon-armengol.com\/cargar-el-coche-electrico-en-barcelona-deja-de-ser-gratuito\/"},"author":{"name":"admin","@id":"https:\/\/napoleon-armengol.com\/#\/schema\/person\/e558fc54676c8886a95c89646b733a67"},"headline":"Cargar el coche el\u00e9ctrico en Barcelona deja de ser gratuito","datePublished":"2021-01-19T13:32:13+00:00","dateModified":"2024-01-24T11:19:35+00:00","mainEntityOfPage":{"@id":"https:\/\/napoleon-armengol.com\/cargar-el-coche-electrico-en-barcelona-deja-de-ser-gratuito\/"},"wordCount":468,"publisher":{"@id":"https:\/\/napoleon-armengol.com\/#organization"},"image":{"@id":"https:\/\/napoleon-armengol.com\/cargar-el-coche-electrico-en-barcelona-deja-de-ser-gratuito\/#primaryimage"},"thumbnailUrl":"https:\/\/napoleon-armengol.com\/wp-content\/uploads\/2021\/01\/coche-electrico.jpg","keywords":["Coche el\u00e9ctrico","movilidad el\u00e9ctrica","movilidad el\u00e9ctrica Barcelona"],"articleSection":["Coche el\u00e9trico"],"inLanguage":"fr-FR"},{"@type":"WebPage","@id":"https:\/\/napoleon-armengol.com\/cargar-el-coche-electrico-en-barcelona-deja-de-ser-gratuito\/","url":"https:\/\/napoleon-armengol.com\/cargar-el-coche-electrico-en-barcelona-deja-de-ser-gratuito\/","name":"Cargar el coche el\u00e9ctrico en Barcelona deja de ser gratuito - Armengol","isPartOf":{"@id":"https:\/\/napoleon-armengol.com\/#website"},"primaryImageOfPage":{"@id":"https:\/\/napoleon-armengol.com\/cargar-el-coche-electrico-en-barcelona-deja-de-ser-gratuito\/#primaryimage"},"image":{"@id":"https:\/\/napoleon-armengol.com\/cargar-el-coche-electrico-en-barcelona-deja-de-ser-gratuito\/#primaryimage"},"thumbnailUrl":"https:\/\/napoleon-armengol.com\/wp-content\/uploads\/2021\/01\/coche-electrico.jpg","datePublished":"2021-01-19T13:32:13+00:00","dateModified":"2024-01-24T11:19:35+00:00","breadcrumb":{"@id":"https:\/\/napoleon-armengol.com\/cargar-el-coche-electrico-en-barcelona-deja-de-ser-gratuito\/#breadcrumb"},"inLanguage":"fr-FR","potentialAction":[{"@type":"ReadAction","target":["https:\/\/napoleon-armengol.com\/cargar-el-coche-electrico-en-barcelona-deja-de-ser-gratuito\/"]}]},{"@type":"ImageObject","inLanguage":"fr-FR","@id":"https:\/\/napoleon-armengol.com\/cargar-el-coche-electrico-en-barcelona-deja-de-ser-gratuito\/#primaryimage","url":"https:\/\/napoleon-armengol.com\/wp-content\/uploads\/2021\/01\/coche-electrico.jpg","contentUrl":"https:\/\/napoleon-armengol.com\/wp-content\/uploads\/2021\/01\/coche-electrico.jpg","width":626,"height":417},{"@type":"BreadcrumbList","@id":"https:\/\/napoleon-armengol.com\/cargar-el-coche-electrico-en-barcelona-deja-de-ser-gratuito\/#breadcrumb","itemListElement":[{"@type":"ListItem","position":1,"name":"Portada","item":"https:\/\/napoleon-armengol.com\/"},{"@type":"ListItem","position":2,"name":"Cargar el coche el\u00e9ctrico en Barcelona deja de ser gratuito"}]},{"@type":"WebSite","@id":"https:\/\/napoleon-armengol.com\/#website","url":"https:\/\/napoleon-armengol.com\/","name":"Armengol","description":"Seguridad y especializaci\u00f3n","publisher":{"@id":"https:\/\/napoleon-armengol.com\/#organization"},"potentialAction":[{"@type":"SearchAction","target":{"@type":"EntryPoint","urlTemplate":"https:\/\/napoleon-armengol.com\/?s={search_term_string}"},"query-input":{"@type":"PropertyValueSpecification","valueRequired":true,"valueName":"search_term_string"}}],"inLanguage":"fr-FR"},{"@type":"Organization","@id":"https:\/\/napoleon-armengol.com\/#organization","name":"Armengol","url":"https:\/\/napoleon-armengol.com\/","logo":{"@type":"ImageObject","inLanguage":"fr-FR","@id":"https:\/\/napoleon-armengol.com\/#\/schema\/logo\/image\/","url":"https:\/\/napoleon-armengol.com\/wp-content\/uploads\/2023\/04\/LOGO-ARMENGOL.png","contentUrl":"https:\/\/napoleon-armengol.com\/wp-content\/uploads\/2023\/04\/LOGO-ARMENGOL.png","width":460,"height":81,"caption":"Armengol"},"image":{"@id":"https:\/\/napoleon-armengol.com\/#\/schema\/logo\/image\/"}},{"@type":"Person","@id":"https:\/\/napoleon-armengol.com\/#\/schema\/person\/e558fc54676c8886a95c89646b733a67","name":"admin","sameAs":["http:\/\/napoleon-armengol.com"],"url":"https:\/\/napoleon-armengol.com\/fr\/author\/admin_5wnh1vf4\/"}]}},"taxonomy_info":{"category":[{"value":68,"label":"Coche el\u00e9trico"}],"post_tag":[{"value":95,"label":"Coche el\u00e9ctrico"},{"value":100,"label":"movilidad el\u00e9ctrica"},{"value":472,"label":"movilidad el\u00e9ctrica Barcelona"}]},"featured_image_src_large":["https:\/\/napoleon-armengol.com\/wp-content\/uploads\/2021\/01\/coche-electrico.jpg",626,417,false],"author_info":{"display_name":"admin","author_link":"https:\/\/napoleon-armengol.com\/fr\/author\/admin_5wnh1vf4\/"},"comment_info":0,"category_info":[{"term_id":68,"name":"Coche el\u00e9trico","slug":"coche-eletrico","term_group":0,"term_taxonomy_id":68,"taxonomy":"category","description":"","parent":0,"count":63,"filter":"raw","term_order":"0","cat_ID":68,"category_count":63,"category_description":"","cat_name":"Coche el\u00e9trico","category_nicename":"coche-eletrico","category_parent":0}],"tag_info":[{"term_id":95,"name":"Coche el\u00e9ctrico","slug":"coche-electrico","term_group":0,"term_taxonomy_id":95,"taxonomy":"post_tag","description":"","parent":0,"count":45,"filter":"raw","term_order":"0"},{"term_id":100,"name":"movilidad el\u00e9ctrica","slug":"movilidad-electrica","term_group":0,"term_taxonomy_id":100,"taxonomy":"post_tag","description":"","parent":0,"count":41,"filter":"raw","term_order":"0"},{"term_id":472,"name":"movilidad el\u00e9ctrica Barcelona","slug":"movilidad-electrica-barcelona","term_group":0,"term_taxonomy_id":472,"taxonomy":"post_tag","description":"","parent":0,"count":1,"filter":"raw","term_order":"0"}],"_links":{"self":[{"href":"https:\/\/napoleon-armengol.com\/fr\/wp-json\/wp\/v2\/posts\/2026","targetHints":{"allow":["GET"]}}],"collection":[{"href":"https:\/\/napoleon-armengol.com\/fr\/wp-json\/wp\/v2\/posts"}],"about":[{"href":"https:\/\/napoleon-armengol.com\/fr\/wp-json\/wp\/v2\/types\/post"}],"author":[{"embeddable":true,"href":"https:\/\/napoleon-armengol.com\/fr\/wp-json\/wp\/v2\/users\/1"}],"replies":[{"embeddable":true,"href":"https:\/\/napoleon-armengol.com\/fr\/wp-json\/wp\/v2\/comments?post=2026"}],"version-history":[{"count":1,"href":"https:\/\/napoleon-armengol.com\/fr\/wp-json\/wp\/v2\/posts\/2026\/revisions"}],"predecessor-version":[{"id":2255,"href":"https:\/\/napoleon-armengol.com\/fr\/wp-json\/wp\/v2\/posts\/2026\/revisions\/2255"}],"wp:featuredmedia":[{"embeddable":true,"href":"https:\/\/napoleon-armengol.com\/fr\/wp-json\/wp\/v2\/media\/1854"}],"wp:attachment":[{"href":"https:\/\/napoleon-armengol.com\/fr\/wp-json\/wp\/v2\/media?parent=2026"}],"wp:term":[{"taxonomy":"category","embeddable":true,"href":"https:\/\/napoleon-armengol.com\/fr\/wp-json\/wp\/v2\/categories?post=2026"},{"taxonomy":"post_tag","embeddable":true,"href":"https:\/\/napoleon-armengol.com\/fr\/wp-json\/wp\/v2\/tags?post=2026"}],"curies":[{"name":"wp","href":"https:\/\/api.w.org\/{rel}","templated":true}]}}