{"id":476,"date":"2019-08-20T08:22:34","date_gmt":"2019-08-20T08:22:34","guid":{"rendered":"http:\/\/blog-napoleon-armengol.com\/?p=476"},"modified":"2024-01-24T12:23:38","modified_gmt":"2024-01-24T11:23:38","slug":"nuevas-medidas-del-idae-movilidad-sostenible-y-planes-de-transporte-al-trabajo","status":"publish","type":"post","link":"https:\/\/napoleon-armengol.com\/fr\/nuevas-medidas-del-idae-movilidad-sostenible-y-planes-de-transporte-al-trabajo\/","title":{"rendered":"NOUVELLES MESURES IDAE : MOBILIT\u00c9 DURABLE ET PLANS DE TRANSPORT POUR TRAVAILLER"},"content":{"rendered":"<p>L&#039;objectif final de l&#039;IDAE (Institut pour la Diversification et les \u00c9conomies d&#039;\u00c9nergie) est la r\u00e9duction des \u00e9missions de CO2 et autres substances nocives pour l&#039;environnement. C\u2019est pour cette raison qu\u2019il couvre des domaines qui, \u00e0 premi\u00e8re vue, semblent aussi disparates que la r\u00e9novation des b\u00e2timents et le soutien \u00e0 la mobilit\u00e9 durable. <\/p>\n\n\n\n<p>C&#039;est de ce dernier dont nous parlerons aujourd&#039;hui, puisque cette organisation a lanc\u00e9, en collaboration avec la CONAMA, un portail web (en plus d&#039;un guide au contenu similaire et totalement gratuit) o\u00f9 est abord\u00e9 le th\u00e8me de la mobilit\u00e9 durable, notamment ax\u00e9 sur les PTT. . (<strong>Les plans de transport fonctionnent<\/strong>) Pour les entreprises.<\/p>\n\n\n\n<p>Ce dernier fait est incontestablement important si l\u2019on consid\u00e8re l\u2019impact des transports sur les niveaux d\u2019\u00e9nergie. En plus d&#039;\u00eatre le secteur qui consomme le plus d&#039;\u00e9nergie finale (42% du total national), il a \u00e9galement une forte d\u00e9pendance aux combustibles d&#039;origine p\u00e9troli\u00e8re (plus de 94% de l&#039;\u00e9nergie utilis\u00e9e \u00e0 ces fins proviennent de combustibles fossiles) qui sont, comme c&#039;est d\u00e9j\u00e0 bien connu, parmi ceux qui g\u00e9n\u00e8rent les \u00e9missions de gaz les plus nocives (on estime que plus d&#039;un quart des \u00e9missions de CO2 sont dues \u00e0 la circulation de tous types de v\u00e9hicules).<\/p>\n\n\n\n<p>Le but de la cr\u00e9ation de cette page est de sensibiliser \u00e0 la n\u00e9cessit\u00e9 de plans de mobilit\u00e9 tant pour les entreprises que pour les particuliers (m\u00eame si elle se concentre particuli\u00e8rement sur les PTT susmentionn\u00e9s), de les informer et de fournir des ressources aux utilisateurs, en leur ouvrant les yeux sur l&#039;importance d&#039;avoir des plans de mobilit\u00e9 dynamiques. villes et en m\u00eame temps <em>respectueux de la nature<\/em>.<\/p>\n\n\n\n<p><strong>Pourquoi les PTT sont-ils si importants\u00a0?<\/strong><\/p>\n\n\n\n<p>Il est facile de constater que la majorit\u00e9 des transports que nous effectuons r\u00e9guli\u00e8rement est pour nous rendre au travail. C&#039;est quelque chose qui prend une partie importante de notre temps, c&#039;est pourquoi nous y consacrons au moins quelques d\u00e9placements par jour et, souvent, nous les faisons dans des v\u00e9hicules priv\u00e9s. Les statistiques indiquent qu&#039;en Espagne, environ 40 millions de transports quotidiens sont effectu\u00e9s \u00e0 des fins professionnelles, et un nombre alarmant d&#039;entre eux sont effectu\u00e9s dans des voitures priv\u00e9es et avec un seul occupant.<\/p>\n\n\n\n<p><strong>Que sont les PTT ?<\/strong><\/p>\n\n\n\n<p>Les PTT sont un ensemble de mesures que l&#039;entreprise mettrait en place et qui n\u00e9cessiteraient la collaboration des travailleurs. Ils consistent \u00e0 rationaliser le nombre de d\u00e9placements au travail effectu\u00e9s par les travailleurs, les fournisseurs, etc., ainsi qu&#039;\u00e0 sensibiliser \u00e0 la n\u00e9cessit\u00e9 de mener une vie plus durable et \u00e0 proposer l&#039;utilisation de moyens de transport moins nocifs pour l&#039;environnement.<\/p>\n\n\n\n<p><strong>Quelles mesures proposent-ils ?<\/strong>\n\nLes mesures propos\u00e9es sont vari\u00e9es. Cela va du simple covoiturage \u00e0 l&#039;aller au travail \u00e0 v\u00e9lo ou en transports en commun. La plupart sont simples et semblent quelque peu futiles, mais \u00e0 un niveau macroscopique, elles peuvent faire une grande diff\u00e9rence.\n\n\n\n<\/p>","protected":false},"excerpt":{"rendered":"<p>El objetivo final del IDAE (Instituto de Diversificaci\u00f3n y Ahorro Energ\u00e9tico) es la reducci\u00f3n de las emisiones de CO2 y otras sustancias nocivas para el medio ambiente. Por eso mismo abarca \u00e1reas que a primera vista parecen tan dispares como lo son la remodelaci\u00f3n de edificios y el apoyo a una movilidad sostenible. De esto&#8230;<\/p>","protected":false},"author":1,"featured_media":477,"comment_status":"closed","ping_status":"closed","sticky":false,"template":"","format":"standard","meta":{"_acf_changed":false,"_kad_blocks_custom_css":"","_kad_blocks_head_custom_js":"","_kad_blocks_body_custom_js":"","_kad_blocks_footer_custom_js":"","_kad_post_transparent":"","_kad_post_title":"","_kad_post_layout":"","_kad_post_sidebar_id":"","_kad_post_content_style":"","_kad_post_vertical_padding":"","_kad_post_feature":"","_kad_post_feature_position":"","_kad_post_header":false,"_kad_post_footer":false,"footnotes":""},"categories":[69],"tags":[],"class_list":["post-476","post","type-post","status-publish","format-standard","has-post-thumbnail","hentry","category-economia"],"acf":[],"yoast_head":"<!-- This site is optimized with the Yoast SEO plugin v27.4 - https:\/\/yoast.com\/product\/yoast-seo-wordpress\/ -->\n<title>NUEVAS MEDIDAS DEL IDAE: MOVILIDAD SOSTENIBLE Y PLANES DE TRANSPORTE AL TRABAJO - Armengol<\/title>\n<meta name=\"robots\" content=\"index, follow, max-snippet:-1, max-image-preview:large, max-video-preview:-1\" \/>\n<link rel=\"canonical\" href=\"https:\/\/napoleon-armengol.com\/fr\/nuevas-medidas-del-idae-movilidad-sostenible-y-planes-de-transporte-al-trabajo\/\" \/>\n<meta property=\"og:locale\" content=\"fr_FR\" \/>\n<meta property=\"og:type\" content=\"article\" \/>\n<meta property=\"og:title\" content=\"NUEVAS MEDIDAS DEL IDAE: MOVILIDAD SOSTENIBLE Y PLANES DE TRANSPORTE AL TRABAJO - Armengol\" \/>\n<meta property=\"og:description\" content=\"El objetivo final del IDAE (Instituto de Diversificaci\u00f3n y Ahorro Energ\u00e9tico) es la reducci\u00f3n de las emisiones de CO2 y otras sustancias nocivas para el medio ambiente. Por eso mismo abarca \u00e1reas que a primera vista parecen tan dispares como lo son la remodelaci\u00f3n de edificios y el apoyo a una movilidad sostenible. De esto...\" \/>\n<meta property=\"og:url\" content=\"https:\/\/napoleon-armengol.com\/fr\/nuevas-medidas-del-idae-movilidad-sostenible-y-planes-de-transporte-al-trabajo\/\" \/>\n<meta property=\"og:site_name\" content=\"Armengol\" \/>\n<meta property=\"article:published_time\" content=\"2019-08-20T08:22:34+00:00\" \/>\n<meta property=\"article:modified_time\" content=\"2024-01-24T11:23:38+00:00\" \/>\n<meta property=\"og:image\" content=\"https:\/\/napoleon-armengol.com\/wp-content\/uploads\/2019\/08\/noticias-2.png\" \/>\n\t<meta property=\"og:image:width\" content=\"514\" \/>\n\t<meta property=\"og:image:height\" content=\"344\" \/>\n\t<meta property=\"og:image:type\" content=\"image\/png\" \/>\n<meta name=\"author\" content=\"admin\" \/>\n<meta name=\"twitter:card\" content=\"summary_large_image\" \/>\n<meta name=\"twitter:label1\" content=\"\u00c9crit par\" \/>\n\t<meta name=\"twitter:data1\" content=\"admin\" \/>\n\t<meta name=\"twitter:label2\" content=\"Dur\u00e9e de lecture estim\u00e9e\" \/>\n\t<meta name=\"twitter:data2\" content=\"3 minutes\" \/>\n<script type=\"application\/ld+json\" class=\"yoast-schema-graph\">{\"@context\":\"https:\\\/\\\/schema.org\",\"@graph\":[{\"@type\":\"Article\",\"@id\":\"https:\\\/\\\/napoleon-armengol.com\\\/nuevas-medidas-del-idae-movilidad-sostenible-y-planes-de-transporte-al-trabajo\\\/#article\",\"isPartOf\":{\"@id\":\"https:\\\/\\\/napoleon-armengol.com\\\/nuevas-medidas-del-idae-movilidad-sostenible-y-planes-de-transporte-al-trabajo\\\/\"},\"author\":{\"name\":\"admin\",\"@id\":\"https:\\\/\\\/napoleon-armengol.com\\\/#\\\/schema\\\/person\\\/e558fc54676c8886a95c89646b733a67\"},\"headline\":\"NUEVAS MEDIDAS DEL IDAE: MOVILIDAD SOSTENIBLE Y PLANES DE TRANSPORTE AL TRABAJO\",\"datePublished\":\"2019-08-20T08:22:34+00:00\",\"dateModified\":\"2024-01-24T11:23:38+00:00\",\"mainEntityOfPage\":{\"@id\":\"https:\\\/\\\/napoleon-armengol.com\\\/nuevas-medidas-del-idae-movilidad-sostenible-y-planes-de-transporte-al-trabajo\\\/\"},\"wordCount\":519,\"publisher\":{\"@id\":\"https:\\\/\\\/napoleon-armengol.com\\\/#organization\"},\"image\":{\"@id\":\"https:\\\/\\\/napoleon-armengol.com\\\/nuevas-medidas-del-idae-movilidad-sostenible-y-planes-de-transporte-al-trabajo\\\/#primaryimage\"},\"thumbnailUrl\":\"https:\\\/\\\/napoleon-armengol.com\\\/wp-content\\\/uploads\\\/2019\\\/08\\\/noticias-2.png\",\"articleSection\":[\"Econom\u00eda\"],\"inLanguage\":\"fr-FR\"},{\"@type\":\"WebPage\",\"@id\":\"https:\\\/\\\/napoleon-armengol.com\\\/nuevas-medidas-del-idae-movilidad-sostenible-y-planes-de-transporte-al-trabajo\\\/\",\"url\":\"https:\\\/\\\/napoleon-armengol.com\\\/nuevas-medidas-del-idae-movilidad-sostenible-y-planes-de-transporte-al-trabajo\\\/\",\"name\":\"NUEVAS MEDIDAS DEL IDAE: MOVILIDAD SOSTENIBLE Y PLANES DE TRANSPORTE AL TRABAJO - Armengol\",\"isPartOf\":{\"@id\":\"https:\\\/\\\/napoleon-armengol.com\\\/#website\"},\"primaryImageOfPage\":{\"@id\":\"https:\\\/\\\/napoleon-armengol.com\\\/nuevas-medidas-del-idae-movilidad-sostenible-y-planes-de-transporte-al-trabajo\\\/#primaryimage\"},\"image\":{\"@id\":\"https:\\\/\\\/napoleon-armengol.com\\\/nuevas-medidas-del-idae-movilidad-sostenible-y-planes-de-transporte-al-trabajo\\\/#primaryimage\"},\"thumbnailUrl\":\"https:\\\/\\\/napoleon-armengol.com\\\/wp-content\\\/uploads\\\/2019\\\/08\\\/noticias-2.png\",\"datePublished\":\"2019-08-20T08:22:34+00:00\",\"dateModified\":\"2024-01-24T11:23:38+00:00\",\"breadcrumb\":{\"@id\":\"https:\\\/\\\/napoleon-armengol.com\\\/nuevas-medidas-del-idae-movilidad-sostenible-y-planes-de-transporte-al-trabajo\\\/#breadcrumb\"},\"inLanguage\":\"fr-FR\",\"potentialAction\":[{\"@type\":\"ReadAction\",\"target\":[\"https:\\\/\\\/napoleon-armengol.com\\\/nuevas-medidas-del-idae-movilidad-sostenible-y-planes-de-transporte-al-trabajo\\\/\"]}]},{\"@type\":\"ImageObject\",\"inLanguage\":\"fr-FR\",\"@id\":\"https:\\\/\\\/napoleon-armengol.com\\\/nuevas-medidas-del-idae-movilidad-sostenible-y-planes-de-transporte-al-trabajo\\\/#primaryimage\",\"url\":\"https:\\\/\\\/napoleon-armengol.com\\\/wp-content\\\/uploads\\\/2019\\\/08\\\/noticias-2.png\",\"contentUrl\":\"https:\\\/\\\/napoleon-armengol.com\\\/wp-content\\\/uploads\\\/2019\\\/08\\\/noticias-2.png\",\"width\":514,\"height\":344},{\"@type\":\"BreadcrumbList\",\"@id\":\"https:\\\/\\\/napoleon-armengol.com\\\/nuevas-medidas-del-idae-movilidad-sostenible-y-planes-de-transporte-al-trabajo\\\/#breadcrumb\",\"itemListElement\":[{\"@type\":\"ListItem\",\"position\":1,\"name\":\"Portada\",\"item\":\"https:\\\/\\\/napoleon-armengol.com\\\/\"},{\"@type\":\"ListItem\",\"position\":2,\"name\":\"NUEVAS MEDIDAS DEL IDAE: MOVILIDAD SOSTENIBLE Y PLANES DE TRANSPORTE AL TRABAJO\"}]},{\"@type\":\"WebSite\",\"@id\":\"https:\\\/\\\/napoleon-armengol.com\\\/#website\",\"url\":\"https:\\\/\\\/napoleon-armengol.com\\\/\",\"name\":\"Armengol\",\"description\":\"Seguridad y especializaci\u00f3n\",\"publisher\":{\"@id\":\"https:\\\/\\\/napoleon-armengol.com\\\/#organization\"},\"potentialAction\":[{\"@type\":\"SearchAction\",\"target\":{\"@type\":\"EntryPoint\",\"urlTemplate\":\"https:\\\/\\\/napoleon-armengol.com\\\/?s={search_term_string}\"},\"query-input\":{\"@type\":\"PropertyValueSpecification\",\"valueRequired\":true,\"valueName\":\"search_term_string\"}}],\"inLanguage\":\"fr-FR\"},{\"@type\":\"Organization\",\"@id\":\"https:\\\/\\\/napoleon-armengol.com\\\/#organization\",\"name\":\"Armengol\",\"url\":\"https:\\\/\\\/napoleon-armengol.com\\\/\",\"logo\":{\"@type\":\"ImageObject\",\"inLanguage\":\"fr-FR\",\"@id\":\"https:\\\/\\\/napoleon-armengol.com\\\/#\\\/schema\\\/logo\\\/image\\\/\",\"url\":\"https:\\\/\\\/napoleon-armengol.com\\\/wp-content\\\/uploads\\\/2023\\\/04\\\/LOGO-ARMENGOL.png\",\"contentUrl\":\"https:\\\/\\\/napoleon-armengol.com\\\/wp-content\\\/uploads\\\/2023\\\/04\\\/LOGO-ARMENGOL.png\",\"width\":460,\"height\":81,\"caption\":\"Armengol\"},\"image\":{\"@id\":\"https:\\\/\\\/napoleon-armengol.com\\\/#\\\/schema\\\/logo\\\/image\\\/\"}},{\"@type\":\"Person\",\"@id\":\"https:\\\/\\\/napoleon-armengol.com\\\/#\\\/schema\\\/person\\\/e558fc54676c8886a95c89646b733a67\",\"name\":\"admin\",\"sameAs\":[\"http:\\\/\\\/napoleon-armengol.com\"],\"url\":\"https:\\\/\\\/napoleon-armengol.com\\\/fr\\\/author\\\/admin_5wnh1vf4\\\/\"}]}<\/script>\n<!-- \/ Yoast SEO plugin. -->","yoast_head_json":{"title":"NUEVAS MEDIDAS DEL IDAE: MOVILIDAD SOSTENIBLE Y PLANES DE TRANSPORTE AL TRABAJO - Armengol","robots":{"index":"index","follow":"follow","max-snippet":"max-snippet:-1","max-image-preview":"max-image-preview:large","max-video-preview":"max-video-preview:-1"},"canonical":"https:\/\/napoleon-armengol.com\/fr\/nuevas-medidas-del-idae-movilidad-sostenible-y-planes-de-transporte-al-trabajo\/","og_locale":"fr_FR","og_type":"article","og_title":"NUEVAS MEDIDAS DEL IDAE: MOVILIDAD SOSTENIBLE Y PLANES DE TRANSPORTE AL TRABAJO - Armengol","og_description":"El objetivo final del IDAE (Instituto de Diversificaci\u00f3n y Ahorro Energ\u00e9tico) es la reducci\u00f3n de las emisiones de CO2 y otras sustancias nocivas para el medio ambiente. Por eso mismo abarca \u00e1reas que a primera vista parecen tan dispares como lo son la remodelaci\u00f3n de edificios y el apoyo a una movilidad sostenible. De esto...","og_url":"https:\/\/napoleon-armengol.com\/fr\/nuevas-medidas-del-idae-movilidad-sostenible-y-planes-de-transporte-al-trabajo\/","og_site_name":"Armengol","article_published_time":"2019-08-20T08:22:34+00:00","article_modified_time":"2024-01-24T11:23:38+00:00","og_image":[{"width":514,"height":344,"url":"https:\/\/napoleon-armengol.com\/wp-content\/uploads\/2019\/08\/noticias-2.png","type":"image\/png"}],"author":"admin","twitter_card":"summary_large_image","twitter_misc":{"\u00c9crit par":"admin","Dur\u00e9e de lecture estim\u00e9e":"3 minutes"},"schema":{"@context":"https:\/\/schema.org","@graph":[{"@type":"Article","@id":"https:\/\/napoleon-armengol.com\/nuevas-medidas-del-idae-movilidad-sostenible-y-planes-de-transporte-al-trabajo\/#article","isPartOf":{"@id":"https:\/\/napoleon-armengol.com\/nuevas-medidas-del-idae-movilidad-sostenible-y-planes-de-transporte-al-trabajo\/"},"author":{"name":"admin","@id":"https:\/\/napoleon-armengol.com\/#\/schema\/person\/e558fc54676c8886a95c89646b733a67"},"headline":"NUEVAS MEDIDAS DEL IDAE: MOVILIDAD SOSTENIBLE Y PLANES DE TRANSPORTE AL TRABAJO","datePublished":"2019-08-20T08:22:34+00:00","dateModified":"2024-01-24T11:23:38+00:00","mainEntityOfPage":{"@id":"https:\/\/napoleon-armengol.com\/nuevas-medidas-del-idae-movilidad-sostenible-y-planes-de-transporte-al-trabajo\/"},"wordCount":519,"publisher":{"@id":"https:\/\/napoleon-armengol.com\/#organization"},"image":{"@id":"https:\/\/napoleon-armengol.com\/nuevas-medidas-del-idae-movilidad-sostenible-y-planes-de-transporte-al-trabajo\/#primaryimage"},"thumbnailUrl":"https:\/\/napoleon-armengol.com\/wp-content\/uploads\/2019\/08\/noticias-2.png","articleSection":["Econom\u00eda"],"inLanguage":"fr-FR"},{"@type":"WebPage","@id":"https:\/\/napoleon-armengol.com\/nuevas-medidas-del-idae-movilidad-sostenible-y-planes-de-transporte-al-trabajo\/","url":"https:\/\/napoleon-armengol.com\/nuevas-medidas-del-idae-movilidad-sostenible-y-planes-de-transporte-al-trabajo\/","name":"NUEVAS MEDIDAS DEL IDAE: MOVILIDAD SOSTENIBLE Y PLANES DE TRANSPORTE AL TRABAJO - Armengol","isPartOf":{"@id":"https:\/\/napoleon-armengol.com\/#website"},"primaryImageOfPage":{"@id":"https:\/\/napoleon-armengol.com\/nuevas-medidas-del-idae-movilidad-sostenible-y-planes-de-transporte-al-trabajo\/#primaryimage"},"image":{"@id":"https:\/\/napoleon-armengol.com\/nuevas-medidas-del-idae-movilidad-sostenible-y-planes-de-transporte-al-trabajo\/#primaryimage"},"thumbnailUrl":"https:\/\/napoleon-armengol.com\/wp-content\/uploads\/2019\/08\/noticias-2.png","datePublished":"2019-08-20T08:22:34+00:00","dateModified":"2024-01-24T11:23:38+00:00","breadcrumb":{"@id":"https:\/\/napoleon-armengol.com\/nuevas-medidas-del-idae-movilidad-sostenible-y-planes-de-transporte-al-trabajo\/#breadcrumb"},"inLanguage":"fr-FR","potentialAction":[{"@type":"ReadAction","target":["https:\/\/napoleon-armengol.com\/nuevas-medidas-del-idae-movilidad-sostenible-y-planes-de-transporte-al-trabajo\/"]}]},{"@type":"ImageObject","inLanguage":"fr-FR","@id":"https:\/\/napoleon-armengol.com\/nuevas-medidas-del-idae-movilidad-sostenible-y-planes-de-transporte-al-trabajo\/#primaryimage","url":"https:\/\/napoleon-armengol.com\/wp-content\/uploads\/2019\/08\/noticias-2.png","contentUrl":"https:\/\/napoleon-armengol.com\/wp-content\/uploads\/2019\/08\/noticias-2.png","width":514,"height":344},{"@type":"BreadcrumbList","@id":"https:\/\/napoleon-armengol.com\/nuevas-medidas-del-idae-movilidad-sostenible-y-planes-de-transporte-al-trabajo\/#breadcrumb","itemListElement":[{"@type":"ListItem","position":1,"name":"Portada","item":"https:\/\/napoleon-armengol.com\/"},{"@type":"ListItem","position":2,"name":"NUEVAS MEDIDAS DEL IDAE: MOVILIDAD SOSTENIBLE Y PLANES DE TRANSPORTE AL TRABAJO"}]},{"@type":"WebSite","@id":"https:\/\/napoleon-armengol.com\/#website","url":"https:\/\/napoleon-armengol.com\/","name":"Armengol","description":"Seguridad y especializaci\u00f3n","publisher":{"@id":"https:\/\/napoleon-armengol.com\/#organization"},"potentialAction":[{"@type":"SearchAction","target":{"@type":"EntryPoint","urlTemplate":"https:\/\/napoleon-armengol.com\/?s={search_term_string}"},"query-input":{"@type":"PropertyValueSpecification","valueRequired":true,"valueName":"search_term_string"}}],"inLanguage":"fr-FR"},{"@type":"Organization","@id":"https:\/\/napoleon-armengol.com\/#organization","name":"Armengol","url":"https:\/\/napoleon-armengol.com\/","logo":{"@type":"ImageObject","inLanguage":"fr-FR","@id":"https:\/\/napoleon-armengol.com\/#\/schema\/logo\/image\/","url":"https:\/\/napoleon-armengol.com\/wp-content\/uploads\/2023\/04\/LOGO-ARMENGOL.png","contentUrl":"https:\/\/napoleon-armengol.com\/wp-content\/uploads\/2023\/04\/LOGO-ARMENGOL.png","width":460,"height":81,"caption":"Armengol"},"image":{"@id":"https:\/\/napoleon-armengol.com\/#\/schema\/logo\/image\/"}},{"@type":"Person","@id":"https:\/\/napoleon-armengol.com\/#\/schema\/person\/e558fc54676c8886a95c89646b733a67","name":"admin","sameAs":["http:\/\/napoleon-armengol.com"],"url":"https:\/\/napoleon-armengol.com\/fr\/author\/admin_5wnh1vf4\/"}]}},"taxonomy_info":{"category":[{"value":69,"label":"Econom\u00eda"}]},"featured_image_src_large":["https:\/\/napoleon-armengol.com\/wp-content\/uploads\/2019\/08\/noticias-2.png",514,344,false],"author_info":{"display_name":"admin","author_link":"https:\/\/napoleon-armengol.com\/fr\/author\/admin_5wnh1vf4\/"},"comment_info":0,"category_info":[{"term_id":69,"name":"Econom\u00eda","slug":"economia","term_group":0,"term_taxonomy_id":69,"taxonomy":"category","description":"","parent":0,"count":57,"filter":"raw","term_order":"0","cat_ID":69,"category_count":57,"category_description":"","cat_name":"Econom\u00eda","category_nicename":"economia","category_parent":0}],"tag_info":false,"_links":{"self":[{"href":"https:\/\/napoleon-armengol.com\/fr\/wp-json\/wp\/v2\/posts\/476","targetHints":{"allow":["GET"]}}],"collection":[{"href":"https:\/\/napoleon-armengol.com\/fr\/wp-json\/wp\/v2\/posts"}],"about":[{"href":"https:\/\/napoleon-armengol.com\/fr\/wp-json\/wp\/v2\/types\/post"}],"author":[{"embeddable":true,"href":"https:\/\/napoleon-armengol.com\/fr\/wp-json\/wp\/v2\/users\/1"}],"replies":[{"embeddable":true,"href":"https:\/\/napoleon-armengol.com\/fr\/wp-json\/wp\/v2\/comments?post=476"}],"version-history":[{"count":1,"href":"https:\/\/napoleon-armengol.com\/fr\/wp-json\/wp\/v2\/posts\/476\/revisions"}],"predecessor-version":[{"id":2308,"href":"https:\/\/napoleon-armengol.com\/fr\/wp-json\/wp\/v2\/posts\/476\/revisions\/2308"}],"wp:featuredmedia":[{"embeddable":true,"href":"https:\/\/napoleon-armengol.com\/fr\/wp-json\/wp\/v2\/media\/477"}],"wp:attachment":[{"href":"https:\/\/napoleon-armengol.com\/fr\/wp-json\/wp\/v2\/media?parent=476"}],"wp:term":[{"taxonomy":"category","embeddable":true,"href":"https:\/\/napoleon-armengol.com\/fr\/wp-json\/wp\/v2\/categories?post=476"},{"taxonomy":"post_tag","embeddable":true,"href":"https:\/\/napoleon-armengol.com\/fr\/wp-json\/wp\/v2\/tags?post=476"}],"curies":[{"name":"wp","href":"https:\/\/api.w.org\/{rel}","templated":true}]}}