{"id":479,"date":"2019-08-20T08:23:46","date_gmt":"2019-08-20T08:23:46","guid":{"rendered":"http:\/\/blog-napoleon-armengol.com\/?p=479"},"modified":"2024-01-24T12:23:33","modified_gmt":"2024-01-24T11:23:33","slug":"la-realentizacion-del-pib","status":"publish","type":"post","link":"https:\/\/napoleon-armengol.com\/fr\/la-realentizacion-del-pib\/","title":{"rendered":"LA R\u00c9ALISATION DU PIB"},"content":{"rendered":"<p>Il est courant de constater une baisse du PIB \u00e0 certaines p\u00e9riodes de l\u2019ann\u00e9e o\u00f9 la production ralentit, mais cela est ensuite compens\u00e9 par une croissance qui ram\u00e8ne cette ampleur \u00e0 des niveaux normaux. Cela n&#039;a pas \u00e9t\u00e9 le cas cette ann\u00e9e, car au cours du deuxi\u00e8me trimestre (correspondant aux mois d&#039;avril, mai et juin) de cette ann\u00e9e, la croissance a \u00e9t\u00e9 \u00e0 peine de 0,51 TP3T en taux trimestriel, la plus basse des cinq derni\u00e8res ann\u00e9es. <\/p>\n\n\n\n<p>Ce freinage intervient dans un contexte de ralentissement commun \u00e0 tous les pays du monde et, malgr\u00e9 cela, l&#039;\u00e9conomie espagnole se trouve dans une situation de stabilit\u00e9 difficilement imaginable il y a quelques mois ; \u00e0 tel point que le FMI a \u00e9t\u00e9 contraint d&#039;augmenter de deux dixi\u00e8mes sa pr\u00e9vision de croissance pour cette ann\u00e9e, atteignant ainsi le 2&#039;3% que la Commission europ\u00e9enne avait \u00e9galement annonc\u00e9 il y a quelques semaines. <\/p>\n\n\n\n<p>Ce freinage intervient dans un contexte de ralentissement commun \u00e0 tous les pays du monde et, malgr\u00e9 cela, l&#039;\u00e9conomie espagnole se trouve dans une situation de stabilit\u00e9 difficilement imaginable il y a quelques mois ; \u00e0 tel point que le FMI a \u00e9t\u00e9 contraint d&#039;augmenter de deux dixi\u00e8mes sa pr\u00e9vision de croissance pour cette ann\u00e9e, atteignant ainsi le 2&#039;3% que la Commission europ\u00e9enne avait \u00e9galement annonc\u00e9 il y a quelques semaines. <\/p>\n\n\n\n<p>Cependant, m\u00eame si le ralentissement n&#039;est pas si grave en Espagne (puisque c&#039;est le pays avec la plus forte croissance de toute la zone euro), les pr\u00e9visions pour l&#039;ann\u00e9e suivante ne sont pas aussi encourageantes. Cette ann\u00e9e, il sera possible de d\u00e9passer la barri\u00e8re des 2%, mais ce qui se profile l&#039;ann\u00e9e prochaine pourrait ne pas \u00eatre aussi encourageant, car on estime que la croissance en 2020 serait d&#039;environ 1&#039;9%. Il s\u2019agit de la premi\u00e8re croissance inf\u00e9rieure \u00e0 2% depuis 2014, ann\u00e9e au cours de laquelle les \u00e9conomistes ont trac\u00e9 la ligne finale de la grave crise \u00e9conomique qui a secou\u00e9 le pays. <\/p>\n\n\n\n<p>Cette estimation a \u00e9t\u00e9 incluse dans le tableau macro\u00e9conomique qui accompagne le plan budg\u00e9taire du gouvernement actuel, donc \u00e0 l&#039;heure actuelle, m\u00eame si l&#039;Espagne reste \u00e0 flot et d\u00e9passe nombre de ses pays voisins, le ralentissement dont souffre son \u00e9conomie est ind\u00e9niable. On s&#039;attend \u00e0 ce que les deux premiers trimestres de 2020 g\u00e9n\u00e8rent une croissance d&#039;environ 0,51 TP3T, tandis que les troisi\u00e8me et quatri\u00e8me subiront un l\u00e9ger ralentissement responsable de la baisse susmentionn\u00e9e. Cela sera d\u00fb \u00e0 l\u2019affaiblissement de la contribution de la demande nationale et \u00e0 une d\u00e9gradation du secteur \u00e9tranger. <\/p>\n\n\n\n<p>Ainsi, non seulement les ann\u00e9es glorieuses du pass\u00e9 au cours desquelles, lors de la sortie de crise, la croissance pourrait parfaitement d\u00e9passer 3%, mais il semble \u00e9galement que 2% rejoindra, le plus t\u00f4t possible, la ligue des l\u00e9gendes pass\u00e9es. Les gouvernements qui ont exist\u00e9 pendant cette p\u00e9riode de croissance n&#039;ont pas su appliquer les mesures et les r\u00e9formes n\u00e9cessaires pour stabiliser la situation \u00e9conomique et donner un pied \u00e0 l&#039;Espagne face \u00e0 d&#039;\u00e9ventuelles crises futures, comme celle qui nous menace actuellement. <\/p>\n\n\n\n<p>Malgr\u00e9 cela, en 2020, l\u2019Espagne continuera d\u2019\u00eatre l\u2019une des puissances industrialis\u00e9es qui conna\u00eetra la plus forte croissance, d\u00e9pass\u00e9e seulement par les \u00c9tats-Unis et laissant derri\u00e8re elle ses homologues europ\u00e9ennes. <\/p>","protected":false},"excerpt":{"rendered":"<p>Es habitual ver decrecimientos del PIB en ciertos momentos del a\u00f1o donde la producci\u00f3n se realentiza, pero esto viene luego compensado con un crecimiento que devuelve esta magnitud a niveles normales. No ha sido as\u00ed este a\u00f1o, pues durante el segundo trimestre (correspondiente a los meses de abril, mayo y junio) de este a\u00f1o, el&#8230;<\/p>","protected":false},"author":1,"featured_media":480,"comment_status":"closed","ping_status":"closed","sticky":false,"template":"","format":"standard","meta":{"_acf_changed":false,"_kad_blocks_custom_css":"","_kad_blocks_head_custom_js":"","_kad_blocks_body_custom_js":"","_kad_blocks_footer_custom_js":"","_kad_post_transparent":"","_kad_post_title":"","_kad_post_layout":"","_kad_post_sidebar_id":"","_kad_post_content_style":"","_kad_post_vertical_padding":"","_kad_post_feature":"","_kad_post_feature_position":"","_kad_post_header":false,"_kad_post_footer":false,"footnotes":""},"categories":[69],"tags":[],"class_list":["post-479","post","type-post","status-publish","format-standard","has-post-thumbnail","hentry","category-economia"],"acf":[],"yoast_head":"<!-- This site is optimized with the Yoast SEO plugin v27.4 - https:\/\/yoast.com\/product\/yoast-seo-wordpress\/ -->\n<title>LA REALENTIZACI\u00d3N DEL PIB - Armengol<\/title>\n<meta name=\"robots\" content=\"index, follow, max-snippet:-1, max-image-preview:large, max-video-preview:-1\" \/>\n<link rel=\"canonical\" href=\"https:\/\/napoleon-armengol.com\/fr\/la-realentizacion-del-pib\/\" \/>\n<meta property=\"og:locale\" content=\"fr_FR\" \/>\n<meta property=\"og:type\" content=\"article\" \/>\n<meta property=\"og:title\" content=\"LA REALENTIZACI\u00d3N DEL PIB - Armengol\" \/>\n<meta property=\"og:description\" content=\"Es habitual ver decrecimientos del PIB en ciertos momentos del a\u00f1o donde la producci\u00f3n se realentiza, pero esto viene luego compensado con un crecimiento que devuelve esta magnitud a niveles normales. No ha sido as\u00ed este a\u00f1o, pues durante el segundo trimestre (correspondiente a los meses de abril, mayo y junio) de este a\u00f1o, el...\" \/>\n<meta property=\"og:url\" content=\"https:\/\/napoleon-armengol.com\/fr\/la-realentizacion-del-pib\/\" \/>\n<meta property=\"og:site_name\" content=\"Armengol\" \/>\n<meta property=\"article:published_time\" content=\"2019-08-20T08:23:46+00:00\" \/>\n<meta property=\"article:modified_time\" content=\"2024-01-24T11:23:33+00:00\" \/>\n<meta property=\"og:image\" content=\"https:\/\/napoleon-armengol.com\/wp-content\/uploads\/2019\/08\/realentizacion-del-pib.png\" \/>\n\t<meta property=\"og:image:width\" content=\"514\" \/>\n\t<meta property=\"og:image:height\" content=\"344\" \/>\n\t<meta property=\"og:image:type\" content=\"image\/png\" \/>\n<meta name=\"author\" content=\"admin\" \/>\n<meta name=\"twitter:card\" content=\"summary_large_image\" \/>\n<meta name=\"twitter:label1\" content=\"\u00c9crit par\" \/>\n\t<meta name=\"twitter:data1\" content=\"admin\" \/>\n\t<meta name=\"twitter:label2\" content=\"Dur\u00e9e de lecture estim\u00e9e\" \/>\n\t<meta name=\"twitter:data2\" content=\"3 minutes\" \/>\n<script type=\"application\/ld+json\" class=\"yoast-schema-graph\">{\"@context\":\"https:\\\/\\\/schema.org\",\"@graph\":[{\"@type\":\"Article\",\"@id\":\"https:\\\/\\\/napoleon-armengol.com\\\/la-realentizacion-del-pib\\\/#article\",\"isPartOf\":{\"@id\":\"https:\\\/\\\/napoleon-armengol.com\\\/la-realentizacion-del-pib\\\/\"},\"author\":{\"name\":\"admin\",\"@id\":\"https:\\\/\\\/napoleon-armengol.com\\\/#\\\/schema\\\/person\\\/e558fc54676c8886a95c89646b733a67\"},\"headline\":\"LA REALENTIZACI\u00d3N DEL PIB\",\"datePublished\":\"2019-08-20T08:23:46+00:00\",\"dateModified\":\"2024-01-24T11:23:33+00:00\",\"mainEntityOfPage\":{\"@id\":\"https:\\\/\\\/napoleon-armengol.com\\\/la-realentizacion-del-pib\\\/\"},\"wordCount\":596,\"publisher\":{\"@id\":\"https:\\\/\\\/napoleon-armengol.com\\\/#organization\"},\"image\":{\"@id\":\"https:\\\/\\\/napoleon-armengol.com\\\/la-realentizacion-del-pib\\\/#primaryimage\"},\"thumbnailUrl\":\"https:\\\/\\\/napoleon-armengol.com\\\/wp-content\\\/uploads\\\/2019\\\/08\\\/realentizacion-del-pib.png\",\"articleSection\":[\"Econom\u00eda\"],\"inLanguage\":\"fr-FR\"},{\"@type\":\"WebPage\",\"@id\":\"https:\\\/\\\/napoleon-armengol.com\\\/la-realentizacion-del-pib\\\/\",\"url\":\"https:\\\/\\\/napoleon-armengol.com\\\/la-realentizacion-del-pib\\\/\",\"name\":\"LA REALENTIZACI\u00d3N DEL PIB - Armengol\",\"isPartOf\":{\"@id\":\"https:\\\/\\\/napoleon-armengol.com\\\/#website\"},\"primaryImageOfPage\":{\"@id\":\"https:\\\/\\\/napoleon-armengol.com\\\/la-realentizacion-del-pib\\\/#primaryimage\"},\"image\":{\"@id\":\"https:\\\/\\\/napoleon-armengol.com\\\/la-realentizacion-del-pib\\\/#primaryimage\"},\"thumbnailUrl\":\"https:\\\/\\\/napoleon-armengol.com\\\/wp-content\\\/uploads\\\/2019\\\/08\\\/realentizacion-del-pib.png\",\"datePublished\":\"2019-08-20T08:23:46+00:00\",\"dateModified\":\"2024-01-24T11:23:33+00:00\",\"breadcrumb\":{\"@id\":\"https:\\\/\\\/napoleon-armengol.com\\\/la-realentizacion-del-pib\\\/#breadcrumb\"},\"inLanguage\":\"fr-FR\",\"potentialAction\":[{\"@type\":\"ReadAction\",\"target\":[\"https:\\\/\\\/napoleon-armengol.com\\\/la-realentizacion-del-pib\\\/\"]}]},{\"@type\":\"ImageObject\",\"inLanguage\":\"fr-FR\",\"@id\":\"https:\\\/\\\/napoleon-armengol.com\\\/la-realentizacion-del-pib\\\/#primaryimage\",\"url\":\"https:\\\/\\\/napoleon-armengol.com\\\/wp-content\\\/uploads\\\/2019\\\/08\\\/realentizacion-del-pib.png\",\"contentUrl\":\"https:\\\/\\\/napoleon-armengol.com\\\/wp-content\\\/uploads\\\/2019\\\/08\\\/realentizacion-del-pib.png\",\"width\":514,\"height\":344},{\"@type\":\"BreadcrumbList\",\"@id\":\"https:\\\/\\\/napoleon-armengol.com\\\/la-realentizacion-del-pib\\\/#breadcrumb\",\"itemListElement\":[{\"@type\":\"ListItem\",\"position\":1,\"name\":\"Portada\",\"item\":\"https:\\\/\\\/napoleon-armengol.com\\\/\"},{\"@type\":\"ListItem\",\"position\":2,\"name\":\"LA REALENTIZACI\u00d3N DEL PIB\"}]},{\"@type\":\"WebSite\",\"@id\":\"https:\\\/\\\/napoleon-armengol.com\\\/#website\",\"url\":\"https:\\\/\\\/napoleon-armengol.com\\\/\",\"name\":\"Armengol\",\"description\":\"Seguridad y especializaci\u00f3n\",\"publisher\":{\"@id\":\"https:\\\/\\\/napoleon-armengol.com\\\/#organization\"},\"potentialAction\":[{\"@type\":\"SearchAction\",\"target\":{\"@type\":\"EntryPoint\",\"urlTemplate\":\"https:\\\/\\\/napoleon-armengol.com\\\/?s={search_term_string}\"},\"query-input\":{\"@type\":\"PropertyValueSpecification\",\"valueRequired\":true,\"valueName\":\"search_term_string\"}}],\"inLanguage\":\"fr-FR\"},{\"@type\":\"Organization\",\"@id\":\"https:\\\/\\\/napoleon-armengol.com\\\/#organization\",\"name\":\"Armengol\",\"url\":\"https:\\\/\\\/napoleon-armengol.com\\\/\",\"logo\":{\"@type\":\"ImageObject\",\"inLanguage\":\"fr-FR\",\"@id\":\"https:\\\/\\\/napoleon-armengol.com\\\/#\\\/schema\\\/logo\\\/image\\\/\",\"url\":\"https:\\\/\\\/napoleon-armengol.com\\\/wp-content\\\/uploads\\\/2023\\\/04\\\/LOGO-ARMENGOL.png\",\"contentUrl\":\"https:\\\/\\\/napoleon-armengol.com\\\/wp-content\\\/uploads\\\/2023\\\/04\\\/LOGO-ARMENGOL.png\",\"width\":460,\"height\":81,\"caption\":\"Armengol\"},\"image\":{\"@id\":\"https:\\\/\\\/napoleon-armengol.com\\\/#\\\/schema\\\/logo\\\/image\\\/\"}},{\"@type\":\"Person\",\"@id\":\"https:\\\/\\\/napoleon-armengol.com\\\/#\\\/schema\\\/person\\\/e558fc54676c8886a95c89646b733a67\",\"name\":\"admin\",\"sameAs\":[\"http:\\\/\\\/napoleon-armengol.com\"],\"url\":\"https:\\\/\\\/napoleon-armengol.com\\\/fr\\\/author\\\/admin_5wnh1vf4\\\/\"}]}<\/script>\n<!-- \/ Yoast SEO plugin. -->","yoast_head_json":{"title":"LA REALENTIZACI\u00d3N DEL PIB - Armengol","robots":{"index":"index","follow":"follow","max-snippet":"max-snippet:-1","max-image-preview":"max-image-preview:large","max-video-preview":"max-video-preview:-1"},"canonical":"https:\/\/napoleon-armengol.com\/fr\/la-realentizacion-del-pib\/","og_locale":"fr_FR","og_type":"article","og_title":"LA REALENTIZACI\u00d3N DEL PIB - Armengol","og_description":"Es habitual ver decrecimientos del PIB en ciertos momentos del a\u00f1o donde la producci\u00f3n se realentiza, pero esto viene luego compensado con un crecimiento que devuelve esta magnitud a niveles normales. No ha sido as\u00ed este a\u00f1o, pues durante el segundo trimestre (correspondiente a los meses de abril, mayo y junio) de este a\u00f1o, el...","og_url":"https:\/\/napoleon-armengol.com\/fr\/la-realentizacion-del-pib\/","og_site_name":"Armengol","article_published_time":"2019-08-20T08:23:46+00:00","article_modified_time":"2024-01-24T11:23:33+00:00","og_image":[{"width":514,"height":344,"url":"https:\/\/napoleon-armengol.com\/wp-content\/uploads\/2019\/08\/realentizacion-del-pib.png","type":"image\/png"}],"author":"admin","twitter_card":"summary_large_image","twitter_misc":{"\u00c9crit par":"admin","Dur\u00e9e de lecture estim\u00e9e":"3 minutes"},"schema":{"@context":"https:\/\/schema.org","@graph":[{"@type":"Article","@id":"https:\/\/napoleon-armengol.com\/la-realentizacion-del-pib\/#article","isPartOf":{"@id":"https:\/\/napoleon-armengol.com\/la-realentizacion-del-pib\/"},"author":{"name":"admin","@id":"https:\/\/napoleon-armengol.com\/#\/schema\/person\/e558fc54676c8886a95c89646b733a67"},"headline":"LA REALENTIZACI\u00d3N DEL PIB","datePublished":"2019-08-20T08:23:46+00:00","dateModified":"2024-01-24T11:23:33+00:00","mainEntityOfPage":{"@id":"https:\/\/napoleon-armengol.com\/la-realentizacion-del-pib\/"},"wordCount":596,"publisher":{"@id":"https:\/\/napoleon-armengol.com\/#organization"},"image":{"@id":"https:\/\/napoleon-armengol.com\/la-realentizacion-del-pib\/#primaryimage"},"thumbnailUrl":"https:\/\/napoleon-armengol.com\/wp-content\/uploads\/2019\/08\/realentizacion-del-pib.png","articleSection":["Econom\u00eda"],"inLanguage":"fr-FR"},{"@type":"WebPage","@id":"https:\/\/napoleon-armengol.com\/la-realentizacion-del-pib\/","url":"https:\/\/napoleon-armengol.com\/la-realentizacion-del-pib\/","name":"LA REALENTIZACI\u00d3N DEL PIB - Armengol","isPartOf":{"@id":"https:\/\/napoleon-armengol.com\/#website"},"primaryImageOfPage":{"@id":"https:\/\/napoleon-armengol.com\/la-realentizacion-del-pib\/#primaryimage"},"image":{"@id":"https:\/\/napoleon-armengol.com\/la-realentizacion-del-pib\/#primaryimage"},"thumbnailUrl":"https:\/\/napoleon-armengol.com\/wp-content\/uploads\/2019\/08\/realentizacion-del-pib.png","datePublished":"2019-08-20T08:23:46+00:00","dateModified":"2024-01-24T11:23:33+00:00","breadcrumb":{"@id":"https:\/\/napoleon-armengol.com\/la-realentizacion-del-pib\/#breadcrumb"},"inLanguage":"fr-FR","potentialAction":[{"@type":"ReadAction","target":["https:\/\/napoleon-armengol.com\/la-realentizacion-del-pib\/"]}]},{"@type":"ImageObject","inLanguage":"fr-FR","@id":"https:\/\/napoleon-armengol.com\/la-realentizacion-del-pib\/#primaryimage","url":"https:\/\/napoleon-armengol.com\/wp-content\/uploads\/2019\/08\/realentizacion-del-pib.png","contentUrl":"https:\/\/napoleon-armengol.com\/wp-content\/uploads\/2019\/08\/realentizacion-del-pib.png","width":514,"height":344},{"@type":"BreadcrumbList","@id":"https:\/\/napoleon-armengol.com\/la-realentizacion-del-pib\/#breadcrumb","itemListElement":[{"@type":"ListItem","position":1,"name":"Portada","item":"https:\/\/napoleon-armengol.com\/"},{"@type":"ListItem","position":2,"name":"LA REALENTIZACI\u00d3N DEL PIB"}]},{"@type":"WebSite","@id":"https:\/\/napoleon-armengol.com\/#website","url":"https:\/\/napoleon-armengol.com\/","name":"Armengol","description":"Seguridad y especializaci\u00f3n","publisher":{"@id":"https:\/\/napoleon-armengol.com\/#organization"},"potentialAction":[{"@type":"SearchAction","target":{"@type":"EntryPoint","urlTemplate":"https:\/\/napoleon-armengol.com\/?s={search_term_string}"},"query-input":{"@type":"PropertyValueSpecification","valueRequired":true,"valueName":"search_term_string"}}],"inLanguage":"fr-FR"},{"@type":"Organization","@id":"https:\/\/napoleon-armengol.com\/#organization","name":"Armengol","url":"https:\/\/napoleon-armengol.com\/","logo":{"@type":"ImageObject","inLanguage":"fr-FR","@id":"https:\/\/napoleon-armengol.com\/#\/schema\/logo\/image\/","url":"https:\/\/napoleon-armengol.com\/wp-content\/uploads\/2023\/04\/LOGO-ARMENGOL.png","contentUrl":"https:\/\/napoleon-armengol.com\/wp-content\/uploads\/2023\/04\/LOGO-ARMENGOL.png","width":460,"height":81,"caption":"Armengol"},"image":{"@id":"https:\/\/napoleon-armengol.com\/#\/schema\/logo\/image\/"}},{"@type":"Person","@id":"https:\/\/napoleon-armengol.com\/#\/schema\/person\/e558fc54676c8886a95c89646b733a67","name":"admin","sameAs":["http:\/\/napoleon-armengol.com"],"url":"https:\/\/napoleon-armengol.com\/fr\/author\/admin_5wnh1vf4\/"}]}},"taxonomy_info":{"category":[{"value":69,"label":"Econom\u00eda"}]},"featured_image_src_large":["https:\/\/napoleon-armengol.com\/wp-content\/uploads\/2019\/08\/realentizacion-del-pib.png",514,344,false],"author_info":{"display_name":"admin","author_link":"https:\/\/napoleon-armengol.com\/fr\/author\/admin_5wnh1vf4\/"},"comment_info":0,"category_info":[{"term_id":69,"name":"Econom\u00eda","slug":"economia","term_group":0,"term_taxonomy_id":69,"taxonomy":"category","description":"","parent":0,"count":57,"filter":"raw","term_order":"0","cat_ID":69,"category_count":57,"category_description":"","cat_name":"Econom\u00eda","category_nicename":"economia","category_parent":0}],"tag_info":false,"_links":{"self":[{"href":"https:\/\/napoleon-armengol.com\/fr\/wp-json\/wp\/v2\/posts\/479","targetHints":{"allow":["GET"]}}],"collection":[{"href":"https:\/\/napoleon-armengol.com\/fr\/wp-json\/wp\/v2\/posts"}],"about":[{"href":"https:\/\/napoleon-armengol.com\/fr\/wp-json\/wp\/v2\/types\/post"}],"author":[{"embeddable":true,"href":"https:\/\/napoleon-armengol.com\/fr\/wp-json\/wp\/v2\/users\/1"}],"replies":[{"embeddable":true,"href":"https:\/\/napoleon-armengol.com\/fr\/wp-json\/wp\/v2\/comments?post=479"}],"version-history":[{"count":1,"href":"https:\/\/napoleon-armengol.com\/fr\/wp-json\/wp\/v2\/posts\/479\/revisions"}],"predecessor-version":[{"id":2307,"href":"https:\/\/napoleon-armengol.com\/fr\/wp-json\/wp\/v2\/posts\/479\/revisions\/2307"}],"wp:featuredmedia":[{"embeddable":true,"href":"https:\/\/napoleon-armengol.com\/fr\/wp-json\/wp\/v2\/media\/480"}],"wp:attachment":[{"href":"https:\/\/napoleon-armengol.com\/fr\/wp-json\/wp\/v2\/media?parent=479"}],"wp:term":[{"taxonomy":"category","embeddable":true,"href":"https:\/\/napoleon-armengol.com\/fr\/wp-json\/wp\/v2\/categories?post=479"},{"taxonomy":"post_tag","embeddable":true,"href":"https:\/\/napoleon-armengol.com\/fr\/wp-json\/wp\/v2\/tags?post=479"}],"curies":[{"name":"wp","href":"https:\/\/api.w.org\/{rel}","templated":true}]}}