{"id":492,"date":"2019-09-30T10:34:33","date_gmt":"2019-09-30T10:34:33","guid":{"rendered":"http:\/\/blog-napoleon-armengol.com\/?p=492"},"modified":"2024-01-24T12:23:16","modified_gmt":"2024-01-24T11:23:16","slug":"sp-sube-la-nota-a-espana-por-su-solidez-economica","status":"publish","type":"post","link":"https:\/\/napoleon-armengol.com\/fr\/sp-sube-la-nota-a-espana-por-su-solidez-economica\/","title":{"rendered":"S&amp;P rel\u00e8ve la note de l&#039;Espagne pour sa solidit\u00e9 \u00e9conomique"},"content":{"rendered":"<p>L&#039;agence de notation de dette S&amp;P (Standard &amp; Poor&#039;s) a relev\u00e9 la solvabilit\u00e9 de la dette espagnole, en lui attribuant une note plus positive, avec une perspective plus stable qu&#039;auparavant. C&#039;est parce qu&#039;en Espagne <a href=\"http:\/\/blog-napoleon-armengol.com\/category\/economia\/\">l&#039;\u00e9conomie continue de cro\u00eetre <\/a>\u00e0 un rythme plus rapide, sup\u00e9rieur \u00e0 la moyenne europ\u00e9enne. <\/p>\n\n\n\n<figure class=\"wp-block-image\"><img loading=\"lazy\" decoding=\"async\" width=\"625\" height=\"392\" src=\"http:\/\/blog-napoleon-armengol.com\/wp-content\/uploads\/2019\/09\/informe-1-1.jpg\" alt=\"\" class=\"wp-image-496\" srcset=\"https:\/\/napoleon-armengol.com\/wp-content\/uploads\/2019\/09\/informe-1-1.jpg 625w, https:\/\/napoleon-armengol.com\/wp-content\/uploads\/2019\/09\/informe-1-1-300x188.jpg 300w\" sizes=\"auto, (max-width: 625px) 100vw, 625px\" \/><figcaption>Femme d&#039;affaires en d\u00e9marrage travaillant avec des documents commerciaux sur une table de bureau avec un diagramme financier graphique.<\/figcaption><\/figure>\n\n\n\n<h2 class=\"wp-block-heading\"><strong>Un avenir prometteur<\/strong><\/h2>\n\n\n\n<p>De cette mani\u00e8re, le niveau de la dette publique est r\u00e9duit et des progr\u00e8s sont r\u00e9alis\u00e9s dans la consolidation budg\u00e9taire. En fait, ce rapport l&#039;a soulign\u00e9 comme la plus grande croissance de l&#039;\u00e9conomie espagnole par rapport \u00e0 la zone euro, avec la possibilit\u00e9 de maintenir cet \u00e9cart au cours des trois prochaines ann\u00e9es.<\/p>\n\n\n\n<p>Ce rapport met en \u00e9vidence la r\u00e9silience de l&#039;\u00e9conomie espagnole, malgr\u00e9 la stagnation politique prolong\u00e9e et le ralentissement que conna\u00eet la zone euro. En fait, cette publication garantit que l&#039;Espagne est mieux plac\u00e9e pour faire face aux risques externes tels que le Brexit, les contrats commerciaux mondiaux ou la faiblesse \u00e9conomique europ\u00e9enne.<\/p>\n\n\n\n<p>Concernant les prochaines \u00e9lections g\u00e9n\u00e9rales du 10-N, selon ce rapport, il est probable que le gouvernement n&#039;obtienne pas de majorit\u00e9 parlementaire, ce qui rendra difficile l&#039;adoption de mesures, comme une nouvelle r\u00e9forme du travail qui permettrait de lutter contre le taux de passage \u00e9lev\u00e9 ou faire face \u00e0 des probl\u00e8mes budg\u00e9taires structurels, comme le d\u00e9ficit de la S\u00e9curit\u00e9 sociale.<\/p>\n\n\n\n<p>Selon S&amp;P, la dette publique diminuera en dessous de 83% du PIB en 2022 et l&#039;\u00e9conomie espagnole devrait continuer de cro\u00eetre au-dessus de la moyenne espagnole en 2019 et 2020.<\/p>\n\n\n\n<p>Selon le gouvernement, le PIB augmentera de 2,2% cette ann\u00e9e et la ministre de l&#039;\u00c9conomie et des Affaires, Nadia Calvi\u00f1o, a mis en garde contre la possibilit\u00e9 que le ralentissement actuel soit plus intense cet automne en raison de l&#039;influence de diverses circonstances internationales, comme la guerre commerciale et technologique qui existe entre la Chine et les \u00c9tats-Unis.<\/p>\n\n\n\n<p>S&amp;P pr\u00e9vient le gouvernement espagnol que l&#039;augmentation consid\u00e9rable du salaire minimum interprofessionnel de 22,3% pourrait r\u00e9duire le parcours d&#039;embauche, faisant r\u00e9f\u00e9rence au fait que davantage de r\u00e9formes sont n\u00e9cessaires qui profitent \u00e0 l&#039;entreprise, pour que le taux de ch\u00f4mage cesse d&#039;augmenter. Une \u00e9volution vers des emplois plus stables pourrait b\u00e9n\u00e9ficier \u00e0 la consommation, \u00e0 la comp\u00e9titivit\u00e9, \u00e0 la productivit\u00e9\u2026 <\/p>\n\n\n\n<p>Une autre agence de notation, en l&#039;occurrence la canadienne DBRS, a confirm\u00e9 les informations de S&amp;P et a am\u00e9lior\u00e9 les pr\u00e9visions futures, voyant une perspective plus stable gr\u00e2ce \u00e0 la force et \u00e0 la diversification de l&#039;\u00e9conomie espagnole, puisqu&#039;elle dispose d&#039;un secteur \u00e9tranger comp\u00e9titif et stable. am\u00e9lioration des finances publiques.<\/p>\n\n\n\n<p>En fait, cette agence estime que le ratio dette\/PIB va continuer \u00e0 baisser dans les ann\u00e9es \u00e0 venir gr\u00e2ce aux exc\u00e9dents primaires, \u00e0 la croissance \u00e9conomique et aux faibles taux d\u2019int\u00e9r\u00eat.<\/p>","protected":false},"excerpt":{"rendered":"<p>La Agencia de Calificaci\u00f3n de Deuda S&amp;P (Standard &amp; Poor\u2019s) ha elevado la solvencia de la deuda espa\u00f1ola proporcion\u00e1ndole una calificaci\u00f3n m\u00e1s positiva, con una perspectiva m\u00e1s estable que la que ten\u00eda anteriormente. Esto se debe a que en Espa\u00f1a sigue creciendo la econom\u00eda a mayor ritmo, por encima de la media europea. Futuro prometedor&#8230;<\/p>","protected":false},"author":1,"featured_media":495,"comment_status":"closed","ping_status":"closed","sticky":false,"template":"","format":"standard","meta":{"_acf_changed":false,"_kad_blocks_custom_css":"","_kad_blocks_head_custom_js":"","_kad_blocks_body_custom_js":"","_kad_blocks_footer_custom_js":"","_kad_post_transparent":"","_kad_post_title":"","_kad_post_layout":"","_kad_post_sidebar_id":"","_kad_post_content_style":"","_kad_post_vertical_padding":"","_kad_post_feature":"","_kad_post_feature_position":"","_kad_post_header":false,"_kad_post_footer":false,"footnotes":""},"categories":[69],"tags":[180,159,382,383,384],"class_list":["post-492","post","type-post","status-publish","format-standard","has-post-thumbnail","hentry","category-economia","tag-deuda","tag-economia","tag-economia-espanola","tag-economia-y-empresa","tag-solvencia-economica"],"acf":[],"yoast_head":"<!-- This site is optimized with the Yoast SEO plugin v27.4 - https:\/\/yoast.com\/product\/yoast-seo-wordpress\/ -->\n<title>S&amp;P sube la nota a Espa\u00f1a por su solidez econ\u00f3mica - Armengol<\/title>\n<meta name=\"robots\" content=\"index, follow, max-snippet:-1, max-image-preview:large, max-video-preview:-1\" \/>\n<link rel=\"canonical\" href=\"https:\/\/napoleon-armengol.com\/fr\/sp-sube-la-nota-a-espana-por-su-solidez-economica\/\" \/>\n<meta property=\"og:locale\" content=\"fr_FR\" \/>\n<meta property=\"og:type\" content=\"article\" \/>\n<meta property=\"og:title\" content=\"S&amp;P sube la nota a Espa\u00f1a por su solidez econ\u00f3mica - Armengol\" \/>\n<meta property=\"og:description\" content=\"La Agencia de Calificaci\u00f3n de Deuda S&amp;P (Standard &amp; Poor\u2019s) ha elevado la solvencia de la deuda espa\u00f1ola proporcion\u00e1ndole una calificaci\u00f3n m\u00e1s positiva, con una perspectiva m\u00e1s estable que la que ten\u00eda anteriormente. Esto se debe a que en Espa\u00f1a sigue creciendo la econom\u00eda a mayor ritmo, por encima de la media europea. Futuro prometedor...\" \/>\n<meta property=\"og:url\" content=\"https:\/\/napoleon-armengol.com\/fr\/sp-sube-la-nota-a-espana-por-su-solidez-economica\/\" \/>\n<meta property=\"og:site_name\" content=\"Armengol\" \/>\n<meta property=\"article:published_time\" content=\"2019-09-30T10:34:33+00:00\" \/>\n<meta property=\"article:modified_time\" content=\"2024-01-24T11:23:16+00:00\" \/>\n<meta property=\"og:image\" content=\"https:\/\/napoleon-armengol.com\/wp-content\/uploads\/2019\/09\/informe-3.jpg\" \/>\n\t<meta property=\"og:image:width\" content=\"626\" \/>\n\t<meta property=\"og:image:height\" content=\"417\" \/>\n\t<meta property=\"og:image:type\" content=\"image\/jpeg\" \/>\n<meta name=\"author\" content=\"admin\" \/>\n<meta name=\"twitter:card\" content=\"summary_large_image\" \/>\n<meta name=\"twitter:label1\" content=\"\u00c9crit par\" \/>\n\t<meta name=\"twitter:data1\" content=\"admin\" \/>\n\t<meta name=\"twitter:label2\" content=\"Dur\u00e9e de lecture estim\u00e9e\" \/>\n\t<meta name=\"twitter:data2\" content=\"3 minutes\" \/>\n<script type=\"application\/ld+json\" class=\"yoast-schema-graph\">{\"@context\":\"https:\\\/\\\/schema.org\",\"@graph\":[{\"@type\":\"Article\",\"@id\":\"https:\\\/\\\/napoleon-armengol.com\\\/sp-sube-la-nota-a-espana-por-su-solidez-economica\\\/#article\",\"isPartOf\":{\"@id\":\"https:\\\/\\\/napoleon-armengol.com\\\/sp-sube-la-nota-a-espana-por-su-solidez-economica\\\/\"},\"author\":{\"name\":\"admin\",\"@id\":\"https:\\\/\\\/napoleon-armengol.com\\\/#\\\/schema\\\/person\\\/e558fc54676c8886a95c89646b733a67\"},\"headline\":\"S&#038;P sube la nota a Espa\u00f1a por su solidez econ\u00f3mica\",\"datePublished\":\"2019-09-30T10:34:33+00:00\",\"dateModified\":\"2024-01-24T11:23:16+00:00\",\"mainEntityOfPage\":{\"@id\":\"https:\\\/\\\/napoleon-armengol.com\\\/sp-sube-la-nota-a-espana-por-su-solidez-economica\\\/\"},\"wordCount\":550,\"publisher\":{\"@id\":\"https:\\\/\\\/napoleon-armengol.com\\\/#organization\"},\"image\":{\"@id\":\"https:\\\/\\\/napoleon-armengol.com\\\/sp-sube-la-nota-a-espana-por-su-solidez-economica\\\/#primaryimage\"},\"thumbnailUrl\":\"https:\\\/\\\/napoleon-armengol.com\\\/wp-content\\\/uploads\\\/2019\\\/09\\\/informe-3.jpg\",\"keywords\":[\"deuda\",\"econom\u00eda\",\"econom\u00eda espa\u00f1ola\",\"econom\u00eda y empresa\",\"solvencia econ\u00f3mica\"],\"articleSection\":[\"Econom\u00eda\"],\"inLanguage\":\"fr-FR\"},{\"@type\":\"WebPage\",\"@id\":\"https:\\\/\\\/napoleon-armengol.com\\\/sp-sube-la-nota-a-espana-por-su-solidez-economica\\\/\",\"url\":\"https:\\\/\\\/napoleon-armengol.com\\\/sp-sube-la-nota-a-espana-por-su-solidez-economica\\\/\",\"name\":\"S&P sube la nota a Espa\u00f1a por su solidez econ\u00f3mica - Armengol\",\"isPartOf\":{\"@id\":\"https:\\\/\\\/napoleon-armengol.com\\\/#website\"},\"primaryImageOfPage\":{\"@id\":\"https:\\\/\\\/napoleon-armengol.com\\\/sp-sube-la-nota-a-espana-por-su-solidez-economica\\\/#primaryimage\"},\"image\":{\"@id\":\"https:\\\/\\\/napoleon-armengol.com\\\/sp-sube-la-nota-a-espana-por-su-solidez-economica\\\/#primaryimage\"},\"thumbnailUrl\":\"https:\\\/\\\/napoleon-armengol.com\\\/wp-content\\\/uploads\\\/2019\\\/09\\\/informe-3.jpg\",\"datePublished\":\"2019-09-30T10:34:33+00:00\",\"dateModified\":\"2024-01-24T11:23:16+00:00\",\"breadcrumb\":{\"@id\":\"https:\\\/\\\/napoleon-armengol.com\\\/sp-sube-la-nota-a-espana-por-su-solidez-economica\\\/#breadcrumb\"},\"inLanguage\":\"fr-FR\",\"potentialAction\":[{\"@type\":\"ReadAction\",\"target\":[\"https:\\\/\\\/napoleon-armengol.com\\\/sp-sube-la-nota-a-espana-por-su-solidez-economica\\\/\"]}]},{\"@type\":\"ImageObject\",\"inLanguage\":\"fr-FR\",\"@id\":\"https:\\\/\\\/napoleon-armengol.com\\\/sp-sube-la-nota-a-espana-por-su-solidez-economica\\\/#primaryimage\",\"url\":\"https:\\\/\\\/napoleon-armengol.com\\\/wp-content\\\/uploads\\\/2019\\\/09\\\/informe-3.jpg\",\"contentUrl\":\"https:\\\/\\\/napoleon-armengol.com\\\/wp-content\\\/uploads\\\/2019\\\/09\\\/informe-3.jpg\",\"width\":626,\"height\":417},{\"@type\":\"BreadcrumbList\",\"@id\":\"https:\\\/\\\/napoleon-armengol.com\\\/sp-sube-la-nota-a-espana-por-su-solidez-economica\\\/#breadcrumb\",\"itemListElement\":[{\"@type\":\"ListItem\",\"position\":1,\"name\":\"Portada\",\"item\":\"https:\\\/\\\/napoleon-armengol.com\\\/\"},{\"@type\":\"ListItem\",\"position\":2,\"name\":\"S&#038;P sube la nota a Espa\u00f1a por su solidez econ\u00f3mica\"}]},{\"@type\":\"WebSite\",\"@id\":\"https:\\\/\\\/napoleon-armengol.com\\\/#website\",\"url\":\"https:\\\/\\\/napoleon-armengol.com\\\/\",\"name\":\"Armengol\",\"description\":\"Seguridad y especializaci\u00f3n\",\"publisher\":{\"@id\":\"https:\\\/\\\/napoleon-armengol.com\\\/#organization\"},\"potentialAction\":[{\"@type\":\"SearchAction\",\"target\":{\"@type\":\"EntryPoint\",\"urlTemplate\":\"https:\\\/\\\/napoleon-armengol.com\\\/?s={search_term_string}\"},\"query-input\":{\"@type\":\"PropertyValueSpecification\",\"valueRequired\":true,\"valueName\":\"search_term_string\"}}],\"inLanguage\":\"fr-FR\"},{\"@type\":\"Organization\",\"@id\":\"https:\\\/\\\/napoleon-armengol.com\\\/#organization\",\"name\":\"Armengol\",\"url\":\"https:\\\/\\\/napoleon-armengol.com\\\/\",\"logo\":{\"@type\":\"ImageObject\",\"inLanguage\":\"fr-FR\",\"@id\":\"https:\\\/\\\/napoleon-armengol.com\\\/#\\\/schema\\\/logo\\\/image\\\/\",\"url\":\"https:\\\/\\\/napoleon-armengol.com\\\/wp-content\\\/uploads\\\/2023\\\/04\\\/LOGO-ARMENGOL.png\",\"contentUrl\":\"https:\\\/\\\/napoleon-armengol.com\\\/wp-content\\\/uploads\\\/2023\\\/04\\\/LOGO-ARMENGOL.png\",\"width\":460,\"height\":81,\"caption\":\"Armengol\"},\"image\":{\"@id\":\"https:\\\/\\\/napoleon-armengol.com\\\/#\\\/schema\\\/logo\\\/image\\\/\"}},{\"@type\":\"Person\",\"@id\":\"https:\\\/\\\/napoleon-armengol.com\\\/#\\\/schema\\\/person\\\/e558fc54676c8886a95c89646b733a67\",\"name\":\"admin\",\"sameAs\":[\"http:\\\/\\\/napoleon-armengol.com\"],\"url\":\"https:\\\/\\\/napoleon-armengol.com\\\/fr\\\/author\\\/admin_5wnh1vf4\\\/\"}]}<\/script>\n<!-- \/ Yoast SEO plugin. -->","yoast_head_json":{"title":"S&P sube la nota a Espa\u00f1a por su solidez econ\u00f3mica - Armengol","robots":{"index":"index","follow":"follow","max-snippet":"max-snippet:-1","max-image-preview":"max-image-preview:large","max-video-preview":"max-video-preview:-1"},"canonical":"https:\/\/napoleon-armengol.com\/fr\/sp-sube-la-nota-a-espana-por-su-solidez-economica\/","og_locale":"fr_FR","og_type":"article","og_title":"S&P sube la nota a Espa\u00f1a por su solidez econ\u00f3mica - Armengol","og_description":"La Agencia de Calificaci\u00f3n de Deuda S&amp;P (Standard &amp; Poor\u2019s) ha elevado la solvencia de la deuda espa\u00f1ola proporcion\u00e1ndole una calificaci\u00f3n m\u00e1s positiva, con una perspectiva m\u00e1s estable que la que ten\u00eda anteriormente. Esto se debe a que en Espa\u00f1a sigue creciendo la econom\u00eda a mayor ritmo, por encima de la media europea. Futuro prometedor...","og_url":"https:\/\/napoleon-armengol.com\/fr\/sp-sube-la-nota-a-espana-por-su-solidez-economica\/","og_site_name":"Armengol","article_published_time":"2019-09-30T10:34:33+00:00","article_modified_time":"2024-01-24T11:23:16+00:00","og_image":[{"width":626,"height":417,"url":"https:\/\/napoleon-armengol.com\/wp-content\/uploads\/2019\/09\/informe-3.jpg","type":"image\/jpeg"}],"author":"admin","twitter_card":"summary_large_image","twitter_misc":{"\u00c9crit par":"admin","Dur\u00e9e de lecture estim\u00e9e":"3 minutes"},"schema":{"@context":"https:\/\/schema.org","@graph":[{"@type":"Article","@id":"https:\/\/napoleon-armengol.com\/sp-sube-la-nota-a-espana-por-su-solidez-economica\/#article","isPartOf":{"@id":"https:\/\/napoleon-armengol.com\/sp-sube-la-nota-a-espana-por-su-solidez-economica\/"},"author":{"name":"admin","@id":"https:\/\/napoleon-armengol.com\/#\/schema\/person\/e558fc54676c8886a95c89646b733a67"},"headline":"S&#038;P sube la nota a Espa\u00f1a por su solidez econ\u00f3mica","datePublished":"2019-09-30T10:34:33+00:00","dateModified":"2024-01-24T11:23:16+00:00","mainEntityOfPage":{"@id":"https:\/\/napoleon-armengol.com\/sp-sube-la-nota-a-espana-por-su-solidez-economica\/"},"wordCount":550,"publisher":{"@id":"https:\/\/napoleon-armengol.com\/#organization"},"image":{"@id":"https:\/\/napoleon-armengol.com\/sp-sube-la-nota-a-espana-por-su-solidez-economica\/#primaryimage"},"thumbnailUrl":"https:\/\/napoleon-armengol.com\/wp-content\/uploads\/2019\/09\/informe-3.jpg","keywords":["deuda","econom\u00eda","econom\u00eda espa\u00f1ola","econom\u00eda y empresa","solvencia econ\u00f3mica"],"articleSection":["Econom\u00eda"],"inLanguage":"fr-FR"},{"@type":"WebPage","@id":"https:\/\/napoleon-armengol.com\/sp-sube-la-nota-a-espana-por-su-solidez-economica\/","url":"https:\/\/napoleon-armengol.com\/sp-sube-la-nota-a-espana-por-su-solidez-economica\/","name":"S&P sube la nota a Espa\u00f1a por su solidez econ\u00f3mica - Armengol","isPartOf":{"@id":"https:\/\/napoleon-armengol.com\/#website"},"primaryImageOfPage":{"@id":"https:\/\/napoleon-armengol.com\/sp-sube-la-nota-a-espana-por-su-solidez-economica\/#primaryimage"},"image":{"@id":"https:\/\/napoleon-armengol.com\/sp-sube-la-nota-a-espana-por-su-solidez-economica\/#primaryimage"},"thumbnailUrl":"https:\/\/napoleon-armengol.com\/wp-content\/uploads\/2019\/09\/informe-3.jpg","datePublished":"2019-09-30T10:34:33+00:00","dateModified":"2024-01-24T11:23:16+00:00","breadcrumb":{"@id":"https:\/\/napoleon-armengol.com\/sp-sube-la-nota-a-espana-por-su-solidez-economica\/#breadcrumb"},"inLanguage":"fr-FR","potentialAction":[{"@type":"ReadAction","target":["https:\/\/napoleon-armengol.com\/sp-sube-la-nota-a-espana-por-su-solidez-economica\/"]}]},{"@type":"ImageObject","inLanguage":"fr-FR","@id":"https:\/\/napoleon-armengol.com\/sp-sube-la-nota-a-espana-por-su-solidez-economica\/#primaryimage","url":"https:\/\/napoleon-armengol.com\/wp-content\/uploads\/2019\/09\/informe-3.jpg","contentUrl":"https:\/\/napoleon-armengol.com\/wp-content\/uploads\/2019\/09\/informe-3.jpg","width":626,"height":417},{"@type":"BreadcrumbList","@id":"https:\/\/napoleon-armengol.com\/sp-sube-la-nota-a-espana-por-su-solidez-economica\/#breadcrumb","itemListElement":[{"@type":"ListItem","position":1,"name":"Portada","item":"https:\/\/napoleon-armengol.com\/"},{"@type":"ListItem","position":2,"name":"S&#038;P sube la nota a Espa\u00f1a por su solidez econ\u00f3mica"}]},{"@type":"WebSite","@id":"https:\/\/napoleon-armengol.com\/#website","url":"https:\/\/napoleon-armengol.com\/","name":"Armengol","description":"Seguridad y especializaci\u00f3n","publisher":{"@id":"https:\/\/napoleon-armengol.com\/#organization"},"potentialAction":[{"@type":"SearchAction","target":{"@type":"EntryPoint","urlTemplate":"https:\/\/napoleon-armengol.com\/?s={search_term_string}"},"query-input":{"@type":"PropertyValueSpecification","valueRequired":true,"valueName":"search_term_string"}}],"inLanguage":"fr-FR"},{"@type":"Organization","@id":"https:\/\/napoleon-armengol.com\/#organization","name":"Armengol","url":"https:\/\/napoleon-armengol.com\/","logo":{"@type":"ImageObject","inLanguage":"fr-FR","@id":"https:\/\/napoleon-armengol.com\/#\/schema\/logo\/image\/","url":"https:\/\/napoleon-armengol.com\/wp-content\/uploads\/2023\/04\/LOGO-ARMENGOL.png","contentUrl":"https:\/\/napoleon-armengol.com\/wp-content\/uploads\/2023\/04\/LOGO-ARMENGOL.png","width":460,"height":81,"caption":"Armengol"},"image":{"@id":"https:\/\/napoleon-armengol.com\/#\/schema\/logo\/image\/"}},{"@type":"Person","@id":"https:\/\/napoleon-armengol.com\/#\/schema\/person\/e558fc54676c8886a95c89646b733a67","name":"admin","sameAs":["http:\/\/napoleon-armengol.com"],"url":"https:\/\/napoleon-armengol.com\/fr\/author\/admin_5wnh1vf4\/"}]}},"taxonomy_info":{"category":[{"value":69,"label":"Econom\u00eda"}],"post_tag":[{"value":180,"label":"deuda"},{"value":159,"label":"econom\u00eda"},{"value":382,"label":"econom\u00eda espa\u00f1ola"},{"value":383,"label":"econom\u00eda y empresa"},{"value":384,"label":"solvencia econ\u00f3mica"}]},"featured_image_src_large":["https:\/\/napoleon-armengol.com\/wp-content\/uploads\/2019\/09\/informe-3.jpg",626,417,false],"author_info":{"display_name":"admin","author_link":"https:\/\/napoleon-armengol.com\/fr\/author\/admin_5wnh1vf4\/"},"comment_info":0,"category_info":[{"term_id":69,"name":"Econom\u00eda","slug":"economia","term_group":0,"term_taxonomy_id":69,"taxonomy":"category","description":"","parent":0,"count":57,"filter":"raw","term_order":"0","cat_ID":69,"category_count":57,"category_description":"","cat_name":"Econom\u00eda","category_nicename":"economia","category_parent":0}],"tag_info":[{"term_id":180,"name":"deuda","slug":"deuda","term_group":0,"term_taxonomy_id":180,"taxonomy":"post_tag","description":"","parent":0,"count":2,"filter":"raw","term_order":"0"},{"term_id":159,"name":"econom\u00eda","slug":"economia","term_group":0,"term_taxonomy_id":159,"taxonomy":"post_tag","description":"","parent":0,"count":11,"filter":"raw","term_order":"0"},{"term_id":382,"name":"econom\u00eda espa\u00f1ola","slug":"economia-espanola","term_group":0,"term_taxonomy_id":382,"taxonomy":"post_tag","description":"","parent":0,"count":2,"filter":"raw","term_order":"0"},{"term_id":383,"name":"econom\u00eda y empresa","slug":"economia-y-empresa","term_group":0,"term_taxonomy_id":383,"taxonomy":"post_tag","description":"","parent":0,"count":1,"filter":"raw","term_order":"0"},{"term_id":384,"name":"solvencia econ\u00f3mica","slug":"solvencia-economica","term_group":0,"term_taxonomy_id":384,"taxonomy":"post_tag","description":"","parent":0,"count":1,"filter":"raw","term_order":"0"}],"_links":{"self":[{"href":"https:\/\/napoleon-armengol.com\/fr\/wp-json\/wp\/v2\/posts\/492","targetHints":{"allow":["GET"]}}],"collection":[{"href":"https:\/\/napoleon-armengol.com\/fr\/wp-json\/wp\/v2\/posts"}],"about":[{"href":"https:\/\/napoleon-armengol.com\/fr\/wp-json\/wp\/v2\/types\/post"}],"author":[{"embeddable":true,"href":"https:\/\/napoleon-armengol.com\/fr\/wp-json\/wp\/v2\/users\/1"}],"replies":[{"embeddable":true,"href":"https:\/\/napoleon-armengol.com\/fr\/wp-json\/wp\/v2\/comments?post=492"}],"version-history":[{"count":1,"href":"https:\/\/napoleon-armengol.com\/fr\/wp-json\/wp\/v2\/posts\/492\/revisions"}],"predecessor-version":[{"id":2303,"href":"https:\/\/napoleon-armengol.com\/fr\/wp-json\/wp\/v2\/posts\/492\/revisions\/2303"}],"wp:featuredmedia":[{"embeddable":true,"href":"https:\/\/napoleon-armengol.com\/fr\/wp-json\/wp\/v2\/media\/495"}],"wp:attachment":[{"href":"https:\/\/napoleon-armengol.com\/fr\/wp-json\/wp\/v2\/media?parent=492"}],"wp:term":[{"taxonomy":"category","embeddable":true,"href":"https:\/\/napoleon-armengol.com\/fr\/wp-json\/wp\/v2\/categories?post=492"},{"taxonomy":"post_tag","embeddable":true,"href":"https:\/\/napoleon-armengol.com\/fr\/wp-json\/wp\/v2\/tags?post=492"}],"curies":[{"name":"wp","href":"https:\/\/api.w.org\/{rel}","templated":true}]}}