{"id":498,"date":"2019-09-30T11:16:13","date_gmt":"2019-09-30T11:16:13","guid":{"rendered":"http:\/\/blog-napoleon-armengol.com\/?p=498"},"modified":"2024-01-24T12:23:11","modified_gmt":"2024-01-24T11:23:11","slug":"alemania-apuesta-por-la-lucha-contra-el-cambio-climatico","status":"publish","type":"post","link":"https:\/\/napoleon-armengol.com\/fr\/alemania-apuesta-por-la-lucha-contra-el-cambio-climatico\/","title":{"rendered":"L&#039;Allemagne s&#039;engage dans la lutte contre le changement climatique"},"content":{"rendered":"<p>Le gouvernement allemand a annonc\u00e9 un plan de lutte contre le changement climatique dans lequel il investira jusqu&#039;\u00e0 54 milliards d&#039;euros dans les domaines de l&#039;\u00e9nergie, des transports, de la construction, de l&#039;innovation et du d\u00e9veloppement. <\/p>\n\n\n\n<p>L&#039;objectif de ce <a href=\"http:\/\/blog-napoleon-armengol.com\/category\/economia\/\">excellent investissement<\/a> est d\u2019atteindre une r\u00e9duction de 55% des \u00e9missions de Co2 d\u2019ici 2030 par rapport \u00e0 celles de 1990, comme l\u2019a d\u00e9cid\u00e9 l\u2019Union europ\u00e9enne, apr\u00e8s avoir constat\u00e9 que l\u2019Allemagne ne sera pas en mesure d\u2019atteindre la r\u00e9duction de 40% d\u2019ici 2020.<\/p>\n\n\n\n<h2 class=\"wp-block-heading\"><strong>70 mesures pour y parvenir<\/strong><\/h2>\n\n\n\n<p>Il s\u2019agit d\u2019un ensemble de 70 mesures visant \u00e0 faire face \u00e0 la crise climatique et \u00e0 lutter avec s\u00e9rieux contre la crise d\u2019urgence que nous vivons avec le changement climatique. La principale mesure est l&#039;\u00e9tablissement d&#039;un nouveau taux de lutte contre les \u00e9missions de Co2, qui augmentera progressivement, jusqu&#039;\u00e0 ce qu&#039;un march\u00e9 de droits puisse \u00eatre lanc\u00e9 auquel participeront les entreprises qui produisent ou distribuent des carburants pour le transport ou le chauffage.<\/p>\n\n\n\n<p>En 2021, 10 euros par tonne de Co2 commenceront \u00e0 \u00eatre pay\u00e9s et le prix augmentera progressivement jusqu&#039;\u00e0 atteindre 35 euros par tonne en 2025, lorsque le march\u00e9 des droits d&#039;\u00e9mission entrera en vigueur. Cela affectera par cons\u00e9quent le prix de l\u2019essence, du diesel, du mazout mais aussi du gaz naturel.<\/p>\n\n\n\n<p>La bande de fluctuation du prix de la tonne de Co2 sera \u00e9galement ma\u00eetris\u00e9e afin qu&#039;elle ne p\u00e8se pas trop sur le pouvoir d&#039;achat des consommateurs, qui verront augmenter l&#039;all\u00e9gement fiscal pour leurs d\u00e9placements quotidiens pour se rendre au travail.<\/p>\n\n\n\n<p>Le prix du train sera moins cher (de 19% TVA \u00e0 7%) et le billet d&#039;avion sera plus cher. La production d&#039;\u00e9nergie propre sera \u00e9galement encourag\u00e9e, avec des aides \u00e0 l&#039;\u00e9nergie solaire photovolta\u00efque et \u00e9galement avec des incitations pour que de nombreuses municipalit\u00e9s puissent adh\u00e9rer aux \u00e9nergies renouvelables, en installant des centrales \u00e9oliennes.<\/p>\n\n\n\n<figure class=\"wp-block-image\"><img loading=\"lazy\" decoding=\"async\" width=\"626\" height=\"417\" src=\"http:\/\/blog-napoleon-armengol.com\/wp-content\/uploads\/2019\/09\/alemania-1.jpg\" alt=\"\" class=\"wp-image-500\" srcset=\"https:\/\/napoleon-armengol.com\/wp-content\/uploads\/2019\/09\/alemania-1.jpg 626w, https:\/\/napoleon-armengol.com\/wp-content\/uploads\/2019\/09\/alemania-1-300x200.jpg 300w\" sizes=\"auto, (max-width: 626px) 100vw, 626px\" \/><\/figure>\n\n\n\n<p>Ces mesures incluent un prix pour les \u00e9missions nationales et \u00e9galement la possibilit\u00e9 d&#039;inclure des mesures plus strictes \u00e0 l&#039;avenir, en tenant compte du fait que ces mesures affecteront des secteurs tels que les transports, l&#039;agriculture ou le logement. Le paquet comprend \u00e9galement des options visant \u00e0 aider les m\u00e9nages \u00e0 abandonner le fioul polluant, utilis\u00e9 dans la majeure partie de l\u2019ouest de l\u2019Allemagne.<\/p>\n\n\n\n<p>Ce sont de grands d\u00e9fis auxquels l\u2019Allemagne est confront\u00e9e et pour lesquels elle a finalement d\u00e9cid\u00e9 d\u2019unir ses forces et de s\u2019engager en faveur du d\u00e9veloppement durable. Avec ces nouvelles mesures, ils lutteront pour abandonner l\u2019\u00e9nergie bas\u00e9e sur le charbon, d\u00e9velopper les \u00e9nergies propres, r\u00e9duire les \u00e9missions de dioxyde de carbone, etc.<\/p>\n\n\n\n<p>Un investissement formidable, qui am\u00e9liorera non seulement la qualit\u00e9 de vie et la durabilit\u00e9 en Allemagne, mais qui constituera un exemple pour tous les pays qui n&#039;ont pas encore d\u00e9cid\u00e9 d&#039;unir leurs forces et d&#039;investir une grande partie de leur budget pour lutter d&#039;urgence contre la crise climatique. qui est actuellement v\u00e9cue.<\/p>","protected":false},"excerpt":{"rendered":"<p>El Gobierno alem\u00e1n anunci\u00f3 un plan para luchar contra el cambio clim\u00e1tico en el que van a invertir hasta 54.000 millones de euros en \u00e1mbitos de energ\u00eda, transporte, construcci\u00f3n e innovaci\u00f3n y desarrollo. El objetivo de esta gran inversi\u00f3n es alcanzar una reducci\u00f3n del 55% de las emisiones de Co2 para el a\u00f1o 2030 con&#8230;<\/p>","protected":false},"author":1,"featured_media":499,"comment_status":"closed","ping_status":"closed","sticky":false,"template":"","format":"standard","meta":{"_acf_changed":false,"_kad_blocks_custom_css":"","_kad_blocks_head_custom_js":"","_kad_blocks_body_custom_js":"","_kad_blocks_footer_custom_js":"","_kad_post_transparent":"","_kad_post_title":"","_kad_post_layout":"","_kad_post_sidebar_id":"","_kad_post_content_style":"","_kad_post_vertical_padding":"","_kad_post_feature":"","_kad_post_feature_position":"","_kad_post_header":false,"_kad_post_footer":false,"footnotes":""},"categories":[69],"tags":[385,386,159,135,387],"class_list":["post-498","post","type-post","status-publish","format-standard","has-post-thumbnail","hentry","category-economia","tag-alemania","tag-cambio-climatico","tag-economia","tag-inversion","tag-medidas-sostenibles"],"acf":[],"yoast_head":"<!-- This site is optimized with the Yoast SEO plugin v27.4 - https:\/\/yoast.com\/product\/yoast-seo-wordpress\/ -->\n<title>Alemania apuesta por la lucha contra el cambio clim\u00e1tico - Armengol<\/title>\n<meta name=\"robots\" content=\"index, follow, max-snippet:-1, max-image-preview:large, max-video-preview:-1\" \/>\n<link rel=\"canonical\" href=\"https:\/\/napoleon-armengol.com\/fr\/alemania-apuesta-por-la-lucha-contra-el-cambio-climatico\/\" \/>\n<meta property=\"og:locale\" content=\"fr_FR\" \/>\n<meta property=\"og:type\" content=\"article\" \/>\n<meta property=\"og:title\" content=\"Alemania apuesta por la lucha contra el cambio clim\u00e1tico - Armengol\" \/>\n<meta property=\"og:description\" content=\"El Gobierno alem\u00e1n anunci\u00f3 un plan para luchar contra el cambio clim\u00e1tico en el que van a invertir hasta 54.000 millones de euros en \u00e1mbitos de energ\u00eda, transporte, construcci\u00f3n e innovaci\u00f3n y desarrollo. El objetivo de esta gran inversi\u00f3n es alcanzar una reducci\u00f3n del 55% de las emisiones de Co2 para el a\u00f1o 2030 con...\" \/>\n<meta property=\"og:url\" content=\"https:\/\/napoleon-armengol.com\/fr\/alemania-apuesta-por-la-lucha-contra-el-cambio-climatico\/\" \/>\n<meta property=\"og:site_name\" content=\"Armengol\" \/>\n<meta property=\"article:published_time\" content=\"2019-09-30T11:16:13+00:00\" \/>\n<meta property=\"article:modified_time\" content=\"2024-01-24T11:23:11+00:00\" \/>\n<meta property=\"og:image\" content=\"https:\/\/napoleon-armengol.com\/wp-content\/uploads\/2019\/09\/alemania-2.jpg\" \/>\n\t<meta property=\"og:image:width\" content=\"626\" \/>\n\t<meta property=\"og:image:height\" content=\"417\" \/>\n\t<meta property=\"og:image:type\" content=\"image\/jpeg\" \/>\n<meta name=\"author\" content=\"admin\" \/>\n<meta name=\"twitter:card\" content=\"summary_large_image\" \/>\n<meta name=\"twitter:label1\" content=\"\u00c9crit par\" \/>\n\t<meta name=\"twitter:data1\" content=\"admin\" \/>\n\t<meta name=\"twitter:label2\" content=\"Dur\u00e9e de lecture estim\u00e9e\" \/>\n\t<meta name=\"twitter:data2\" content=\"3 minutes\" \/>\n<script type=\"application\/ld+json\" class=\"yoast-schema-graph\">{\"@context\":\"https:\\\/\\\/schema.org\",\"@graph\":[{\"@type\":\"Article\",\"@id\":\"https:\\\/\\\/napoleon-armengol.com\\\/alemania-apuesta-por-la-lucha-contra-el-cambio-climatico\\\/#article\",\"isPartOf\":{\"@id\":\"https:\\\/\\\/napoleon-armengol.com\\\/alemania-apuesta-por-la-lucha-contra-el-cambio-climatico\\\/\"},\"author\":{\"name\":\"admin\",\"@id\":\"https:\\\/\\\/napoleon-armengol.com\\\/#\\\/schema\\\/person\\\/e558fc54676c8886a95c89646b733a67\"},\"headline\":\"Alemania apuesta por la lucha contra el cambio clim\u00e1tico\",\"datePublished\":\"2019-09-30T11:16:13+00:00\",\"dateModified\":\"2024-01-24T11:23:11+00:00\",\"mainEntityOfPage\":{\"@id\":\"https:\\\/\\\/napoleon-armengol.com\\\/alemania-apuesta-por-la-lucha-contra-el-cambio-climatico\\\/\"},\"wordCount\":534,\"publisher\":{\"@id\":\"https:\\\/\\\/napoleon-armengol.com\\\/#organization\"},\"image\":{\"@id\":\"https:\\\/\\\/napoleon-armengol.com\\\/alemania-apuesta-por-la-lucha-contra-el-cambio-climatico\\\/#primaryimage\"},\"thumbnailUrl\":\"https:\\\/\\\/napoleon-armengol.com\\\/wp-content\\\/uploads\\\/2019\\\/09\\\/alemania-2.jpg\",\"keywords\":[\"Alemania\",\"cambio clim\u00e1tico\",\"econom\u00eda\",\"inversi\u00f3n\",\"medidas sostenibles\"],\"articleSection\":[\"Econom\u00eda\"],\"inLanguage\":\"fr-FR\"},{\"@type\":\"WebPage\",\"@id\":\"https:\\\/\\\/napoleon-armengol.com\\\/alemania-apuesta-por-la-lucha-contra-el-cambio-climatico\\\/\",\"url\":\"https:\\\/\\\/napoleon-armengol.com\\\/alemania-apuesta-por-la-lucha-contra-el-cambio-climatico\\\/\",\"name\":\"Alemania apuesta por la lucha contra el cambio clim\u00e1tico - Armengol\",\"isPartOf\":{\"@id\":\"https:\\\/\\\/napoleon-armengol.com\\\/#website\"},\"primaryImageOfPage\":{\"@id\":\"https:\\\/\\\/napoleon-armengol.com\\\/alemania-apuesta-por-la-lucha-contra-el-cambio-climatico\\\/#primaryimage\"},\"image\":{\"@id\":\"https:\\\/\\\/napoleon-armengol.com\\\/alemania-apuesta-por-la-lucha-contra-el-cambio-climatico\\\/#primaryimage\"},\"thumbnailUrl\":\"https:\\\/\\\/napoleon-armengol.com\\\/wp-content\\\/uploads\\\/2019\\\/09\\\/alemania-2.jpg\",\"datePublished\":\"2019-09-30T11:16:13+00:00\",\"dateModified\":\"2024-01-24T11:23:11+00:00\",\"breadcrumb\":{\"@id\":\"https:\\\/\\\/napoleon-armengol.com\\\/alemania-apuesta-por-la-lucha-contra-el-cambio-climatico\\\/#breadcrumb\"},\"inLanguage\":\"fr-FR\",\"potentialAction\":[{\"@type\":\"ReadAction\",\"target\":[\"https:\\\/\\\/napoleon-armengol.com\\\/alemania-apuesta-por-la-lucha-contra-el-cambio-climatico\\\/\"]}]},{\"@type\":\"ImageObject\",\"inLanguage\":\"fr-FR\",\"@id\":\"https:\\\/\\\/napoleon-armengol.com\\\/alemania-apuesta-por-la-lucha-contra-el-cambio-climatico\\\/#primaryimage\",\"url\":\"https:\\\/\\\/napoleon-armengol.com\\\/wp-content\\\/uploads\\\/2019\\\/09\\\/alemania-2.jpg\",\"contentUrl\":\"https:\\\/\\\/napoleon-armengol.com\\\/wp-content\\\/uploads\\\/2019\\\/09\\\/alemania-2.jpg\",\"width\":626,\"height\":417},{\"@type\":\"BreadcrumbList\",\"@id\":\"https:\\\/\\\/napoleon-armengol.com\\\/alemania-apuesta-por-la-lucha-contra-el-cambio-climatico\\\/#breadcrumb\",\"itemListElement\":[{\"@type\":\"ListItem\",\"position\":1,\"name\":\"Portada\",\"item\":\"https:\\\/\\\/napoleon-armengol.com\\\/\"},{\"@type\":\"ListItem\",\"position\":2,\"name\":\"Alemania apuesta por la lucha contra el cambio clim\u00e1tico\"}]},{\"@type\":\"WebSite\",\"@id\":\"https:\\\/\\\/napoleon-armengol.com\\\/#website\",\"url\":\"https:\\\/\\\/napoleon-armengol.com\\\/\",\"name\":\"Armengol\",\"description\":\"Seguridad y especializaci\u00f3n\",\"publisher\":{\"@id\":\"https:\\\/\\\/napoleon-armengol.com\\\/#organization\"},\"potentialAction\":[{\"@type\":\"SearchAction\",\"target\":{\"@type\":\"EntryPoint\",\"urlTemplate\":\"https:\\\/\\\/napoleon-armengol.com\\\/?s={search_term_string}\"},\"query-input\":{\"@type\":\"PropertyValueSpecification\",\"valueRequired\":true,\"valueName\":\"search_term_string\"}}],\"inLanguage\":\"fr-FR\"},{\"@type\":\"Organization\",\"@id\":\"https:\\\/\\\/napoleon-armengol.com\\\/#organization\",\"name\":\"Armengol\",\"url\":\"https:\\\/\\\/napoleon-armengol.com\\\/\",\"logo\":{\"@type\":\"ImageObject\",\"inLanguage\":\"fr-FR\",\"@id\":\"https:\\\/\\\/napoleon-armengol.com\\\/#\\\/schema\\\/logo\\\/image\\\/\",\"url\":\"https:\\\/\\\/napoleon-armengol.com\\\/wp-content\\\/uploads\\\/2023\\\/04\\\/LOGO-ARMENGOL.png\",\"contentUrl\":\"https:\\\/\\\/napoleon-armengol.com\\\/wp-content\\\/uploads\\\/2023\\\/04\\\/LOGO-ARMENGOL.png\",\"width\":460,\"height\":81,\"caption\":\"Armengol\"},\"image\":{\"@id\":\"https:\\\/\\\/napoleon-armengol.com\\\/#\\\/schema\\\/logo\\\/image\\\/\"}},{\"@type\":\"Person\",\"@id\":\"https:\\\/\\\/napoleon-armengol.com\\\/#\\\/schema\\\/person\\\/e558fc54676c8886a95c89646b733a67\",\"name\":\"admin\",\"sameAs\":[\"http:\\\/\\\/napoleon-armengol.com\"],\"url\":\"https:\\\/\\\/napoleon-armengol.com\\\/fr\\\/author\\\/admin_5wnh1vf4\\\/\"}]}<\/script>\n<!-- \/ Yoast SEO plugin. -->","yoast_head_json":{"title":"Alemania apuesta por la lucha contra el cambio clim\u00e1tico - Armengol","robots":{"index":"index","follow":"follow","max-snippet":"max-snippet:-1","max-image-preview":"max-image-preview:large","max-video-preview":"max-video-preview:-1"},"canonical":"https:\/\/napoleon-armengol.com\/fr\/alemania-apuesta-por-la-lucha-contra-el-cambio-climatico\/","og_locale":"fr_FR","og_type":"article","og_title":"Alemania apuesta por la lucha contra el cambio clim\u00e1tico - Armengol","og_description":"El Gobierno alem\u00e1n anunci\u00f3 un plan para luchar contra el cambio clim\u00e1tico en el que van a invertir hasta 54.000 millones de euros en \u00e1mbitos de energ\u00eda, transporte, construcci\u00f3n e innovaci\u00f3n y desarrollo. El objetivo de esta gran inversi\u00f3n es alcanzar una reducci\u00f3n del 55% de las emisiones de Co2 para el a\u00f1o 2030 con...","og_url":"https:\/\/napoleon-armengol.com\/fr\/alemania-apuesta-por-la-lucha-contra-el-cambio-climatico\/","og_site_name":"Armengol","article_published_time":"2019-09-30T11:16:13+00:00","article_modified_time":"2024-01-24T11:23:11+00:00","og_image":[{"width":626,"height":417,"url":"https:\/\/napoleon-armengol.com\/wp-content\/uploads\/2019\/09\/alemania-2.jpg","type":"image\/jpeg"}],"author":"admin","twitter_card":"summary_large_image","twitter_misc":{"\u00c9crit par":"admin","Dur\u00e9e de lecture estim\u00e9e":"3 minutes"},"schema":{"@context":"https:\/\/schema.org","@graph":[{"@type":"Article","@id":"https:\/\/napoleon-armengol.com\/alemania-apuesta-por-la-lucha-contra-el-cambio-climatico\/#article","isPartOf":{"@id":"https:\/\/napoleon-armengol.com\/alemania-apuesta-por-la-lucha-contra-el-cambio-climatico\/"},"author":{"name":"admin","@id":"https:\/\/napoleon-armengol.com\/#\/schema\/person\/e558fc54676c8886a95c89646b733a67"},"headline":"Alemania apuesta por la lucha contra el cambio clim\u00e1tico","datePublished":"2019-09-30T11:16:13+00:00","dateModified":"2024-01-24T11:23:11+00:00","mainEntityOfPage":{"@id":"https:\/\/napoleon-armengol.com\/alemania-apuesta-por-la-lucha-contra-el-cambio-climatico\/"},"wordCount":534,"publisher":{"@id":"https:\/\/napoleon-armengol.com\/#organization"},"image":{"@id":"https:\/\/napoleon-armengol.com\/alemania-apuesta-por-la-lucha-contra-el-cambio-climatico\/#primaryimage"},"thumbnailUrl":"https:\/\/napoleon-armengol.com\/wp-content\/uploads\/2019\/09\/alemania-2.jpg","keywords":["Alemania","cambio clim\u00e1tico","econom\u00eda","inversi\u00f3n","medidas sostenibles"],"articleSection":["Econom\u00eda"],"inLanguage":"fr-FR"},{"@type":"WebPage","@id":"https:\/\/napoleon-armengol.com\/alemania-apuesta-por-la-lucha-contra-el-cambio-climatico\/","url":"https:\/\/napoleon-armengol.com\/alemania-apuesta-por-la-lucha-contra-el-cambio-climatico\/","name":"Alemania apuesta por la lucha contra el cambio clim\u00e1tico - Armengol","isPartOf":{"@id":"https:\/\/napoleon-armengol.com\/#website"},"primaryImageOfPage":{"@id":"https:\/\/napoleon-armengol.com\/alemania-apuesta-por-la-lucha-contra-el-cambio-climatico\/#primaryimage"},"image":{"@id":"https:\/\/napoleon-armengol.com\/alemania-apuesta-por-la-lucha-contra-el-cambio-climatico\/#primaryimage"},"thumbnailUrl":"https:\/\/napoleon-armengol.com\/wp-content\/uploads\/2019\/09\/alemania-2.jpg","datePublished":"2019-09-30T11:16:13+00:00","dateModified":"2024-01-24T11:23:11+00:00","breadcrumb":{"@id":"https:\/\/napoleon-armengol.com\/alemania-apuesta-por-la-lucha-contra-el-cambio-climatico\/#breadcrumb"},"inLanguage":"fr-FR","potentialAction":[{"@type":"ReadAction","target":["https:\/\/napoleon-armengol.com\/alemania-apuesta-por-la-lucha-contra-el-cambio-climatico\/"]}]},{"@type":"ImageObject","inLanguage":"fr-FR","@id":"https:\/\/napoleon-armengol.com\/alemania-apuesta-por-la-lucha-contra-el-cambio-climatico\/#primaryimage","url":"https:\/\/napoleon-armengol.com\/wp-content\/uploads\/2019\/09\/alemania-2.jpg","contentUrl":"https:\/\/napoleon-armengol.com\/wp-content\/uploads\/2019\/09\/alemania-2.jpg","width":626,"height":417},{"@type":"BreadcrumbList","@id":"https:\/\/napoleon-armengol.com\/alemania-apuesta-por-la-lucha-contra-el-cambio-climatico\/#breadcrumb","itemListElement":[{"@type":"ListItem","position":1,"name":"Portada","item":"https:\/\/napoleon-armengol.com\/"},{"@type":"ListItem","position":2,"name":"Alemania apuesta por la lucha contra el cambio clim\u00e1tico"}]},{"@type":"WebSite","@id":"https:\/\/napoleon-armengol.com\/#website","url":"https:\/\/napoleon-armengol.com\/","name":"Armengol","description":"Seguridad y especializaci\u00f3n","publisher":{"@id":"https:\/\/napoleon-armengol.com\/#organization"},"potentialAction":[{"@type":"SearchAction","target":{"@type":"EntryPoint","urlTemplate":"https:\/\/napoleon-armengol.com\/?s={search_term_string}"},"query-input":{"@type":"PropertyValueSpecification","valueRequired":true,"valueName":"search_term_string"}}],"inLanguage":"fr-FR"},{"@type":"Organization","@id":"https:\/\/napoleon-armengol.com\/#organization","name":"Armengol","url":"https:\/\/napoleon-armengol.com\/","logo":{"@type":"ImageObject","inLanguage":"fr-FR","@id":"https:\/\/napoleon-armengol.com\/#\/schema\/logo\/image\/","url":"https:\/\/napoleon-armengol.com\/wp-content\/uploads\/2023\/04\/LOGO-ARMENGOL.png","contentUrl":"https:\/\/napoleon-armengol.com\/wp-content\/uploads\/2023\/04\/LOGO-ARMENGOL.png","width":460,"height":81,"caption":"Armengol"},"image":{"@id":"https:\/\/napoleon-armengol.com\/#\/schema\/logo\/image\/"}},{"@type":"Person","@id":"https:\/\/napoleon-armengol.com\/#\/schema\/person\/e558fc54676c8886a95c89646b733a67","name":"admin","sameAs":["http:\/\/napoleon-armengol.com"],"url":"https:\/\/napoleon-armengol.com\/fr\/author\/admin_5wnh1vf4\/"}]}},"taxonomy_info":{"category":[{"value":69,"label":"Econom\u00eda"}],"post_tag":[{"value":385,"label":"Alemania"},{"value":386,"label":"cambio clim\u00e1tico"},{"value":159,"label":"econom\u00eda"},{"value":135,"label":"inversi\u00f3n"},{"value":387,"label":"medidas sostenibles"}]},"featured_image_src_large":["https:\/\/napoleon-armengol.com\/wp-content\/uploads\/2019\/09\/alemania-2.jpg",626,417,false],"author_info":{"display_name":"admin","author_link":"https:\/\/napoleon-armengol.com\/fr\/author\/admin_5wnh1vf4\/"},"comment_info":0,"category_info":[{"term_id":69,"name":"Econom\u00eda","slug":"economia","term_group":0,"term_taxonomy_id":69,"taxonomy":"category","description":"","parent":0,"count":57,"filter":"raw","term_order":"0","cat_ID":69,"category_count":57,"category_description":"","cat_name":"Econom\u00eda","category_nicename":"economia","category_parent":0}],"tag_info":[{"term_id":385,"name":"Alemania","slug":"alemania","term_group":0,"term_taxonomy_id":385,"taxonomy":"post_tag","description":"","parent":0,"count":1,"filter":"raw","term_order":"0"},{"term_id":386,"name":"cambio clim\u00e1tico","slug":"cambio-climatico","term_group":0,"term_taxonomy_id":386,"taxonomy":"post_tag","description":"","parent":0,"count":1,"filter":"raw","term_order":"0"},{"term_id":159,"name":"econom\u00eda","slug":"economia","term_group":0,"term_taxonomy_id":159,"taxonomy":"post_tag","description":"","parent":0,"count":11,"filter":"raw","term_order":"0"},{"term_id":135,"name":"inversi\u00f3n","slug":"inversion","term_group":0,"term_taxonomy_id":135,"taxonomy":"post_tag","description":"","parent":0,"count":31,"filter":"raw","term_order":"0"},{"term_id":387,"name":"medidas sostenibles","slug":"medidas-sostenibles","term_group":0,"term_taxonomy_id":387,"taxonomy":"post_tag","description":"","parent":0,"count":1,"filter":"raw","term_order":"0"}],"_links":{"self":[{"href":"https:\/\/napoleon-armengol.com\/fr\/wp-json\/wp\/v2\/posts\/498","targetHints":{"allow":["GET"]}}],"collection":[{"href":"https:\/\/napoleon-armengol.com\/fr\/wp-json\/wp\/v2\/posts"}],"about":[{"href":"https:\/\/napoleon-armengol.com\/fr\/wp-json\/wp\/v2\/types\/post"}],"author":[{"embeddable":true,"href":"https:\/\/napoleon-armengol.com\/fr\/wp-json\/wp\/v2\/users\/1"}],"replies":[{"embeddable":true,"href":"https:\/\/napoleon-armengol.com\/fr\/wp-json\/wp\/v2\/comments?post=498"}],"version-history":[{"count":1,"href":"https:\/\/napoleon-armengol.com\/fr\/wp-json\/wp\/v2\/posts\/498\/revisions"}],"predecessor-version":[{"id":2302,"href":"https:\/\/napoleon-armengol.com\/fr\/wp-json\/wp\/v2\/posts\/498\/revisions\/2302"}],"wp:featuredmedia":[{"embeddable":true,"href":"https:\/\/napoleon-armengol.com\/fr\/wp-json\/wp\/v2\/media\/499"}],"wp:attachment":[{"href":"https:\/\/napoleon-armengol.com\/fr\/wp-json\/wp\/v2\/media?parent=498"}],"wp:term":[{"taxonomy":"category","embeddable":true,"href":"https:\/\/napoleon-armengol.com\/fr\/wp-json\/wp\/v2\/categories?post=498"},{"taxonomy":"post_tag","embeddable":true,"href":"https:\/\/napoleon-armengol.com\/fr\/wp-json\/wp\/v2\/tags?post=498"}],"curies":[{"name":"wp","href":"https:\/\/api.w.org\/{rel}","templated":true}]}}