{"id":502,"date":"2019-10-01T06:45:38","date_gmt":"2019-10-01T06:45:38","guid":{"rendered":"http:\/\/blog-napoleon-armengol.com\/?p=502"},"modified":"2024-01-24T12:23:07","modified_gmt":"2024-01-24T11:23:07","slug":"el-precio-marca-maximos-desde-2012-pero-su-subida-se-modera-al-3-1","status":"publish","type":"post","link":"https:\/\/napoleon-armengol.com\/fr\/el-precio-marca-maximos-desde-2012-pero-su-subida-se-modera-al-3-1\/","title":{"rendered":"Le prix marque son plus haut depuis 2012, mais sa hausse se mod\u00e8re \u00e0 3,1%"},"content":{"rendered":"<p>Il\n<a href=\"http:\/\/blog-napoleon-armengol.com\/category\/economia\/\">prix moyen d&#039;une maison<\/a> la gratuit\u00e9 au cours du deuxi\u00e8me trimestre de cette m\u00eame ann\u00e9e a mod\u00e9r\u00e9 la croissance \u00e0 3,11 TP3T du tarif interannuel jusqu&#039;\u00e0 1 637,4 \u20ac par m\u00e8tre carr\u00e9, le montant le plus \u00e9lev\u00e9 enregistr\u00e9 depuis les trois premiers mois de 2012, date \u00e0 laquelle il a d\u00e9pass\u00e9 1 649 \u20ac . Malgr\u00e9 la hausse des prix, le prix moyen du logement a att\u00e9nu\u00e9 cette croissance si on le compare avec le premier trimestre de l&#039;ann\u00e9e, au cours duquel il est devenu 4,4% plus cher par rapport \u00e0 la m\u00eame p\u00e9riode de l&#039;ann\u00e9e pr\u00e9c\u00e9dente, selon les donn\u00e9es publi\u00e9es par le minist\u00e8re du d\u00e9veloppement.<\/p>\n\n\n\n<figure class=\"wp-block-image\"><img loading=\"lazy\" decoding=\"async\" width=\"626\" height=\"417\" src=\"http:\/\/blog-napoleon-armengol.com\/wp-content\/uploads\/2019\/10\/precio-vivienda-2.jpg\" alt=\"\" class=\"wp-image-504\" srcset=\"https:\/\/napoleon-armengol.com\/wp-content\/uploads\/2019\/10\/precio-vivienda-2.jpg 626w, https:\/\/napoleon-armengol.com\/wp-content\/uploads\/2019\/10\/precio-vivienda-2-300x200.jpg 300w\" sizes=\"auto, (max-width: 626px) 100vw, 626px\" \/><\/figure>\n\n\n\n<h2 class=\"wp-block-heading\"><strong>Donn\u00e9es et conclusions<\/strong><\/h2>\n\n\n\n<p>En ce qui concerne le rythme mensuel, les prix de l&#039;immobilier sont rest\u00e9s stables au cours du deuxi\u00e8me trimestre. Dans la s\u00e9rie historique de cette statistique, la valeur moyenne par m\u00e8tre carr\u00e9 au deuxi\u00e8me trimestre de l&#039;ann\u00e9e \u00e9tait 22% inf\u00e9rieure au maximum atteint au premier trimestre 2008, lorsque l&#039;on a connu le boom du secteur immobilier, avec 2.101 euros. Depuis la valeur minimale lors de la crise du troisi\u00e8me trimestre 2014, le prix s&#039;est redress\u00e9 de 12,4%. <\/p>\n\n\n\n<p>Au cours de cette ann\u00e9e, entre les mois d&#039;avril et juin, toutes les communaut\u00e9s autonomes \u00e0 l&#039;exception du Pays Basque (-0,1%), La Rioja (-2,1%) et Castilla y Le\u00f3n (-0,2%), ont pr\u00e9sent\u00e9 des augmentations interannuelles, en soulignant Madrid ( 5.2%), la Catalogne (4.3%), les \u00eeles Bal\u00e9ares (5%) ou encore les \u00eeles Canaries (4%). Il s&#039;agit de pourcentages plus mod\u00e9r\u00e9s que ceux trois mois plus t\u00f4t, lorsqu&#039;\u00e0 Madrid ou en Catalogne le prix montait respectivement \u00e0 8,3% et 5,9%.<\/p>\n\n\n\n<p>Concernant l&#039;\u00e2ge du logement, la valeur moyenne du m\u00e8tre carr\u00e9 jusqu&#039;\u00e0 cinq ans \u00e9tait de 1 883,2 \u20ac, au cours du deuxi\u00e8me trimestre 2019, le 4% plus \u00e9lev\u00e9. Les logements de plus de cinq ans atteignent 1.629,6 euros le m\u00e8tre carr\u00e9, soit 3,1% de plus. Dans les deux cas, le prix au m\u00e8tre carr\u00e9 est le plus \u00e9lev\u00e9 enregistr\u00e9 depuis le premier trimestre 2012. Concernant les logements sociaux, le prix moyen en Espagne \u00e9tait de 1 124,2 \u20ac entre avril et juin (0,51 TP3T de moins). Parmi les communes de plus de 25 000 habitants, les prix les plus \u00e9lev\u00e9s \u00e9taient \u00e0 Saint-S\u00e9bastien (3 620,6 \u20ac\/m2) ; San Cugat del Vall\u00e8s (3 438 \u20ac\/m2) et Barcelone (3 417,3 \u20ac\/m2). Suivi par Palma de Majorque (2 096,5 \u20ac\/m2) ; Castelldefels (3 087 \u20ac\/m2) ; Madrid (3 223 \u20ac\/m2) ; Majadahonda (3 030 \u20ac\/m2) ; Pozuelo de Alarc\u00f3n (3 186,2 \u20ac\/m2) ; Getxo (2 962,1 \u20ac\/m2) ; Tres Cantos (2 540,8 \u20ac\/m2) ; Bilbao (2 433,2 \u20ac\/m2), etc.<\/p>\n\n\n\n<p>Les prix de l&#039;immobilier ont commenc\u00e9 \u00e0 baisser \u00e0 la fin de 2008, apr\u00e8s avoir enregistr\u00e9 une baisse sur un an pendant 26 trimestres. Concernant les \u00e9valuations immobili\u00e8res utilis\u00e9es pour calculer les prix des logements au cours du deuxi\u00e8me trimestre, elles \u00e9taient de 130 781.<\/p>","protected":false},"excerpt":{"rendered":"<p>El precio medio de la vivienda libre durante el segundo trimestre de este mismo a\u00f1o ha moderado el crecimiento al 3,1% en la tasa interanual hasta los 1.637,4\u20ac por metro cuadrado, el mayor importe que se ha registrado desde los tres primeros meses de 2012, momento en el que super\u00f3 los 1.649\u20ac. Pese a la&#8230;<\/p>","protected":false},"author":1,"featured_media":503,"comment_status":"closed","ping_status":"closed","sticky":false,"template":"","format":"standard","meta":{"_acf_changed":false,"_kad_blocks_custom_css":"","_kad_blocks_head_custom_js":"","_kad_blocks_body_custom_js":"","_kad_blocks_footer_custom_js":"","_kad_post_transparent":"","_kad_post_title":"","_kad_post_layout":"","_kad_post_sidebar_id":"","_kad_post_content_style":"","_kad_post_vertical_padding":"","_kad_post_feature":"","_kad_post_feature_position":"","_kad_post_header":false,"_kad_post_footer":false,"footnotes":""},"categories":[69],"tags":[388,389,390,391],"class_list":["post-502","post","type-post","status-publish","format-standard","has-post-thumbnail","hentry","category-economia","tag-crisis-economica","tag-precio-vivienda","tag-recuperacion-economica","tag-tasa-interanual"],"acf":[],"yoast_head":"<!-- This site is optimized with the Yoast SEO plugin v27.4 - https:\/\/yoast.com\/product\/yoast-seo-wordpress\/ -->\n<title>El precio marca m\u00e1ximos desde 2012, pero su subida se modera al 3.1% - Armengol<\/title>\n<meta name=\"robots\" content=\"index, follow, max-snippet:-1, max-image-preview:large, max-video-preview:-1\" \/>\n<link rel=\"canonical\" href=\"https:\/\/napoleon-armengol.com\/fr\/el-precio-marca-maximos-desde-2012-pero-su-subida-se-modera-al-3-1\/\" \/>\n<meta property=\"og:locale\" content=\"fr_FR\" \/>\n<meta property=\"og:type\" content=\"article\" \/>\n<meta property=\"og:title\" content=\"El precio marca m\u00e1ximos desde 2012, pero su subida se modera al 3.1% - Armengol\" \/>\n<meta property=\"og:description\" content=\"El precio medio de la vivienda libre durante el segundo trimestre de este mismo a\u00f1o ha moderado el crecimiento al 3,1% en la tasa interanual hasta los 1.637,4\u20ac por metro cuadrado, el mayor importe que se ha registrado desde los tres primeros meses de 2012, momento en el que super\u00f3 los 1.649\u20ac. Pese a la...\" \/>\n<meta property=\"og:url\" content=\"https:\/\/napoleon-armengol.com\/fr\/el-precio-marca-maximos-desde-2012-pero-su-subida-se-modera-al-3-1\/\" \/>\n<meta property=\"og:site_name\" content=\"Armengol\" \/>\n<meta property=\"article:published_time\" content=\"2019-10-01T06:45:38+00:00\" \/>\n<meta property=\"article:modified_time\" content=\"2024-01-24T11:23:07+00:00\" \/>\n<meta property=\"og:image\" content=\"https:\/\/napoleon-armengol.com\/wp-content\/uploads\/2019\/10\/precio-vivienda-1.jpg\" \/>\n\t<meta property=\"og:image:width\" content=\"626\" \/>\n\t<meta property=\"og:image:height\" content=\"414\" \/>\n\t<meta property=\"og:image:type\" content=\"image\/jpeg\" \/>\n<meta name=\"author\" content=\"admin\" \/>\n<meta name=\"twitter:card\" content=\"summary_large_image\" \/>\n<meta name=\"twitter:label1\" content=\"\u00c9crit par\" \/>\n\t<meta name=\"twitter:data1\" content=\"admin\" \/>\n\t<meta name=\"twitter:label2\" content=\"Dur\u00e9e de lecture estim\u00e9e\" \/>\n\t<meta name=\"twitter:data2\" content=\"2 minutes\" \/>\n<script type=\"application\/ld+json\" class=\"yoast-schema-graph\">{\"@context\":\"https:\\\/\\\/schema.org\",\"@graph\":[{\"@type\":\"Article\",\"@id\":\"https:\\\/\\\/napoleon-armengol.com\\\/el-precio-marca-maximos-desde-2012-pero-su-subida-se-modera-al-3-1\\\/#article\",\"isPartOf\":{\"@id\":\"https:\\\/\\\/napoleon-armengol.com\\\/el-precio-marca-maximos-desde-2012-pero-su-subida-se-modera-al-3-1\\\/\"},\"author\":{\"name\":\"admin\",\"@id\":\"https:\\\/\\\/napoleon-armengol.com\\\/#\\\/schema\\\/person\\\/e558fc54676c8886a95c89646b733a67\"},\"headline\":\"El precio marca m\u00e1ximos desde 2012, pero su subida se modera al 3.1%\",\"datePublished\":\"2019-10-01T06:45:38+00:00\",\"dateModified\":\"2024-01-24T11:23:07+00:00\",\"mainEntityOfPage\":{\"@id\":\"https:\\\/\\\/napoleon-armengol.com\\\/el-precio-marca-maximos-desde-2012-pero-su-subida-se-modera-al-3-1\\\/\"},\"wordCount\":461,\"publisher\":{\"@id\":\"https:\\\/\\\/napoleon-armengol.com\\\/#organization\"},\"image\":{\"@id\":\"https:\\\/\\\/napoleon-armengol.com\\\/el-precio-marca-maximos-desde-2012-pero-su-subida-se-modera-al-3-1\\\/#primaryimage\"},\"thumbnailUrl\":\"https:\\\/\\\/napoleon-armengol.com\\\/wp-content\\\/uploads\\\/2019\\\/10\\\/precio-vivienda-1.jpg\",\"keywords\":[\"crisis econ\u00f3mica\",\"precio vivienda\",\"recuperaci\u00f3n econ\u00f3mica\",\"tasa interanual\"],\"articleSection\":[\"Econom\u00eda\"],\"inLanguage\":\"fr-FR\"},{\"@type\":\"WebPage\",\"@id\":\"https:\\\/\\\/napoleon-armengol.com\\\/el-precio-marca-maximos-desde-2012-pero-su-subida-se-modera-al-3-1\\\/\",\"url\":\"https:\\\/\\\/napoleon-armengol.com\\\/el-precio-marca-maximos-desde-2012-pero-su-subida-se-modera-al-3-1\\\/\",\"name\":\"El precio marca m\u00e1ximos desde 2012, pero su subida se modera al 3.1% - Armengol\",\"isPartOf\":{\"@id\":\"https:\\\/\\\/napoleon-armengol.com\\\/#website\"},\"primaryImageOfPage\":{\"@id\":\"https:\\\/\\\/napoleon-armengol.com\\\/el-precio-marca-maximos-desde-2012-pero-su-subida-se-modera-al-3-1\\\/#primaryimage\"},\"image\":{\"@id\":\"https:\\\/\\\/napoleon-armengol.com\\\/el-precio-marca-maximos-desde-2012-pero-su-subida-se-modera-al-3-1\\\/#primaryimage\"},\"thumbnailUrl\":\"https:\\\/\\\/napoleon-armengol.com\\\/wp-content\\\/uploads\\\/2019\\\/10\\\/precio-vivienda-1.jpg\",\"datePublished\":\"2019-10-01T06:45:38+00:00\",\"dateModified\":\"2024-01-24T11:23:07+00:00\",\"breadcrumb\":{\"@id\":\"https:\\\/\\\/napoleon-armengol.com\\\/el-precio-marca-maximos-desde-2012-pero-su-subida-se-modera-al-3-1\\\/#breadcrumb\"},\"inLanguage\":\"fr-FR\",\"potentialAction\":[{\"@type\":\"ReadAction\",\"target\":[\"https:\\\/\\\/napoleon-armengol.com\\\/el-precio-marca-maximos-desde-2012-pero-su-subida-se-modera-al-3-1\\\/\"]}]},{\"@type\":\"ImageObject\",\"inLanguage\":\"fr-FR\",\"@id\":\"https:\\\/\\\/napoleon-armengol.com\\\/el-precio-marca-maximos-desde-2012-pero-su-subida-se-modera-al-3-1\\\/#primaryimage\",\"url\":\"https:\\\/\\\/napoleon-armengol.com\\\/wp-content\\\/uploads\\\/2019\\\/10\\\/precio-vivienda-1.jpg\",\"contentUrl\":\"https:\\\/\\\/napoleon-armengol.com\\\/wp-content\\\/uploads\\\/2019\\\/10\\\/precio-vivienda-1.jpg\",\"width\":626,\"height\":414},{\"@type\":\"BreadcrumbList\",\"@id\":\"https:\\\/\\\/napoleon-armengol.com\\\/el-precio-marca-maximos-desde-2012-pero-su-subida-se-modera-al-3-1\\\/#breadcrumb\",\"itemListElement\":[{\"@type\":\"ListItem\",\"position\":1,\"name\":\"Portada\",\"item\":\"https:\\\/\\\/napoleon-armengol.com\\\/\"},{\"@type\":\"ListItem\",\"position\":2,\"name\":\"El precio marca m\u00e1ximos desde 2012, pero su subida se modera al 3.1%\"}]},{\"@type\":\"WebSite\",\"@id\":\"https:\\\/\\\/napoleon-armengol.com\\\/#website\",\"url\":\"https:\\\/\\\/napoleon-armengol.com\\\/\",\"name\":\"Armengol\",\"description\":\"Seguridad y especializaci\u00f3n\",\"publisher\":{\"@id\":\"https:\\\/\\\/napoleon-armengol.com\\\/#organization\"},\"potentialAction\":[{\"@type\":\"SearchAction\",\"target\":{\"@type\":\"EntryPoint\",\"urlTemplate\":\"https:\\\/\\\/napoleon-armengol.com\\\/?s={search_term_string}\"},\"query-input\":{\"@type\":\"PropertyValueSpecification\",\"valueRequired\":true,\"valueName\":\"search_term_string\"}}],\"inLanguage\":\"fr-FR\"},{\"@type\":\"Organization\",\"@id\":\"https:\\\/\\\/napoleon-armengol.com\\\/#organization\",\"name\":\"Armengol\",\"url\":\"https:\\\/\\\/napoleon-armengol.com\\\/\",\"logo\":{\"@type\":\"ImageObject\",\"inLanguage\":\"fr-FR\",\"@id\":\"https:\\\/\\\/napoleon-armengol.com\\\/#\\\/schema\\\/logo\\\/image\\\/\",\"url\":\"https:\\\/\\\/napoleon-armengol.com\\\/wp-content\\\/uploads\\\/2023\\\/04\\\/LOGO-ARMENGOL.png\",\"contentUrl\":\"https:\\\/\\\/napoleon-armengol.com\\\/wp-content\\\/uploads\\\/2023\\\/04\\\/LOGO-ARMENGOL.png\",\"width\":460,\"height\":81,\"caption\":\"Armengol\"},\"image\":{\"@id\":\"https:\\\/\\\/napoleon-armengol.com\\\/#\\\/schema\\\/logo\\\/image\\\/\"}},{\"@type\":\"Person\",\"@id\":\"https:\\\/\\\/napoleon-armengol.com\\\/#\\\/schema\\\/person\\\/e558fc54676c8886a95c89646b733a67\",\"name\":\"admin\",\"sameAs\":[\"http:\\\/\\\/napoleon-armengol.com\"],\"url\":\"https:\\\/\\\/napoleon-armengol.com\\\/fr\\\/author\\\/admin_5wnh1vf4\\\/\"}]}<\/script>\n<!-- \/ Yoast SEO plugin. -->","yoast_head_json":{"title":"El precio marca m\u00e1ximos desde 2012, pero su subida se modera al 3.1% - Armengol","robots":{"index":"index","follow":"follow","max-snippet":"max-snippet:-1","max-image-preview":"max-image-preview:large","max-video-preview":"max-video-preview:-1"},"canonical":"https:\/\/napoleon-armengol.com\/fr\/el-precio-marca-maximos-desde-2012-pero-su-subida-se-modera-al-3-1\/","og_locale":"fr_FR","og_type":"article","og_title":"El precio marca m\u00e1ximos desde 2012, pero su subida se modera al 3.1% - Armengol","og_description":"El precio medio de la vivienda libre durante el segundo trimestre de este mismo a\u00f1o ha moderado el crecimiento al 3,1% en la tasa interanual hasta los 1.637,4\u20ac por metro cuadrado, el mayor importe que se ha registrado desde los tres primeros meses de 2012, momento en el que super\u00f3 los 1.649\u20ac. Pese a la...","og_url":"https:\/\/napoleon-armengol.com\/fr\/el-precio-marca-maximos-desde-2012-pero-su-subida-se-modera-al-3-1\/","og_site_name":"Armengol","article_published_time":"2019-10-01T06:45:38+00:00","article_modified_time":"2024-01-24T11:23:07+00:00","og_image":[{"width":626,"height":414,"url":"https:\/\/napoleon-armengol.com\/wp-content\/uploads\/2019\/10\/precio-vivienda-1.jpg","type":"image\/jpeg"}],"author":"admin","twitter_card":"summary_large_image","twitter_misc":{"\u00c9crit par":"admin","Dur\u00e9e de lecture estim\u00e9e":"2 minutes"},"schema":{"@context":"https:\/\/schema.org","@graph":[{"@type":"Article","@id":"https:\/\/napoleon-armengol.com\/el-precio-marca-maximos-desde-2012-pero-su-subida-se-modera-al-3-1\/#article","isPartOf":{"@id":"https:\/\/napoleon-armengol.com\/el-precio-marca-maximos-desde-2012-pero-su-subida-se-modera-al-3-1\/"},"author":{"name":"admin","@id":"https:\/\/napoleon-armengol.com\/#\/schema\/person\/e558fc54676c8886a95c89646b733a67"},"headline":"El precio marca m\u00e1ximos desde 2012, pero su subida se modera al 3.1%","datePublished":"2019-10-01T06:45:38+00:00","dateModified":"2024-01-24T11:23:07+00:00","mainEntityOfPage":{"@id":"https:\/\/napoleon-armengol.com\/el-precio-marca-maximos-desde-2012-pero-su-subida-se-modera-al-3-1\/"},"wordCount":461,"publisher":{"@id":"https:\/\/napoleon-armengol.com\/#organization"},"image":{"@id":"https:\/\/napoleon-armengol.com\/el-precio-marca-maximos-desde-2012-pero-su-subida-se-modera-al-3-1\/#primaryimage"},"thumbnailUrl":"https:\/\/napoleon-armengol.com\/wp-content\/uploads\/2019\/10\/precio-vivienda-1.jpg","keywords":["crisis econ\u00f3mica","precio vivienda","recuperaci\u00f3n econ\u00f3mica","tasa interanual"],"articleSection":["Econom\u00eda"],"inLanguage":"fr-FR"},{"@type":"WebPage","@id":"https:\/\/napoleon-armengol.com\/el-precio-marca-maximos-desde-2012-pero-su-subida-se-modera-al-3-1\/","url":"https:\/\/napoleon-armengol.com\/el-precio-marca-maximos-desde-2012-pero-su-subida-se-modera-al-3-1\/","name":"El precio marca m\u00e1ximos desde 2012, pero su subida se modera al 3.1% - Armengol","isPartOf":{"@id":"https:\/\/napoleon-armengol.com\/#website"},"primaryImageOfPage":{"@id":"https:\/\/napoleon-armengol.com\/el-precio-marca-maximos-desde-2012-pero-su-subida-se-modera-al-3-1\/#primaryimage"},"image":{"@id":"https:\/\/napoleon-armengol.com\/el-precio-marca-maximos-desde-2012-pero-su-subida-se-modera-al-3-1\/#primaryimage"},"thumbnailUrl":"https:\/\/napoleon-armengol.com\/wp-content\/uploads\/2019\/10\/precio-vivienda-1.jpg","datePublished":"2019-10-01T06:45:38+00:00","dateModified":"2024-01-24T11:23:07+00:00","breadcrumb":{"@id":"https:\/\/napoleon-armengol.com\/el-precio-marca-maximos-desde-2012-pero-su-subida-se-modera-al-3-1\/#breadcrumb"},"inLanguage":"fr-FR","potentialAction":[{"@type":"ReadAction","target":["https:\/\/napoleon-armengol.com\/el-precio-marca-maximos-desde-2012-pero-su-subida-se-modera-al-3-1\/"]}]},{"@type":"ImageObject","inLanguage":"fr-FR","@id":"https:\/\/napoleon-armengol.com\/el-precio-marca-maximos-desde-2012-pero-su-subida-se-modera-al-3-1\/#primaryimage","url":"https:\/\/napoleon-armengol.com\/wp-content\/uploads\/2019\/10\/precio-vivienda-1.jpg","contentUrl":"https:\/\/napoleon-armengol.com\/wp-content\/uploads\/2019\/10\/precio-vivienda-1.jpg","width":626,"height":414},{"@type":"BreadcrumbList","@id":"https:\/\/napoleon-armengol.com\/el-precio-marca-maximos-desde-2012-pero-su-subida-se-modera-al-3-1\/#breadcrumb","itemListElement":[{"@type":"ListItem","position":1,"name":"Portada","item":"https:\/\/napoleon-armengol.com\/"},{"@type":"ListItem","position":2,"name":"El precio marca m\u00e1ximos desde 2012, pero su subida se modera al 3.1%"}]},{"@type":"WebSite","@id":"https:\/\/napoleon-armengol.com\/#website","url":"https:\/\/napoleon-armengol.com\/","name":"Armengol","description":"Seguridad y especializaci\u00f3n","publisher":{"@id":"https:\/\/napoleon-armengol.com\/#organization"},"potentialAction":[{"@type":"SearchAction","target":{"@type":"EntryPoint","urlTemplate":"https:\/\/napoleon-armengol.com\/?s={search_term_string}"},"query-input":{"@type":"PropertyValueSpecification","valueRequired":true,"valueName":"search_term_string"}}],"inLanguage":"fr-FR"},{"@type":"Organization","@id":"https:\/\/napoleon-armengol.com\/#organization","name":"Armengol","url":"https:\/\/napoleon-armengol.com\/","logo":{"@type":"ImageObject","inLanguage":"fr-FR","@id":"https:\/\/napoleon-armengol.com\/#\/schema\/logo\/image\/","url":"https:\/\/napoleon-armengol.com\/wp-content\/uploads\/2023\/04\/LOGO-ARMENGOL.png","contentUrl":"https:\/\/napoleon-armengol.com\/wp-content\/uploads\/2023\/04\/LOGO-ARMENGOL.png","width":460,"height":81,"caption":"Armengol"},"image":{"@id":"https:\/\/napoleon-armengol.com\/#\/schema\/logo\/image\/"}},{"@type":"Person","@id":"https:\/\/napoleon-armengol.com\/#\/schema\/person\/e558fc54676c8886a95c89646b733a67","name":"admin","sameAs":["http:\/\/napoleon-armengol.com"],"url":"https:\/\/napoleon-armengol.com\/fr\/author\/admin_5wnh1vf4\/"}]}},"taxonomy_info":{"category":[{"value":69,"label":"Econom\u00eda"}],"post_tag":[{"value":388,"label":"crisis econ\u00f3mica"},{"value":389,"label":"precio vivienda"},{"value":390,"label":"recuperaci\u00f3n econ\u00f3mica"},{"value":391,"label":"tasa interanual"}]},"featured_image_src_large":["https:\/\/napoleon-armengol.com\/wp-content\/uploads\/2019\/10\/precio-vivienda-1.jpg",626,414,false],"author_info":{"display_name":"admin","author_link":"https:\/\/napoleon-armengol.com\/fr\/author\/admin_5wnh1vf4\/"},"comment_info":0,"category_info":[{"term_id":69,"name":"Econom\u00eda","slug":"economia","term_group":0,"term_taxonomy_id":69,"taxonomy":"category","description":"","parent":0,"count":57,"filter":"raw","term_order":"0","cat_ID":69,"category_count":57,"category_description":"","cat_name":"Econom\u00eda","category_nicename":"economia","category_parent":0}],"tag_info":[{"term_id":388,"name":"crisis econ\u00f3mica","slug":"crisis-economica","term_group":0,"term_taxonomy_id":388,"taxonomy":"post_tag","description":"","parent":0,"count":2,"filter":"raw","term_order":"0"},{"term_id":389,"name":"precio vivienda","slug":"precio-vivienda","term_group":0,"term_taxonomy_id":389,"taxonomy":"post_tag","description":"","parent":0,"count":1,"filter":"raw","term_order":"0"},{"term_id":390,"name":"recuperaci\u00f3n econ\u00f3mica","slug":"recuperacion-economica","term_group":0,"term_taxonomy_id":390,"taxonomy":"post_tag","description":"","parent":0,"count":1,"filter":"raw","term_order":"0"},{"term_id":391,"name":"tasa interanual","slug":"tasa-interanual","term_group":0,"term_taxonomy_id":391,"taxonomy":"post_tag","description":"","parent":0,"count":1,"filter":"raw","term_order":"0"}],"_links":{"self":[{"href":"https:\/\/napoleon-armengol.com\/fr\/wp-json\/wp\/v2\/posts\/502","targetHints":{"allow":["GET"]}}],"collection":[{"href":"https:\/\/napoleon-armengol.com\/fr\/wp-json\/wp\/v2\/posts"}],"about":[{"href":"https:\/\/napoleon-armengol.com\/fr\/wp-json\/wp\/v2\/types\/post"}],"author":[{"embeddable":true,"href":"https:\/\/napoleon-armengol.com\/fr\/wp-json\/wp\/v2\/users\/1"}],"replies":[{"embeddable":true,"href":"https:\/\/napoleon-armengol.com\/fr\/wp-json\/wp\/v2\/comments?post=502"}],"version-history":[{"count":1,"href":"https:\/\/napoleon-armengol.com\/fr\/wp-json\/wp\/v2\/posts\/502\/revisions"}],"predecessor-version":[{"id":2301,"href":"https:\/\/napoleon-armengol.com\/fr\/wp-json\/wp\/v2\/posts\/502\/revisions\/2301"}],"wp:featuredmedia":[{"embeddable":true,"href":"https:\/\/napoleon-armengol.com\/fr\/wp-json\/wp\/v2\/media\/503"}],"wp:attachment":[{"href":"https:\/\/napoleon-armengol.com\/fr\/wp-json\/wp\/v2\/media?parent=502"}],"wp:term":[{"taxonomy":"category","embeddable":true,"href":"https:\/\/napoleon-armengol.com\/fr\/wp-json\/wp\/v2\/categories?post=502"},{"taxonomy":"post_tag","embeddable":true,"href":"https:\/\/napoleon-armengol.com\/fr\/wp-json\/wp\/v2\/tags?post=502"}],"curies":[{"name":"wp","href":"https:\/\/api.w.org\/{rel}","templated":true}]}}