{"id":556,"date":"2019-11-25T12:27:04","date_gmt":"2019-11-25T12:27:04","guid":{"rendered":"http:\/\/blog-napoleon-armengol.com\/?p=556"},"modified":"2024-03-06T11:41:57","modified_gmt":"2024-03-06T10:41:57","slug":"comienza-la-produccion-del-volkswagen-id-3","status":"publish","type":"post","link":"https:\/\/napoleon-armengol.com\/fr\/comienza-la-produccion-del-volkswagen-id-3\/","title":{"rendered":"D\u00e9but de la production de la Volkswagen ID.3"},"content":{"rendered":"<p>Commencer le <a href=\"http:\/\/blog-napoleon-armengol.com\/category\/coche-eletrico\/\">c&#039;\u00e9tait \u00e9lectrique<\/a> de Volkswagen, investissant 1,2 milliard d&#039;euros pour r\u00e9nover et transformer l&#039;usine de Zwickau en installations modernes adapt\u00e9es aux temps nouveaux dans lesquelles seules des voitures \u00e9lectriques seront fabriqu\u00e9es et qui deviendront la plus grande usine de voitures \u00e9lectriques de toute l&#039;Europe. Cela jouera un r\u00f4le tr\u00e8s important, car Volkswagen pr\u00e9voit de vendre 22 millions de voitures \u00e9lectriques dans le monde d&#039;ici 2028. C&#039;est une excellente nouvelle pour l&#039;environnement, puisque la production de 100 000 voitures devrait \u00eatre atteinte au cours de l&#039;ann\u00e9e prochaine, ce qui est tr\u00e8s significatif pour la transformation vers une mobilit\u00e9 \u00e9lectrique et durable.<\/p>\n\n\n\n<figure class=\"wp-block-image\"><img decoding=\"async\" src=\"http:\/\/blog-napoleon-armengol.com\/wp-content\/uploads\/2019\/11\/coche-el\u00e9ctrico-4-1.jpg\" alt=\"\" class=\"wp-image-559\"\/><\/figure>\n\n\n\n<p>Volkswagen ID.3 est le premier mod\u00e8le de cette nouvelle g\u00e9n\u00e9ration de mod\u00e8les \u00e9lectriques de la c\u00e9l\u00e8bre marque automobile, de couleur blanche et bas\u00e9e sur la plateforme \u00e9lectrique modulaire MEB du groupe. Elle a des dimensions similaires \u00e0 celles d&#039;une Golf, avec une longueur de 4,26 m\u00e8tres, 1,8 de largeur et 1,55 de hauteur. Il sera disponible avec trois options concernant la taille de sa batterie : 45 kWh (avec 330 kilom\u00e8tres d&#039;autonomie), 58 kWh (avec 420 kilom\u00e8tres d&#039;autonomie) et 77 kWh (avec 550 kilom\u00e8tres d&#039;autonomie). La version la plus simple co\u00fbtera environ 30 000 euros en Allemagne et pourra \u00eatre achet\u00e9e presque simultan\u00e9ment sur les march\u00e9s de toute l\u2019Europe, d\u2019ici l\u2019\u00e9t\u00e9 2020.<\/p>\n\n\n\n<p>C&#039;est la premi\u00e8re fois que Volkswagen transformera l&#039;ensemble de son usine pour se concentrer sur la mobilit\u00e9 \u00e9lectrique. Dans la derni\u00e8re phase d&#039;expansion, qui aura lieu en 2021, six mod\u00e8les de trois marques du groupe seront construits \u00e0 Zwickau, qui compte d&#039;ici l\u00e0 8 000 ouvriers sp\u00e9cialement form\u00e9s pour la production de voitures \u00e9lectriques, avec l&#039;aide de 1 700 personnes. des robots. .<\/p>\n\n\n\n<h2 class=\"wp-block-heading\"><strong>Projet durable<\/strong><\/h2>\n\n\n\n<p>On s&#039;attend \u00e0 ce que jusqu&#039;\u00e0 100 000 v\u00e9hicules \u00e9lectriques soient produits l&#039;ann\u00e9e prochaine et que ce chiffre atteigne 330 000 unit\u00e9s par an \u00e0 partir de 2021, faisant de cette usine la plus grande d&#039;Europe. Selon Volkswagen, l&#039;empreinte carbone g\u00e9n\u00e9r\u00e9e par la production de la voiture est neutre, c&#039;est-\u00e0-dire que les \u00e9missions in\u00e9vitables produites lors du processus de fabrication sont compens\u00e9es par les investissements r\u00e9alis\u00e9s dans le projet \u00ab Katingan Mataya Forest Protection \u00bb \u00e0 Born\u00e9o (Indon\u00e9sie). Il s&#039;agit d&#039;un projet qui utilise les revenus du carbone pour assurer la restauration et la protection des for\u00eats naturelles, \u00e0 travers des activit\u00e9s align\u00e9es sur les objectifs de d\u00e9veloppement durable des Nations Unies.<\/p>","protected":false},"excerpt":{"rendered":"<p>Arranca la era el\u00e9ctrica de Volkswagen, invirtiendo 1.200 millones de euros para reformar y transformar la planta de Zwickau, en unas instalaciones modernas y adaptadas a los nuevos tiempos en la que se fabricar\u00e1n \u00fanicamente coches el\u00e9ctricos y que se convertir\u00e1 en la mayor f\u00e1brica de coches el\u00e9ctricos de toda Europa.\u00a0 Jugar\u00e1 un papel muy&#8230;<\/p>","protected":false},"author":1,"featured_media":557,"comment_status":"closed","ping_status":"closed","sticky":false,"template":"","format":"standard","meta":{"_acf_changed":false,"_kad_blocks_custom_css":"","_kad_blocks_head_custom_js":"","_kad_blocks_body_custom_js":"","_kad_blocks_footer_custom_js":"","_kad_post_transparent":"","_kad_post_title":"","_kad_post_layout":"","_kad_post_sidebar_id":"","_kad_post_content_style":"","_kad_post_vertical_padding":"","_kad_post_feature":"","_kad_post_feature_position":"","_kad_post_header":false,"_kad_post_footer":false,"footnotes":""},"categories":[68],"tags":[95,100,415],"class_list":["post-556","post","type-post","status-publish","format-standard","has-post-thumbnail","hentry","category-coche-eletrico","tag-coche-electrico","tag-movilidad-electrica","tag-volkswagen"],"acf":[],"yoast_head":"<!-- This site is optimized with the Yoast SEO plugin v27.4 - https:\/\/yoast.com\/product\/yoast-seo-wordpress\/ -->\n<title>Comienza la producci\u00f3n del Volkswagen ID.3 - Armengol<\/title>\n<meta name=\"robots\" content=\"index, follow, max-snippet:-1, max-image-preview:large, max-video-preview:-1\" \/>\n<link rel=\"canonical\" href=\"https:\/\/napoleon-armengol.com\/fr\/comienza-la-produccion-del-volkswagen-id-3\/\" \/>\n<meta property=\"og:locale\" content=\"fr_FR\" \/>\n<meta property=\"og:type\" content=\"article\" \/>\n<meta property=\"og:title\" content=\"Comienza la producci\u00f3n del Volkswagen ID.3 - Armengol\" \/>\n<meta property=\"og:description\" content=\"Arranca la era el\u00e9ctrica de Volkswagen, invirtiendo 1.200 millones de euros para reformar y transformar la planta de Zwickau, en unas instalaciones modernas y adaptadas a los nuevos tiempos en la que se fabricar\u00e1n \u00fanicamente coches el\u00e9ctricos y que se convertir\u00e1 en la mayor f\u00e1brica de coches el\u00e9ctricos de toda Europa.\u00a0 Jugar\u00e1 un papel muy...\" \/>\n<meta property=\"og:url\" content=\"https:\/\/napoleon-armengol.com\/fr\/comienza-la-produccion-del-volkswagen-id-3\/\" \/>\n<meta property=\"og:site_name\" content=\"Armengol\" \/>\n<meta property=\"article:published_time\" content=\"2019-11-25T12:27:04+00:00\" \/>\n<meta property=\"article:modified_time\" content=\"2024-03-06T10:41:57+00:00\" \/>\n<meta property=\"og:image\" content=\"https:\/\/napoleon-armengol.com\/wp-content\/uploads\/2019\/11\/coche-eletrico-3.jpg\" \/>\n\t<meta property=\"og:image:width\" content=\"626\" \/>\n\t<meta property=\"og:image:height\" content=\"320\" \/>\n\t<meta property=\"og:image:type\" content=\"image\/jpeg\" \/>\n<meta name=\"author\" content=\"admin\" \/>\n<meta name=\"twitter:card\" content=\"summary_large_image\" \/>\n<meta name=\"twitter:label1\" content=\"\u00c9crit par\" \/>\n\t<meta name=\"twitter:data1\" content=\"admin\" \/>\n\t<meta name=\"twitter:label2\" content=\"Dur\u00e9e de lecture estim\u00e9e\" \/>\n\t<meta name=\"twitter:data2\" content=\"3 minutes\" \/>\n<script type=\"application\/ld+json\" class=\"yoast-schema-graph\">{\"@context\":\"https:\\\/\\\/schema.org\",\"@graph\":[{\"@type\":\"Article\",\"@id\":\"https:\\\/\\\/napoleon-armengol.com\\\/comienza-la-produccion-del-volkswagen-id-3\\\/#article\",\"isPartOf\":{\"@id\":\"https:\\\/\\\/napoleon-armengol.com\\\/comienza-la-produccion-del-volkswagen-id-3\\\/\"},\"author\":{\"name\":\"admin\",\"@id\":\"https:\\\/\\\/napoleon-armengol.com\\\/#\\\/schema\\\/person\\\/e558fc54676c8886a95c89646b733a67\"},\"headline\":\"Comienza la producci\u00f3n del Volkswagen ID.3\",\"datePublished\":\"2019-11-25T12:27:04+00:00\",\"dateModified\":\"2024-03-06T10:41:57+00:00\",\"mainEntityOfPage\":{\"@id\":\"https:\\\/\\\/napoleon-armengol.com\\\/comienza-la-produccion-del-volkswagen-id-3\\\/\"},\"wordCount\":444,\"publisher\":{\"@id\":\"https:\\\/\\\/napoleon-armengol.com\\\/#organization\"},\"image\":{\"@id\":\"https:\\\/\\\/napoleon-armengol.com\\\/comienza-la-produccion-del-volkswagen-id-3\\\/#primaryimage\"},\"thumbnailUrl\":\"https:\\\/\\\/napoleon-armengol.com\\\/wp-content\\\/uploads\\\/2019\\\/11\\\/coche-eletrico-3.jpg\",\"keywords\":[\"Coche el\u00e9ctrico\",\"movilidad el\u00e9ctrica\",\"Volkswagen\"],\"articleSection\":[\"Coche el\u00e9trico\"],\"inLanguage\":\"fr-FR\"},{\"@type\":\"WebPage\",\"@id\":\"https:\\\/\\\/napoleon-armengol.com\\\/comienza-la-produccion-del-volkswagen-id-3\\\/\",\"url\":\"https:\\\/\\\/napoleon-armengol.com\\\/comienza-la-produccion-del-volkswagen-id-3\\\/\",\"name\":\"Comienza la producci\u00f3n del Volkswagen ID.3 - Armengol\",\"isPartOf\":{\"@id\":\"https:\\\/\\\/napoleon-armengol.com\\\/#website\"},\"primaryImageOfPage\":{\"@id\":\"https:\\\/\\\/napoleon-armengol.com\\\/comienza-la-produccion-del-volkswagen-id-3\\\/#primaryimage\"},\"image\":{\"@id\":\"https:\\\/\\\/napoleon-armengol.com\\\/comienza-la-produccion-del-volkswagen-id-3\\\/#primaryimage\"},\"thumbnailUrl\":\"https:\\\/\\\/napoleon-armengol.com\\\/wp-content\\\/uploads\\\/2019\\\/11\\\/coche-eletrico-3.jpg\",\"datePublished\":\"2019-11-25T12:27:04+00:00\",\"dateModified\":\"2024-03-06T10:41:57+00:00\",\"breadcrumb\":{\"@id\":\"https:\\\/\\\/napoleon-armengol.com\\\/comienza-la-produccion-del-volkswagen-id-3\\\/#breadcrumb\"},\"inLanguage\":\"fr-FR\",\"potentialAction\":[{\"@type\":\"ReadAction\",\"target\":[\"https:\\\/\\\/napoleon-armengol.com\\\/comienza-la-produccion-del-volkswagen-id-3\\\/\"]}]},{\"@type\":\"ImageObject\",\"inLanguage\":\"fr-FR\",\"@id\":\"https:\\\/\\\/napoleon-armengol.com\\\/comienza-la-produccion-del-volkswagen-id-3\\\/#primaryimage\",\"url\":\"https:\\\/\\\/napoleon-armengol.com\\\/wp-content\\\/uploads\\\/2019\\\/11\\\/coche-eletrico-3.jpg\",\"contentUrl\":\"https:\\\/\\\/napoleon-armengol.com\\\/wp-content\\\/uploads\\\/2019\\\/11\\\/coche-eletrico-3.jpg\",\"width\":626,\"height\":320},{\"@type\":\"BreadcrumbList\",\"@id\":\"https:\\\/\\\/napoleon-armengol.com\\\/comienza-la-produccion-del-volkswagen-id-3\\\/#breadcrumb\",\"itemListElement\":[{\"@type\":\"ListItem\",\"position\":1,\"name\":\"Portada\",\"item\":\"https:\\\/\\\/napoleon-armengol.com\\\/\"},{\"@type\":\"ListItem\",\"position\":2,\"name\":\"Comienza la producci\u00f3n del Volkswagen ID.3\"}]},{\"@type\":\"WebSite\",\"@id\":\"https:\\\/\\\/napoleon-armengol.com\\\/#website\",\"url\":\"https:\\\/\\\/napoleon-armengol.com\\\/\",\"name\":\"Armengol\",\"description\":\"Seguridad y especializaci\u00f3n\",\"publisher\":{\"@id\":\"https:\\\/\\\/napoleon-armengol.com\\\/#organization\"},\"potentialAction\":[{\"@type\":\"SearchAction\",\"target\":{\"@type\":\"EntryPoint\",\"urlTemplate\":\"https:\\\/\\\/napoleon-armengol.com\\\/?s={search_term_string}\"},\"query-input\":{\"@type\":\"PropertyValueSpecification\",\"valueRequired\":true,\"valueName\":\"search_term_string\"}}],\"inLanguage\":\"fr-FR\"},{\"@type\":\"Organization\",\"@id\":\"https:\\\/\\\/napoleon-armengol.com\\\/#organization\",\"name\":\"Armengol\",\"url\":\"https:\\\/\\\/napoleon-armengol.com\\\/\",\"logo\":{\"@type\":\"ImageObject\",\"inLanguage\":\"fr-FR\",\"@id\":\"https:\\\/\\\/napoleon-armengol.com\\\/#\\\/schema\\\/logo\\\/image\\\/\",\"url\":\"https:\\\/\\\/napoleon-armengol.com\\\/wp-content\\\/uploads\\\/2023\\\/04\\\/LOGO-ARMENGOL.png\",\"contentUrl\":\"https:\\\/\\\/napoleon-armengol.com\\\/wp-content\\\/uploads\\\/2023\\\/04\\\/LOGO-ARMENGOL.png\",\"width\":460,\"height\":81,\"caption\":\"Armengol\"},\"image\":{\"@id\":\"https:\\\/\\\/napoleon-armengol.com\\\/#\\\/schema\\\/logo\\\/image\\\/\"}},{\"@type\":\"Person\",\"@id\":\"https:\\\/\\\/napoleon-armengol.com\\\/#\\\/schema\\\/person\\\/e558fc54676c8886a95c89646b733a67\",\"name\":\"admin\",\"sameAs\":[\"http:\\\/\\\/napoleon-armengol.com\"],\"url\":\"https:\\\/\\\/napoleon-armengol.com\\\/fr\\\/author\\\/admin_5wnh1vf4\\\/\"}]}<\/script>\n<!-- \/ Yoast SEO plugin. -->","yoast_head_json":{"title":"Comienza la producci\u00f3n del Volkswagen ID.3 - Armengol","robots":{"index":"index","follow":"follow","max-snippet":"max-snippet:-1","max-image-preview":"max-image-preview:large","max-video-preview":"max-video-preview:-1"},"canonical":"https:\/\/napoleon-armengol.com\/fr\/comienza-la-produccion-del-volkswagen-id-3\/","og_locale":"fr_FR","og_type":"article","og_title":"Comienza la producci\u00f3n del Volkswagen ID.3 - Armengol","og_description":"Arranca la era el\u00e9ctrica de Volkswagen, invirtiendo 1.200 millones de euros para reformar y transformar la planta de Zwickau, en unas instalaciones modernas y adaptadas a los nuevos tiempos en la que se fabricar\u00e1n \u00fanicamente coches el\u00e9ctricos y que se convertir\u00e1 en la mayor f\u00e1brica de coches el\u00e9ctricos de toda Europa.\u00a0 Jugar\u00e1 un papel muy...","og_url":"https:\/\/napoleon-armengol.com\/fr\/comienza-la-produccion-del-volkswagen-id-3\/","og_site_name":"Armengol","article_published_time":"2019-11-25T12:27:04+00:00","article_modified_time":"2024-03-06T10:41:57+00:00","og_image":[{"width":626,"height":320,"url":"https:\/\/napoleon-armengol.com\/wp-content\/uploads\/2019\/11\/coche-eletrico-3.jpg","type":"image\/jpeg"}],"author":"admin","twitter_card":"summary_large_image","twitter_misc":{"\u00c9crit par":"admin","Dur\u00e9e de lecture estim\u00e9e":"3 minutes"},"schema":{"@context":"https:\/\/schema.org","@graph":[{"@type":"Article","@id":"https:\/\/napoleon-armengol.com\/comienza-la-produccion-del-volkswagen-id-3\/#article","isPartOf":{"@id":"https:\/\/napoleon-armengol.com\/comienza-la-produccion-del-volkswagen-id-3\/"},"author":{"name":"admin","@id":"https:\/\/napoleon-armengol.com\/#\/schema\/person\/e558fc54676c8886a95c89646b733a67"},"headline":"Comienza la producci\u00f3n del Volkswagen ID.3","datePublished":"2019-11-25T12:27:04+00:00","dateModified":"2024-03-06T10:41:57+00:00","mainEntityOfPage":{"@id":"https:\/\/napoleon-armengol.com\/comienza-la-produccion-del-volkswagen-id-3\/"},"wordCount":444,"publisher":{"@id":"https:\/\/napoleon-armengol.com\/#organization"},"image":{"@id":"https:\/\/napoleon-armengol.com\/comienza-la-produccion-del-volkswagen-id-3\/#primaryimage"},"thumbnailUrl":"https:\/\/napoleon-armengol.com\/wp-content\/uploads\/2019\/11\/coche-eletrico-3.jpg","keywords":["Coche el\u00e9ctrico","movilidad el\u00e9ctrica","Volkswagen"],"articleSection":["Coche el\u00e9trico"],"inLanguage":"fr-FR"},{"@type":"WebPage","@id":"https:\/\/napoleon-armengol.com\/comienza-la-produccion-del-volkswagen-id-3\/","url":"https:\/\/napoleon-armengol.com\/comienza-la-produccion-del-volkswagen-id-3\/","name":"Comienza la producci\u00f3n del Volkswagen ID.3 - Armengol","isPartOf":{"@id":"https:\/\/napoleon-armengol.com\/#website"},"primaryImageOfPage":{"@id":"https:\/\/napoleon-armengol.com\/comienza-la-produccion-del-volkswagen-id-3\/#primaryimage"},"image":{"@id":"https:\/\/napoleon-armengol.com\/comienza-la-produccion-del-volkswagen-id-3\/#primaryimage"},"thumbnailUrl":"https:\/\/napoleon-armengol.com\/wp-content\/uploads\/2019\/11\/coche-eletrico-3.jpg","datePublished":"2019-11-25T12:27:04+00:00","dateModified":"2024-03-06T10:41:57+00:00","breadcrumb":{"@id":"https:\/\/napoleon-armengol.com\/comienza-la-produccion-del-volkswagen-id-3\/#breadcrumb"},"inLanguage":"fr-FR","potentialAction":[{"@type":"ReadAction","target":["https:\/\/napoleon-armengol.com\/comienza-la-produccion-del-volkswagen-id-3\/"]}]},{"@type":"ImageObject","inLanguage":"fr-FR","@id":"https:\/\/napoleon-armengol.com\/comienza-la-produccion-del-volkswagen-id-3\/#primaryimage","url":"https:\/\/napoleon-armengol.com\/wp-content\/uploads\/2019\/11\/coche-eletrico-3.jpg","contentUrl":"https:\/\/napoleon-armengol.com\/wp-content\/uploads\/2019\/11\/coche-eletrico-3.jpg","width":626,"height":320},{"@type":"BreadcrumbList","@id":"https:\/\/napoleon-armengol.com\/comienza-la-produccion-del-volkswagen-id-3\/#breadcrumb","itemListElement":[{"@type":"ListItem","position":1,"name":"Portada","item":"https:\/\/napoleon-armengol.com\/"},{"@type":"ListItem","position":2,"name":"Comienza la producci\u00f3n del Volkswagen ID.3"}]},{"@type":"WebSite","@id":"https:\/\/napoleon-armengol.com\/#website","url":"https:\/\/napoleon-armengol.com\/","name":"Armengol","description":"Seguridad y especializaci\u00f3n","publisher":{"@id":"https:\/\/napoleon-armengol.com\/#organization"},"potentialAction":[{"@type":"SearchAction","target":{"@type":"EntryPoint","urlTemplate":"https:\/\/napoleon-armengol.com\/?s={search_term_string}"},"query-input":{"@type":"PropertyValueSpecification","valueRequired":true,"valueName":"search_term_string"}}],"inLanguage":"fr-FR"},{"@type":"Organization","@id":"https:\/\/napoleon-armengol.com\/#organization","name":"Armengol","url":"https:\/\/napoleon-armengol.com\/","logo":{"@type":"ImageObject","inLanguage":"fr-FR","@id":"https:\/\/napoleon-armengol.com\/#\/schema\/logo\/image\/","url":"https:\/\/napoleon-armengol.com\/wp-content\/uploads\/2023\/04\/LOGO-ARMENGOL.png","contentUrl":"https:\/\/napoleon-armengol.com\/wp-content\/uploads\/2023\/04\/LOGO-ARMENGOL.png","width":460,"height":81,"caption":"Armengol"},"image":{"@id":"https:\/\/napoleon-armengol.com\/#\/schema\/logo\/image\/"}},{"@type":"Person","@id":"https:\/\/napoleon-armengol.com\/#\/schema\/person\/e558fc54676c8886a95c89646b733a67","name":"admin","sameAs":["http:\/\/napoleon-armengol.com"],"url":"https:\/\/napoleon-armengol.com\/fr\/author\/admin_5wnh1vf4\/"}]}},"taxonomy_info":{"category":[{"value":68,"label":"Coche el\u00e9trico"}],"post_tag":[{"value":95,"label":"Coche el\u00e9ctrico"},{"value":100,"label":"movilidad el\u00e9ctrica"},{"value":415,"label":"Volkswagen"}]},"featured_image_src_large":["https:\/\/napoleon-armengol.com\/wp-content\/uploads\/2019\/11\/coche-eletrico-3.jpg",626,320,false],"author_info":{"display_name":"admin","author_link":"https:\/\/napoleon-armengol.com\/fr\/author\/admin_5wnh1vf4\/"},"comment_info":0,"category_info":[{"term_id":68,"name":"Coche el\u00e9trico","slug":"coche-eletrico","term_group":0,"term_taxonomy_id":68,"taxonomy":"category","description":"","parent":0,"count":63,"filter":"raw","term_order":"0","cat_ID":68,"category_count":63,"category_description":"","cat_name":"Coche el\u00e9trico","category_nicename":"coche-eletrico","category_parent":0}],"tag_info":[{"term_id":95,"name":"Coche el\u00e9ctrico","slug":"coche-electrico","term_group":0,"term_taxonomy_id":95,"taxonomy":"post_tag","description":"","parent":0,"count":45,"filter":"raw","term_order":"0"},{"term_id":100,"name":"movilidad el\u00e9ctrica","slug":"movilidad-electrica","term_group":0,"term_taxonomy_id":100,"taxonomy":"post_tag","description":"","parent":0,"count":41,"filter":"raw","term_order":"0"},{"term_id":415,"name":"Volkswagen","slug":"volkswagen","term_group":0,"term_taxonomy_id":415,"taxonomy":"post_tag","description":"","parent":0,"count":1,"filter":"raw","term_order":"0"}],"_links":{"self":[{"href":"https:\/\/napoleon-armengol.com\/fr\/wp-json\/wp\/v2\/posts\/556","targetHints":{"allow":["GET"]}}],"collection":[{"href":"https:\/\/napoleon-armengol.com\/fr\/wp-json\/wp\/v2\/posts"}],"about":[{"href":"https:\/\/napoleon-armengol.com\/fr\/wp-json\/wp\/v2\/types\/post"}],"author":[{"embeddable":true,"href":"https:\/\/napoleon-armengol.com\/fr\/wp-json\/wp\/v2\/users\/1"}],"replies":[{"embeddable":true,"href":"https:\/\/napoleon-armengol.com\/fr\/wp-json\/wp\/v2\/comments?post=556"}],"version-history":[{"count":1,"href":"https:\/\/napoleon-armengol.com\/fr\/wp-json\/wp\/v2\/posts\/556\/revisions"}],"predecessor-version":[{"id":2427,"href":"https:\/\/napoleon-armengol.com\/fr\/wp-json\/wp\/v2\/posts\/556\/revisions\/2427"}],"wp:featuredmedia":[{"embeddable":true,"href":"https:\/\/napoleon-armengol.com\/fr\/wp-json\/wp\/v2\/media\/557"}],"wp:attachment":[{"href":"https:\/\/napoleon-armengol.com\/fr\/wp-json\/wp\/v2\/media?parent=556"}],"wp:term":[{"taxonomy":"category","embeddable":true,"href":"https:\/\/napoleon-armengol.com\/fr\/wp-json\/wp\/v2\/categories?post=556"},{"taxonomy":"post_tag","embeddable":true,"href":"https:\/\/napoleon-armengol.com\/fr\/wp-json\/wp\/v2\/tags?post=556"}],"curies":[{"name":"wp","href":"https:\/\/api.w.org\/{rel}","templated":true}]}}